{"id":39,"name":"Edgardo Cappiello","url":"","description":"Ingeniero Civil.\r\nEspecialista en dise\u00f1o de iluminaci\u00f3n profesional.\r\nProfesor de la Especializaci\u00f3n en Planificaci\u00f3n del Paisaje FADU-UBA.\r\nDirector del Posgrado en Dise\u00f1o de Iluminaci\u00f3n Arquitect\u00f3nica Profesional FADU-UBA.","link":"https:\/\/economiayviveros.com.ar\/portada\/author\/edgardo-cappiello\/","slug":"edgardo-cappiello","avatar_urls":{"24":"https:\/\/secure.gravatar.com\/avatar\/888ab5173ad9e7dd266eafd981d17d518d80b8d5000c31adf04217f6841ffdc2?s=24&d=mm&r=g","48":"https:\/\/secure.gravatar.com\/avatar\/888ab5173ad9e7dd266eafd981d17d518d80b8d5000c31adf04217f6841ffdc2?s=48&d=mm&r=g","96":"https:\/\/secure.gravatar.com\/avatar\/888ab5173ad9e7dd266eafd981d17d518d80b8d5000c31adf04217f6841ffdc2?s=96&d=mm&r=g"},"meta":[],"elementor_introduction":"","_links":{"self":[{"href":"https:\/\/economiayviveros.com.ar\/portada\/wp-json\/wp\/v2\/users\/39","targetHints":{"allow":["GET"]}}],"collection":[{"href":"https:\/\/economiayviveros.com.ar\/portada\/wp-json\/wp\/v2\/users"}]}}