{"id":699,"date":"2025-01-01T21:21:05","date_gmt":"2025-01-02T00:21:05","guid":{"rendered":"https:\/\/economiayviveros.com.ar\/portada\/?p=699"},"modified":"2025-03-01T18:55:43","modified_gmt":"2025-03-01T21:55:43","slug":"el-instituto-de-floricultura-cumplio-20-anos","status":"publish","type":"post","link":"https:\/\/economiayviveros.com.ar\/portada\/el-instituto-de-floricultura-cumplio-20-anos\/","title":{"rendered":"El Instituto de Floricultura cumpli\u00f3 20 a\u00f1os"},"content":{"rendered":"\t\t<div data-elementor-type=\"wp-post\" data-elementor-id=\"699\" class=\"elementor elementor-699\" data-elementor-post-type=\"post\">\n\t\t\t\t<div class=\"elementor-element elementor-element-617077e e-flex e-con-boxed e-con e-parent\" data-id=\"617077e\" data-element_type=\"container\">\n\t\t\t\t\t<div class=\"e-con-inner\">\n\t\t\t\t<div class=\"elementor-element elementor-element-650280e elementor-widget elementor-widget-image\" data-id=\"650280e\" data-element_type=\"widget\" data-widget_type=\"image.default\">\n\t\t\t\t<div class=\"elementor-widget-container\">\n\t\t\t\t\t\t\t\t\t\t\t\t<figure class=\"wp-caption\">\n\t\t\t\t\t\t\t\t\t\t<img fetchpriority=\"high\" decoding=\"async\" width=\"678\" height=\"452\" src=\"https:\/\/economiayviveros.com.ar\/portada\/wp-content\/uploads\/2025\/01\/Act.-2-INTA-5-0125-G-1.jpg\" class=\"attachment-large size-large wp-image-1180\" alt=\"\" srcset=\"https:\/\/economiayviveros.com.ar\/portada\/wp-content\/uploads\/2025\/01\/Act.-2-INTA-5-0125-G-1.jpg 800w, https:\/\/economiayviveros.com.ar\/portada\/wp-content\/uploads\/2025\/01\/Act.-2-INTA-5-0125-G-1-300x200.jpg 300w, https:\/\/economiayviveros.com.ar\/portada\/wp-content\/uploads\/2025\/01\/Act.-2-INTA-5-0125-G-1-768x512.jpg 768w\" sizes=\"(max-width: 678px) 100vw, 678px\" \/>\t\t\t\t\t\t\t\t\t\t\t<figcaption class=\"widget-image-caption wp-caption-text\">Instituto de Floricultura del INTA. Silvina Soto. Fotos: Econom\u00eda &amp; Viveros<\/figcaption>\n\t\t\t\t\t\t\t\t\t\t<\/figure>\n\t\t\t\t\t\t\t\t\t<\/div>\n\t\t\t\t<\/div>\n\t\t\t\t\t<\/div>\n\t\t\t\t<\/div>\n\t\t<div class=\"elementor-element elementor-element-5e153e77 e-flex e-con-boxed e-con e-parent\" data-id=\"5e153e77\" data-element_type=\"container\">\n\t\t\t\t\t<div class=\"e-con-inner\">\n\t\t\t\t<div class=\"elementor-element elementor-element-5e32b0ec elementor-widget elementor-widget-text-editor\" data-id=\"5e32b0ec\" data-element_type=\"widget\" data-widget_type=\"text-editor.default\">\n\t\t\t\t<div class=\"elementor-widget-container\">\n\t\t\t\t\t\t\t\t\t<figure class=\"wp-block-image size-full\">\n<p><em>Uno de nuestros mayores logros ha sido el desarrollo de variedades ornamentales nacionales, adaptadas al contexto local. G\u00e9neros como <\/em>Glandularia, Calibrachoa, Mecardonia, Nierembergia<em> y <\/em>Alstroemeria<em> han sido objeto de programas de mejoramiento gen\u00e9tico que nos han permitido obtener plantas de bajo mantenimiento, resistentes a enfermedades y con alto valor ornamental. Adem\u00e1s, hemos introducido innovaciones tecnol\u00f3gicas; por ejemplo, el uso de micropropagaci\u00f3n <\/em>in vitro <em>para garantizar la calidad y sanidad de nuestras plantas,<\/em> nos dice la Dra. Silvina Soto, directora del Instituto de Floricultura del INTA.<\/p>\n<\/figure>\n<p><!-- \/wp:paragraph --><!-- wp:paragraph --><\/p>\n<p><strong>\u00bfQu\u00e9 importancia tiene la biodiversidad en el trabajo que realiza el Instituto?<\/strong><\/p>\n<p><!-- \/wp:paragraph --><!-- wp:paragraph --><\/p>\n<p><em>Es un tema fundamental. En ese sentido, nuestro compromiso con la biodiversidad se ve reflejado en proyectos que promueven el uso sostenible de los recursos gen\u00e9ticos. Para ejemplificar, podemos decir que cumplimos con el Protocolo de Nagoya, lo que asegura una explotaci\u00f3n \u00e9tica de las especies nativas.<\/em><\/p>\n<p><!-- \/wp:paragraph --><!-- wp:paragraph --><\/p>\n<p><em>Adem\u00e1s, muchas de nuestras variedades tienen or\u00edgenes en germoplasma aut\u00f3ctono. Eso fomenta la preservaci\u00f3n de la flora local y su integraci\u00f3n en pr\u00e1cticas ornamentales modernas.<\/em><\/p>\n<p><!-- \/wp:paragraph --><!-- wp:paragraph --><\/p>\n<p><strong>Han desarrollado variedades adaptadas a condiciones espec\u00edficas. \u00bfSe podr\u00edan mencionar algunos ejemplos?<\/strong><\/p>\n<p><!-- \/wp:paragraph --><!-- wp:paragraph --><\/p>\n<p><em>S\u00ed, por supuesto, &#8220;Sorpresa Rosa INTA&#8221;, del g\u00e9nero <\/em>Handroanthus<em>, representa un gran ejemplo. Es un lapacho enano, ideal para macetas que florecen en oto\u00f1o-invierno. Est\u00e1, tambi\u00e9n, &#8220;Farolito del Monte INTA&#8221;, una <\/em>Seemannia<em> para interiores con bajos requerimientos lum\u00ednicos. Ambos combinan innovaci\u00f3n gen\u00e9tica con la b\u00fasqueda de soluciones pr\u00e1cticas para paisajismo y decoraci\u00f3n.<\/em><\/p>\n<p><!-- \/wp:paragraph --><!-- wp:paragraph --><\/p>\n<p><strong>M\u00e1s all\u00e1 de las variedades, el Instituto tambi\u00e9n trabaja en tecnolog\u00edas aplicadas. \u00bfCu\u00e1les resaltar\u00edas?<\/strong><\/p>\n<p><!-- \/wp:paragraph --><!-- wp:paragraph --><\/p>\n<p><em>Hemos implementado determinadas t\u00e9cnicas tales como los sistemas de alm\u00e1cigos flotantes, que facilitan la producci\u00f3n hidrop\u00f3nica de plantines. Y evaluamos especies nativas para techos verdes sustentables; se promueven, as\u00ed, alternativas que contribuyen a mitigar la falta de espacios urbanos verdes.<\/em><\/p>\n<p><!-- \/wp:paragraph --><!-- wp:paragraph --><\/p>\n<p><em>Asimismo, nuestra instituci\u00f3n ha sido parte de un gran equipo en el tema protocolos para desinfecci\u00f3n y reutilizaci\u00f3n de suelos, reemplazando fumigantes nocivos por soluciones sostenibles. Hoy, la Argentina cuenta con m\u00e1s de diez alternativas posibles.<\/em><\/p>\n<p><!-- \/wp:paragraph --><!-- wp:paragraph --><\/p>\n<p><strong>\u00bfQu\u00e9 servicios ofrece el Instituto al sector productivo?<\/strong><\/p>\n<p><!-- \/wp:paragraph --><!-- wp:paragraph --><\/p>\n<p><em>En servicios estrat\u00e9gicos para el sector, podemos nombrar el laboratorio de sustrato y aguas. El servicio de sanidad vegetal mediante diagn\u00f3sticos y control de enfermedades. Y el servicio de macro y micropropagaci\u00f3n para la producci\u00f3n de plantas madre, de sanidad y calidad controlada con el desarrollo de protocolos para el cultivo in vitro. Esto se complementa con la capacitaci\u00f3n de recursos humanos y la publicaci\u00f3n de manuales t\u00e9cnicos.<\/em><\/p>\n<p><!-- \/wp:paragraph --><!-- wp:paragraph --><\/p>\n<p><em>Como servicio en \u00e1reas de investigaci\u00f3n, es posible citar el de citometr\u00eda de flujo en vegetales, a trav\u00e9s del cual se brinda apoyo a planes de mejoramiento de cultivos agr\u00edcolas y a trabajos de investigaci\u00f3n en el \u00e1rea de bot\u00e1nica.<\/em><\/p>\n<p><!-- \/wp:paragraph --><!-- wp:paragraph --><\/p>\n<p><strong>La formaci\u00f3n de recursos humanos parece ser un pilar importante. \u00bfQu\u00e9 iniciativas han desarrollado en este aspecto?<\/strong><\/p>\n<p><!-- \/wp:paragraph --><!-- wp:paragraph --><\/p>\n<p><em>Hemos dictado m\u00e1s de doce cursos internacionales en colaboraci\u00f3n con la Agencia de Cooperaci\u00f3n Internacional del Jap\u00f3n y la Canciller\u00eda Argentina, en los que se formaron ciento treinta y un investigadores, de diecisiete pa\u00edses. Adem\u00e1s, apoyamos programas de grado y posgrado en Floricultura, como la Maestr\u00eda en Floricultura en la Universidad Nacional de Lomas de Zamora y la Tecnicatura en Viverismo de la Universidad Nacional de Hurlingham.<\/em><\/p>\n<p><!-- \/wp:paragraph --><!-- wp:paragraph --><\/p>\n<p><strong>\u00bfC\u00f3mo trabaja el Instituto con el sector privado y otras instituciones?<\/strong><\/p>\n<p><!-- \/wp:paragraph --><!-- wp:paragraph --><\/p>\n<p><em>Desde 2004, desarrollamos actividades con el sector privado, nacional e internacional, en forma estrat\u00e9gica, mediante convenios de vinculaci\u00f3n tecnol\u00f3gica y asistencia t\u00e9cnica, dirigidos a la realizaci\u00f3n, investigaci\u00f3n e innovaci\u00f3n.<\/em><\/p>\n<p><!-- \/wp:paragraph --><!-- wp:paragraph --><\/p>\n<p><em>A nivel nacional, la empresa Geoplant es la productora que tiene, en la actualidad, la licencia de las variedades que produce el Instituto. En el \u00e1mbito internacional, empresas tales como Sakata Seed, Panamerican Seed y J&amp;H Japan son socios clave del INTA a fin de comercializar variedades globalmente.<\/em><\/p>\n<p><!-- \/wp:paragraph --><!-- wp:paragraph --><\/p>\n<p><em>Tambi\u00e9n promovimos la creaci\u00f3n del Cl\u00faster Flor\u00edcola del AMBA y San Pedro, que, actualmente, a trav\u00e9s de la Asociaci\u00f3n Argentina de Floricultores y Viveristas, se constituye en un interlocutor fundamental del sector, respecto de organismos oficiales.<\/em><\/p>\n<p><!-- \/wp:paragraph --><!-- wp:paragraph --><\/p>\n<p><strong>Finalmente, \u00bfcu\u00e1l es la visi\u00f3n a futuro del Instituto?<\/strong><\/p>\n<p><!-- \/wp:paragraph --><!-- wp:paragraph --><\/p>\n<p><em>Queremos seguir innovando, ampliando la adopci\u00f3n de nuestras tecnolog\u00edas y variedades en la esfera internacional. Nos enfocaremos en fortalecer la sustentabilidad y fomentar la biodiversidad en el sector ornamental, posicionando a la Argentina como referente tem\u00e1tico en Latinoam\u00e9rica. Y, como referente mundial, en la gesti\u00f3n del uso de los recursos gen\u00e9ticos nativos, en el marco del Convenio sobre la Diversidad Biol\u00f3gica y el cumplimiento del Protocolo de Nagoya.<\/em><\/p>\n<p>\u00a0<\/p>\n<p><!-- \/wp:paragraph --><!-- wp:paragraph --><!-- \/wp:paragraph --><!-- wp:paragraph --><!-- \/wp:paragraph --><!-- wp:paragraph --><\/p>\n<p><span style=\"color: #ff0000;\"><strong>Celebraci\u00f3n<\/strong><\/span><\/p>\n<p><!-- \/wp:paragraph --><!-- wp:paragraph --><\/p>\n<p>El 6 de diciembre se llev\u00f3 adelante el acto en el que se celebraron los veinte a\u00f1os del Instituto de Floricultura del INTA. La conmemoraci\u00f3n comenz\u00f3 con las palabras de la directora del Instituto, la Dra. Silvina Soto, y la presentaci\u00f3n de \u201c20 a\u00f1os, 20 productos\u201d .<\/p>\n<p><!-- \/wp:paragraph --><!-- wp:paragraph --><\/p>\n<p>Sigui\u00f3 con las intervenciones de invitados especiales: Ariel Juli\u00e1n Pereda (director nacional del INTA), Tasuku Ishibashi (representante residente de la JICA, oficina en la Argentina), embajador Mateo Estr\u00e9m\u00e9 (director nacional de Cooperaci\u00f3n Internacional, Canciller\u00eda Argentina), Pablo Irie (presidente de la Asociaci\u00f3n Argentina de Floricultores y Viveristas y consejero del CIRN), Takuya Yamaji (segundo secretario Agregado Agr\u00edcola y de Cooperaci\u00f3n Econ\u00f3mica, Embajada de Jap\u00f3n), Javier Rodr\u00edguez (ministro de Desarrollo Agrario de la Provincia de Buenos Aires), Pablo M\u00e9rcuri (director del Centro de Recursos Naturales).<\/p>\n<p><!-- \/wp:paragraph --><!-- wp:paragraph --><\/p>\n<p>El acto incluy\u00f3 un reconocimiento a la trayectoria del Ing. Agr. Daniel Morisigue y al personal del Instituto de Floricultura del INTA. Continu\u00f3 con la presentaci\u00f3n del Coro del Instituto Darwinion, y, posteriormente, con la visita a las parcelas demostrativas.<\/p>\n<p><!-- \/wp:paragraph --><!-- wp:paragraph --><\/p>\n<p>Durante el delicioso refrigerio, preparado y ofrecido por los mismos integrantes del Instituto, y, como cierre de la jornada, se present\u00f3 la agrupaci\u00f3n Ryukyukoku Matsuri Daiko Argentina (grupo de tambores japoneses).<\/p>\n<p><!-- \/wp:paragraph --><\/p>\t\t\t\t\t\t\t\t<\/div>\n\t\t\t\t<\/div>\n\t\t\t\t\t<\/div>\n\t\t\t\t<\/div>\n\t\t<div class=\"elementor-element elementor-element-76e39f5 e-flex e-con-boxed e-con e-parent\" data-id=\"76e39f5\" data-element_type=\"container\">\n\t\t\t\t\t<div class=\"e-con-inner\">\n\t\t\t\t<div class=\"elementor-element elementor-element-ca66333 elementor-widget elementor-widget-text-editor\" data-id=\"ca66333\" data-element_type=\"widget\" data-widget_type=\"text-editor.default\">\n\t\t\t\t<div class=\"elementor-widget-container\">\n\t\t\t\t\t\t\t\t\t<h1><span style=\"color: #333333;\">Sobre el autor<\/span><\/h1>\t\t\t\t\t\t\t\t<\/div>\n\t\t\t\t<\/div>\n\t\t\t\t\t<\/div>\n\t\t\t\t<\/div>\n\t\t<div class=\"elementor-element elementor-element-12447a9 e-flex e-con-boxed e-con e-parent\" data-id=\"12447a9\" data-element_type=\"container\">\n\t\t\t\t\t<div class=\"e-con-inner\">\n\t\t\t\t<div class=\"elementor-element elementor-element-12d54ce elementor-author-box--link-yes elementor-author-box--avatar-yes elementor-author-box--name-yes elementor-author-box--biography-yes elementor-widget elementor-widget-author-box\" data-id=\"12d54ce\" data-element_type=\"widget\" data-widget_type=\"author-box.default\">\n\t\t\t\t<div class=\"elementor-widget-container\">\n\t\t\t\t\t\t\t<div class=\"elementor-author-box\">\n\t\t\t\t\t\t\t<a href=\"https:\/\/economiayviveros.com.ar\/portada\/author\/helena\/\" class=\"elementor-author-box__avatar\">\n\t\t\t\t\t<img decoding=\"async\" src=\"https:\/\/economiayviveros.com.ar\/portada\/wp-content\/uploads\/2024\/12\/Logo-5-hojas-300x300.png\" alt=\"Picture of Econom\u00eda &amp; Viveros\" loading=\"lazy\">\n\t\t\t\t<\/a>\n\t\t\t\n\t\t\t<div class=\"elementor-author-box__text\">\n\t\t\t\t\t\t\t\t\t<a href=\"https:\/\/economiayviveros.com.ar\/portada\/author\/helena\/\">\n\t\t\t\t\t\t<h4 class=\"elementor-author-box__name\">\n\t\t\t\t\t\t\tEconom\u00eda &amp; Viveros\t\t\t\t\t\t<\/h4>\n\t\t\t\t\t<\/a>\n\t\t\t\t\n\t\t\t\t\t\t\t\t\t<div class=\"elementor-author-box__bio\">\n\t\t\t\t\t\tDesde el 2009 brinda toda la informaci\u00f3n sobre la floricultura argentina.\r\n\r\nEdiciones mensuales.\t\t\t\t\t<\/div>\n\t\t\t\t\n\t\t\t\t\t\t\t\t\t<a class=\"elementor-author-box__button elementor-button elementor-size-xs\" href=\"https:\/\/economiayviveros.com.ar\/portada\/author\/helena\/\">\n\t\t\t\t\t\tM\u00e1s notas\t\t\t\t\t<\/a>\n\t\t\t\t\t\t\t<\/div>\n\t\t<\/div>\n\t\t\t\t\t\t<\/div>\n\t\t\t\t<\/div>\n\t\t\t\t\t<\/div>\n\t\t\t\t<\/div>\n\t\t<div class=\"elementor-element elementor-element-34feb35 e-flex e-con-boxed e-con e-parent\" data-id=\"34feb35\" data-element_type=\"container\">\n\t\t\t\t\t<div class=\"e-con-inner\">\n\t\t\t\t<div class=\"elementor-element elementor-element-6a2eb4d elementor-widget elementor-widget-text-editor\" data-id=\"6a2eb4d\" data-element_type=\"widget\" data-widget_type=\"text-editor.default\">\n\t\t\t\t<div class=\"elementor-widget-container\">\n\t\t\t\t\t\t\t\t\t<p><strong>Anuncios<\/strong><\/p>\n<p><strong><span style=\"color: #ff6600;\">Glacoxan<\/span> <\/strong>Conoce su l\u00ednea org\u00e1nica: Bio neem (insecticida y acaricida), Jab\u00f3n pot\u00e1sico (insecticida y acaricida), Savia (antiestr\u00e9s). <a href=\"https:\/\/www.glacoxan.com\/\" target=\"_blank\" rel=\"noopener\">www.glacoxan.com<\/a><\/p>\n<p><strong><span style=\"color: #ff6600;\">Cubresuelo<\/span><\/strong> F\u00e1brica de hilados y tejidos realizados en monofilamento de polietileno de alta densidad. <a href=\"https:\/\/textilkopruch.com\/\" target=\"_blank\" rel=\"noopener\">www.textilkopruch.com<\/a><\/p>\n<p><strong><span style=\"color: #ff6600;\">Importaci\u00f3n de semillas y bulbos<\/span><\/strong> Flores para maceta y de corte, arom\u00e1ticas, hortalizas. Alm\u00e1cigos, semillas, plugs y bulbos. <a href=\"https:\/\/economiayviveros.com.ar\/publicidad\/as\/index.html\" target=\"_blank\" rel=\"noopener\">Arie Sonneveldt<\/a><\/p>\n<p style=\"text-align: right;\">Anuncia aqu\u00ed<br \/><span style=\"color: #008000;\"><a style=\"color: #008000;\" href=\"mailto:revista@economiayviveros.com.ar\" target=\"_blank\" rel=\"noopener\">revista@economiayviveros.com.ar<\/a><\/span><\/p>\t\t\t\t\t\t\t\t<\/div>\n\t\t\t\t<\/div>\n\t\t\t\t\t<\/div>\n\t\t\t\t<\/div>\n\t\t\t\t<\/div>\n\t\t","protected":false},"excerpt":{"rendered":"<p>Con variedades adaptadas localmente, tecnolog\u00edas sustentables y compromiso con la biodiversidad, lidera el sector en Latinoam\u00e9rica. Entrevista a su directora, la Dra. Silvina Soto.<\/p>\n","protected":false},"author":1,"featured_media":940,"comment_status":"closed","ping_status":"open","sticky":false,"template":"","format":"standard","meta":{"iawp_total_views":1,"footnotes":""},"categories":[3,4],"tags":[],"class_list":["post-699","post","type-post","status-publish","format-standard","has-post-thumbnail","hentry","category-actualidad","category-entrevistas"],"_links":{"self":[{"href":"https:\/\/economiayviveros.com.ar\/portada\/wp-json\/wp\/v2\/posts\/699","targetHints":{"allow":["GET"]}}],"collection":[{"href":"https:\/\/economiayviveros.com.ar\/portada\/wp-json\/wp\/v2\/posts"}],"about":[{"href":"https:\/\/economiayviveros.com.ar\/portada\/wp-json\/wp\/v2\/types\/post"}],"author":[{"embeddable":true,"href":"https:\/\/economiayviveros.com.ar\/portada\/wp-json\/wp\/v2\/users\/1"}],"replies":[{"embeddable":true,"href":"https:\/\/economiayviveros.com.ar\/portada\/wp-json\/wp\/v2\/comments?post=699"}],"version-history":[{"count":36,"href":"https:\/\/economiayviveros.com.ar\/portada\/wp-json\/wp\/v2\/posts\/699\/revisions"}],"predecessor-version":[{"id":1187,"href":"https:\/\/economiayviveros.com.ar\/portada\/wp-json\/wp\/v2\/posts\/699\/revisions\/1187"}],"wp:featuredmedia":[{"embeddable":true,"href":"https:\/\/economiayviveros.com.ar\/portada\/wp-json\/wp\/v2\/media\/940"}],"wp:attachment":[{"href":"https:\/\/economiayviveros.com.ar\/portada\/wp-json\/wp\/v2\/media?parent=699"}],"wp:term":[{"taxonomy":"category","embeddable":true,"href":"https:\/\/economiayviveros.com.ar\/portada\/wp-json\/wp\/v2\/categories?post=699"},{"taxonomy":"post_tag","embeddable":true,"href":"https:\/\/economiayviveros.com.ar\/portada\/wp-json\/wp\/v2\/tags?post=699"}],"curies":[{"name":"wp","href":"https:\/\/api.w.org\/{rel}","templated":true}]}}