{"id":696,"date":"2025-01-01T21:21:19","date_gmt":"2025-01-02T00:21:19","guid":{"rendered":"https:\/\/economiayviveros.com.ar\/portada\/?p=696"},"modified":"2025-03-01T18:55:43","modified_gmt":"2025-03-01T21:55:43","slug":"que-viva-la-biodiversidad","status":"publish","type":"post","link":"https:\/\/economiayviveros.com.ar\/portada\/que-viva-la-biodiversidad\/","title":{"rendered":"Qu\u00e9 viva la biodiversidad"},"content":{"rendered":"\t\t<div data-elementor-type=\"wp-post\" data-elementor-id=\"696\" class=\"elementor elementor-696\" data-elementor-post-type=\"post\">\n\t\t\t\t<div class=\"elementor-element elementor-element-1bdcf3ee e-flex e-con-boxed e-con e-parent\" data-id=\"1bdcf3ee\" data-element_type=\"container\">\n\t\t\t\t\t<div class=\"e-con-inner\">\n\t\t\t\t<div class=\"elementor-element elementor-element-5bed288a elementor-widget elementor-widget-text-editor\" data-id=\"5bed288a\" data-element_type=\"widget\" data-widget_type=\"text-editor.default\">\n\t\t\t\t<div class=\"elementor-widget-container\">\n\t\t\t\t\t\t\t\t\t\n<figure class=\"wp-block-image size-large\"><img fetchpriority=\"high\" decoding=\"async\" width=\"1024\" height=\"683\" src=\"https:\/\/economiayviveros.com.ar\/portada\/wp-content\/uploads\/2024\/12\/Act.-4-Biodiversidad-0125-G-1024x683.jpg\" alt=\"\" class=\"wp-image-697\" srcset=\"https:\/\/economiayviveros.com.ar\/portada\/wp-content\/uploads\/2024\/12\/Act.-4-Biodiversidad-0125-G-1024x683.jpg 1024w, https:\/\/economiayviveros.com.ar\/portada\/wp-content\/uploads\/2024\/12\/Act.-4-Biodiversidad-0125-G-300x200.jpg 300w, https:\/\/economiayviveros.com.ar\/portada\/wp-content\/uploads\/2024\/12\/Act.-4-Biodiversidad-0125-G-768x512.jpg 768w, https:\/\/economiayviveros.com.ar\/portada\/wp-content\/uploads\/2024\/12\/Act.-4-Biodiversidad-0125-G.jpg 1200w\" sizes=\"(max-width: 1024px) 100vw, 1024px\" \/><figcaption class=\"wp-element-caption\">Eduardo Stafforini. Foto: gentileza de Eduardo Stafforini<\/figcaption><\/figure>\n\n\n\n<p>No podemos dudar de que uno de los grandes cambios en el mundo del paisajismo o de la jardiner\u00eda ha sido la incorporaci\u00f3n de especies novedosas para los listados de plantas de los viveros.<\/p>\n\n\n\n<p>La muy bendecida recuperaci\u00f3n de insectos, aves, flores y frutos instal\u00f3, en los nuevos proyectos p\u00fablicos y privados, una innumerable cantidad de \u201cdesconocidas\u201d, con el objetivo de alimentar y hospedar mariposas, colibr\u00edes y hasta mam\u00edferos, que se ve\u00edan amenazados y atacados por lo ex\u00f3tico.<\/p>\n\n\n\n<p>Vimos iniciado el camino con las duplas que los vinculan entre s\u00ed. Las asclepias, con las mariposas monarcas; los coronillos, con la mariposa bandera argentina; y las salvias, con los colibr\u00edes, por ejemplo. Lo maravilloso de este novedoso respeto a la vida, en su totalidad, es que ha sabido ganarse el inter\u00e9s, los corazones y las mentes de la gente.<\/p>\n\n\n\n<p>Sin duda, a\u00fan quedan temas para resolver, como la convivencia del puma con el hombre, o la del guanaco con las ovejas. En la jardiner\u00eda hay, a\u00fan, cierta dicotom\u00eda entre yuyos y plantas, que lentamente van camino a amigarse.<\/p>\n\n\n\n<p>Todos conocemos la historia de la <em>Verbena bonariensis<\/em>, que, seg\u00fan dicen, su valor ornamental fue descubierto a miles de kil\u00f3metros de la pampa h\u00fameda, donde se la combat\u00eda y combate con herbicidas. Lo mismo est\u00e1 sucediendo con la flor morada, el <em>Echium plantagineum<\/em>, ahora presente en muchos viveros de herb\u00e1ceas, pero que hace unos a\u00f1os nos permiti\u00f3, a Germ\u00e1n Roitman y a m\u00ed, divertirnos con su cosecha, siembra y, finalmente, plantaci\u00f3n en mi jard\u00edn, en el que se ha naturalizado.<\/p>\n\n\n\n<p>Siento placer en ver esto repetido en jardines y canteros. El llant\u00e9n, el diente de le\u00f3n y los macachines, yuyos hasta hace poco, gozan ahora del respeto y la admiraci\u00f3n de muchos. Pero no todo ni todos lo ven con tanta benevolencia. Creo que hay coincidencia en que la gramilla, ch\u00e9pica o gram\u00f3n (<em>Cynodon dactylon<\/em>) es una maleza dentro de un cantero y el mejor c\u00e9sped, el m\u00e1s r\u00fastico y maleable como carpeta verde. Eso se repite con algunas otras, como ciertos cardos, por ejemplo.<\/p>\n\n\n\n<p>Cuando nos corremos un poco de nuestras preferencia, obviamente, de un lado o del otro, aparecen una innumerable cantidad de especies desconocidas y otras muy conocidas, que son sistem\u00e1ticamente eliminadas sin saber qu\u00e9 comportamiento tienen.<\/p>\n\n\n\n<p>Enti\u00e9ndase que no estoy defendiendo lo indefendible, pero los invito a permitirles a esas ignotas que se expresen hasta el punto en que est\u00e9n por reproducirse.<\/p>\n\n\n\n<p>Confieso que las sorpresas favorables que he tenido al respecto me han volcado a cierta adicci\u00f3n. La verdolaga (<em>Portulaca oleracea<\/em>), sobre cuyas cualidades culinarias no hay dudas, como las tortillas en la comunidad italiana, o en la medicina antigua, tanto por los griegos como por los mayas, tienen un comportamiento magn\u00edfico, apareciendo entre las primeras espont\u00e1neas, con tallos rojizos y flores amarillas, colonizando en sustratos sumamente desfavorables para la mayor\u00eda de las plantas.<\/p>\n\n\n\n<p>La flor de papagayo (<em>Alstroemeria psittacina<\/em>), rizomatosa, que se extiende con toda generosidad en sitios con escaso o nulo asoleamiento, floreciendo, profusamente, por debajo de plantas arbustivas que perdieron su follaje de invierno, con su mezcla de colores rojos, verdes y negros. Y, as\u00ed, el listado puede ser interminable.<\/p>\n\n\n\n<p>Lo muy bueno, divertido y positivo de esto es el ejercicio de permitirles desarrollarse y ver uno tras otro los pasos que va siguiendo cada planta. Su dominancia o no, las formas que va tomando a lo largo de su evoluci\u00f3n, el momento de floraci\u00f3n en coincidencia o no, con el resto.<\/p>\n\n\n\n<p>D\u00edas pasados coincid\u00edamos con una colega, excelente paisajista, que el sorgo de Alepo (<em>Sorghum halepense<\/em>) no puede ser parte de un cantero, por el alto riesgo a que se escape del control. Sin embargo, su elegancia, cuando est\u00e1n a pleno todas sus espigas, lo hacen muy especial.<\/p>\n\n\n\n<p>En definitiva, esta es una propuesta para atrevidos, corajudos, porque hay que animarse a ello. \u00bfCu\u00e1l es el riesgo si pruebo?, ninguno. Siempre tengo la posibilidad de decidir hasta cu\u00e1ndo o qu\u00e9 momento se transform\u00f3 en algo indeseable.<\/p>\n\n\n\n<p>Lo m\u00e1gico se da cuando descubro que eso que era desconocido para m\u00ed se transforma en algo admirado.<\/p>\n\t\t\t\t\t\t\t\t<\/div>\n\t\t\t\t<\/div>\n\t\t\t\t\t<\/div>\n\t\t\t\t<\/div>\n\t\t<div class=\"elementor-element elementor-element-1a8712f e-flex e-con-boxed e-con e-parent\" data-id=\"1a8712f\" data-element_type=\"container\">\n\t\t\t\t\t<div class=\"e-con-inner\">\n\t\t\t\t<div class=\"elementor-element elementor-element-b1ca28e elementor-widget elementor-widget-text-editor\" data-id=\"b1ca28e\" data-element_type=\"widget\" data-widget_type=\"text-editor.default\">\n\t\t\t\t<div class=\"elementor-widget-container\">\n\t\t\t\t\t\t\t\t\t<h1><span style=\"color: #333333;\">Sobre el autor<\/span><\/h1>\t\t\t\t\t\t\t\t<\/div>\n\t\t\t\t<\/div>\n\t\t\t\t\t<\/div>\n\t\t\t\t<\/div>\n\t\t<div class=\"elementor-element elementor-element-600debb e-flex e-con-boxed e-con e-parent\" data-id=\"600debb\" data-element_type=\"container\">\n\t\t\t\t\t<div class=\"e-con-inner\">\n\t\t\t\t<div class=\"elementor-element elementor-element-ca15861 elementor-author-box--link-yes elementor-author-box--avatar-yes elementor-author-box--name-yes elementor-author-box--biography-yes elementor-widget elementor-widget-author-box\" data-id=\"ca15861\" data-element_type=\"widget\" data-widget_type=\"author-box.default\">\n\t\t\t\t<div class=\"elementor-widget-container\">\n\t\t\t\t\t\t\t<div class=\"elementor-author-box\">\n\t\t\t\t\t\t\t<a href=\"https:\/\/economiayviveros.com.ar\/portada\/author\/eduardo-stafforini\/\" class=\"elementor-author-box__avatar\">\n\t\t\t\t\t<img decoding=\"async\" src=\"https:\/\/economiayviveros.com.ar\/portada\/wp-content\/uploads\/2024\/12\/Eduardo-Stafforini-300x300.jpg\" alt=\"Picture of Eduardo Stafforini\" loading=\"lazy\">\n\t\t\t\t<\/a>\n\t\t\t\n\t\t\t<div class=\"elementor-author-box__text\">\n\t\t\t\t\t\t\t\t\t<a href=\"https:\/\/economiayviveros.com.ar\/portada\/author\/eduardo-stafforini\/\">\n\t\t\t\t\t\t<h4 class=\"elementor-author-box__name\">\n\t\t\t\t\t\t\tEduardo Stafforini\t\t\t\t\t\t<\/h4>\n\t\t\t\t\t<\/a>\n\t\t\t\t\n\t\t\t\t\t\t\t\t\t<div class=\"elementor-author-box__bio\">\n\t\t\t\t\t\tIngeniero agr\u00f3nomo.\r\nMP 03939 (CIAFBA).\t\t\t\t\t<\/div>\n\t\t\t\t\n\t\t\t\t\t\t\t\t\t<a class=\"elementor-author-box__button elementor-button elementor-size-xs\" href=\"https:\/\/economiayviveros.com.ar\/portada\/author\/eduardo-stafforini\/\">\n\t\t\t\t\t\tM\u00e1s notas\t\t\t\t\t<\/a>\n\t\t\t\t\t\t\t<\/div>\n\t\t<\/div>\n\t\t\t\t\t\t<\/div>\n\t\t\t\t<\/div>\n\t\t\t\t\t<\/div>\n\t\t\t\t<\/div>\n\t\t<div class=\"elementor-element elementor-element-2c0dada e-flex e-con-boxed e-con e-parent\" data-id=\"2c0dada\" data-element_type=\"container\">\n\t\t\t\t\t<div class=\"e-con-inner\">\n\t\t\t\t<div class=\"elementor-element elementor-element-d7a6ed8 elementor-widget elementor-widget-text-editor\" data-id=\"d7a6ed8\" data-element_type=\"widget\" data-widget_type=\"text-editor.default\">\n\t\t\t\t<div class=\"elementor-widget-container\">\n\t\t\t\t\t\t\t\t\t<p><strong>Anuncios<\/strong><\/p>\n<p><strong><span style=\"color: #ff6600;\">Glacoxan<\/span> <\/strong>Conoce su l\u00ednea org\u00e1nica: Bio neem (insecticida y acaricida), Jab\u00f3n pot\u00e1sico (insecticida y acaricida), Savia (antiestr\u00e9s). <a href=\"https:\/\/www.glacoxan.com\/\" target=\"_blank\" rel=\"noopener\">www.glacoxan.com<\/a><\/p>\n<p><strong><span style=\"color: #ff6600;\">Cubresuelo<\/span><\/strong> F\u00e1brica de hilados y tejidos realizados en monofilamento de polietileno de alta densidad. <a href=\"https:\/\/textilkopruch.com\/\" target=\"_blank\" rel=\"noopener\">www.textilkopruch.com<\/a><\/p>\n<p><strong><span style=\"color: #ff6600;\">Importaci\u00f3n de semillas y bulbos<\/span><\/strong> Flores para maceta y de corte, arom\u00e1ticas, hortalizas. Alm\u00e1cigos, semillas, plugs y bulbos. <a href=\"https:\/\/economiayviveros.com.ar\/publicidad\/as\/index.html\" target=\"_blank\" rel=\"noopener\">Arie Sonneveldt<\/a><\/p>\n<p style=\"text-align: right;\">Anuncia aqu\u00ed<br \/><span style=\"color: #008000;\"><a style=\"color: #008000;\" href=\"mailto:revista@economiayviveros.com.ar\" target=\"_blank\" rel=\"noopener\">revista@economiayviveros.com.ar<\/a><\/span><\/p>\t\t\t\t\t\t\t\t<\/div>\n\t\t\t\t<\/div>\n\t\t\t\t\t<\/div>\n\t\t\t\t<\/div>\n\t\t\t\t<\/div>\n\t\t","protected":false},"excerpt":{"rendered":"<p>OPINI\u00d3N  La jardiner\u00eda evoluciona con especies nativas que alimentan la biodiversidad. Malezas y plantas, antes ignoradas, ganan protagonismo en el paisajismo, promoviendo un equilibrio entre est\u00e9tica y naturaleza.<\/p>\n","protected":false},"author":5,"featured_media":697,"comment_status":"closed","ping_status":"open","sticky":false,"template":"","format":"standard","meta":{"iawp_total_views":7,"footnotes":""},"categories":[3],"tags":[],"class_list":["post-696","post","type-post","status-publish","format-standard","has-post-thumbnail","hentry","category-actualidad"],"_links":{"self":[{"href":"https:\/\/economiayviveros.com.ar\/portada\/wp-json\/wp\/v2\/posts\/696","targetHints":{"allow":["GET"]}}],"collection":[{"href":"https:\/\/economiayviveros.com.ar\/portada\/wp-json\/wp\/v2\/posts"}],"about":[{"href":"https:\/\/economiayviveros.com.ar\/portada\/wp-json\/wp\/v2\/types\/post"}],"author":[{"embeddable":true,"href":"https:\/\/economiayviveros.com.ar\/portada\/wp-json\/wp\/v2\/users\/5"}],"replies":[{"embeddable":true,"href":"https:\/\/economiayviveros.com.ar\/portada\/wp-json\/wp\/v2\/comments?post=696"}],"version-history":[{"count":24,"href":"https:\/\/economiayviveros.com.ar\/portada\/wp-json\/wp\/v2\/posts\/696\/revisions"}],"predecessor-version":[{"id":1156,"href":"https:\/\/economiayviveros.com.ar\/portada\/wp-json\/wp\/v2\/posts\/696\/revisions\/1156"}],"wp:featuredmedia":[{"embeddable":true,"href":"https:\/\/economiayviveros.com.ar\/portada\/wp-json\/wp\/v2\/media\/697"}],"wp:attachment":[{"href":"https:\/\/economiayviveros.com.ar\/portada\/wp-json\/wp\/v2\/media?parent=696"}],"wp:term":[{"taxonomy":"category","embeddable":true,"href":"https:\/\/economiayviveros.com.ar\/portada\/wp-json\/wp\/v2\/categories?post=696"},{"taxonomy":"post_tag","embeddable":true,"href":"https:\/\/economiayviveros.com.ar\/portada\/wp-json\/wp\/v2\/tags?post=696"}],"curies":[{"name":"wp","href":"https:\/\/api.w.org\/{rel}","templated":true}]}}