{"id":5774,"date":"2026-09-01T19:24:09","date_gmt":"2026-09-01T22:24:09","guid":{"rendered":"https:\/\/economiayviveros.com.ar\/portada\/?p=5774"},"modified":"2026-09-02T21:25:15","modified_gmt":"2026-09-03T00:25:15","slug":"hallaron-el-picudo-rojo-de-las-palmeras-en-entre-rios","status":"publish","type":"post","link":"https:\/\/economiayviveros.com.ar\/portada\/hallaron-el-picudo-rojo-de-las-palmeras-en-entre-rios\/","title":{"rendered":"Hallaron el Picudo Rojo de las Palmeras en Entre R\u00edos"},"content":{"rendered":"\t\t<div data-elementor-type=\"wp-post\" data-elementor-id=\"5774\" class=\"elementor elementor-5774\" data-elementor-post-type=\"post\">\n\t\t\t\t<div class=\"elementor-element elementor-element-7ee85a57 e-flex e-con-boxed e-con e-parent\" data-id=\"7ee85a57\" data-element_type=\"container\">\n\t\t\t\t\t<div class=\"e-con-inner\">\n\t\t\t\t<div class=\"elementor-element elementor-element-4d170fa8 elementor-widget elementor-widget-text-editor\" data-id=\"4d170fa8\" data-element_type=\"widget\" data-widget_type=\"text-editor.default\">\n\t\t\t\t<div class=\"elementor-widget-container\">\n\t\t\t\t\t\t\t\t\t\n<h4 class=\"wp-block-heading\">Como previ\u00f3 <em>Econom\u00eda &amp; Viveros<\/em>, esta plaga arrib\u00f3 a la parte del continente argentino en el segundo semestre de 2026. Presente en el Uruguay, la situaci\u00f3n es de extrema gravedad. Qu\u00e9 se sabe sobre este hecho.<\/h4>\n\n\n<div class=\"wp-block-image\">\n<figure class=\"aligncenter size-full\"><img fetchpriority=\"high\" decoding=\"async\" width=\"858\" height=\"572\" src=\"https:\/\/economiayviveros.com.ar\/portada\/wp-content\/uploads\/2026\/08\/Act.-1-Picudo-rojo-de-las-palmeras-0926-G.jpg\" alt=\"\" class=\"wp-image-5779\" srcset=\"https:\/\/economiayviveros.com.ar\/portada\/wp-content\/uploads\/2026\/08\/Act.-1-Picudo-rojo-de-las-palmeras-0926-G.jpg 858w, https:\/\/economiayviveros.com.ar\/portada\/wp-content\/uploads\/2026\/08\/Act.-1-Picudo-rojo-de-las-palmeras-0926-G-300x200.jpg 300w, https:\/\/economiayviveros.com.ar\/portada\/wp-content\/uploads\/2026\/08\/Act.-1-Picudo-rojo-de-las-palmeras-0926-G-768x512.jpg 768w\" sizes=\"(max-width: 858px) 100vw, 858px\" \/><figcaption class=\"wp-element-caption\">Mapa de distribuci\u00f3n del picudo rojo de las palmeras. Imagen: gentileza del SENASA<\/figcaption><\/figure>\n<\/div>\n\n\n<p class=\"wp-block-paragraph\">El Servicio Nacional de Sanidad y Calidad Agroalimentaria (SENASA) confirm\u00f3 la detecci\u00f3n del picudo rojo de las palmeras (<em>Rhynchophorus ferrugineus<\/em>) en una estancia ubicada a 7 km de Colonia El\u00eda (Entre R\u00edos). La zona es cercana, r\u00edo mediante, a la Rep\u00fablica Oriental del Uruguay, donde se encuentra presente la plaga.<\/p>\n\n\n\n<p class=\"wp-block-paragraph\">El hallazgo se produjo a partir de una comunicaci\u00f3n realizada al SENASA sobre la sospecha de la presencia del insecto en una palmera canaria (<em>Phoenix canariensis<\/em>), que presentaba s\u00edntomas compatibles con el da\u00f1o que puede causar este escarabajo.<\/p>\n\n\n\n<p class=\"wp-block-paragraph\"><strong>Erradicaci\u00f3n de la palmera y delimitaci\u00f3n del foco<\/strong><\/p>\n\n\n\n<p class=\"wp-block-paragraph\">Ante esta situaci\u00f3n, t\u00e9cnicos del Organismo sanitario tomaron las muestras y erradicaron la palmera afectada. Los ejemplares del insecto fueron analizados por el Laboratorio de Chajar\u00ed del Organismo y los resultados confirmaron la presencia de <em>Rhynchophorus ferrugineus<\/em>. A partir de la ratificaci\u00f3n se implement\u00f3 el plan de contingencia, con el objetivo de delimitar el foco y evitar la dispersi\u00f3n del picudo.<\/p>\n\n\n\n<p class=\"wp-block-paragraph\">Entre las principales acciones del plan, se destaca la intensificaci\u00f3n del monitoreo en la zona para detectar de forma temprana cualquier s\u00edntoma sospechoso de la plaga y la inmovilizaci\u00f3n del material vegetal que pudiera dispersar distintos estadios del insecto, informan desde el SENASA.<\/p>\n\n\n\n<p class=\"wp-block-paragraph\"><strong>El geoportal como faro para frenar el avance del picudo rojo<\/strong><\/p>\n\n\n\n<p class=\"wp-block-paragraph\">Una herramienta clave para impedir que esta plaga se expanda por el territorio argentino es el geoportal que el SENASA habilit\u00f3 hace unas semanas \u00bfQu\u00e9 informaci\u00f3n ofrece la plataforma?<\/p>\n\n\n\n<p class=\"wp-block-paragraph\">. Contexto global: origen, dispersi\u00f3n internacional y mapas de ubicaci\u00f3n geogr\u00e1fica.<\/p>\n\n\n\n<p class=\"wp-block-paragraph\">. Soporte t\u00e9cnico: fichas de la plaga, normativas vigentes y documentos de referencia.<\/p>\n\n\n\n<p class=\"wp-block-paragraph\">. Trabajo de campo: acciones territoriales del organismo y materiales informativos.<\/p>\n\n\n\n<p class=\"wp-block-paragraph\"><a href=\"https:\/\/geonode.senasa.gob.ar\/catalogue\/#\/geostory\/835\" target=\"_blank\" rel=\"noopener\">Acceder al Geoportal del picudo rojo de las palmeras<\/a><\/p>\n\n\n\n<p class=\"wp-block-paragraph\"><strong>Qu\u00e9 hacer ante la sospecha de presencia de la plaga<\/strong><\/p>\n\n\n\n<p class=\"wp-block-paragraph\">Ante cualquier sospecha de la presencia de este insecto en el pa\u00eds, se debe dar aviso al SENASA. La denuncia es obligatoria.<\/p>\n\n\n\n<p class=\"wp-block-paragraph\">. Correo electr\u00f3nico: <a href=\"mailto:dief@senasa.gob.ar\">dief@senasa.gob.ar<\/a><\/p>\n\n\n\n<p class=\"wp-block-paragraph\">. Tr\u00e1mite digital: <a href=\"https:\/\/www.sinavimo.gob.ar\/form\/deteccion\" target=\"_blank\" rel=\"noopener\">Formulario para la comunicaci\u00f3n de plagas ausentes en la Argentina<\/a><\/p>\n\t\t\t\t\t\t\t\t<\/div>\n\t\t\t\t<\/div>\n\t\t\t\t\t<\/div>\n\t\t\t\t<\/div>\n\t\t<div class=\"elementor-element elementor-element-4dad2db e-flex e-con-boxed e-con e-parent\" data-id=\"4dad2db\" data-element_type=\"container\">\n\t\t\t\t\t<div class=\"e-con-inner\">\n\t\t\t\t<div class=\"elementor-element elementor-element-8290e60 elementor-widget elementor-widget-text-editor\" data-id=\"8290e60\" data-element_type=\"widget\" data-widget_type=\"text-editor.default\">\n\t\t\t\t<div class=\"elementor-widget-container\">\n\t\t\t\t\t\t\t\t\t<h1><span style=\"color: #333333;\">Sobre el autor<\/span><\/h1>\t\t\t\t\t\t\t\t<\/div>\n\t\t\t\t<\/div>\n\t\t\t\t\t<\/div>\n\t\t\t\t<\/div>\n\t\t<div class=\"elementor-element elementor-element-6451282 e-flex e-con-boxed e-con e-parent\" data-id=\"6451282\" data-element_type=\"container\">\n\t\t\t\t\t<div class=\"e-con-inner\">\n\t\t\t\t<div class=\"elementor-element elementor-element-e54c8b9 elementor-author-box--link-yes elementor-author-box--avatar-yes elementor-author-box--name-yes elementor-author-box--biography-yes elementor-widget elementor-widget-author-box\" data-id=\"e54c8b9\" data-element_type=\"widget\" data-widget_type=\"author-box.default\">\n\t\t\t\t<div class=\"elementor-widget-container\">\n\t\t\t\t\t\t\t<div class=\"elementor-author-box\">\n\t\t\t\t\t\t\t<a href=\"https:\/\/economiayviveros.com.ar\/portada\/author\/helena\/\" class=\"elementor-author-box__avatar\">\n\t\t\t\t\t<img decoding=\"async\" src=\"https:\/\/economiayviveros.com.ar\/portada\/wp-content\/uploads\/2024\/12\/Logo-5-hojas-300x300.png\" alt=\"Picture of Econom\u00eda &amp; Viveros\" loading=\"lazy\">\n\t\t\t\t<\/a>\n\t\t\t\n\t\t\t<div class=\"elementor-author-box__text\">\n\t\t\t\t\t\t\t\t\t<a href=\"https:\/\/economiayviveros.com.ar\/portada\/author\/helena\/\">\n\t\t\t\t\t\t<h4 class=\"elementor-author-box__name\">\n\t\t\t\t\t\t\tEconom\u00eda &amp; Viveros\t\t\t\t\t\t<\/h4>\n\t\t\t\t\t<\/a>\n\t\t\t\t\n\t\t\t\t\t\t\t\t\t<div class=\"elementor-author-box__bio\">\n\t\t\t\t\t\tDesde el 2009 brinda toda la informaci\u00f3n sobre la floricultura argentina.\r\n\r\nEdiciones mensuales.\t\t\t\t\t<\/div>\n\t\t\t\t\n\t\t\t\t\t\t\t\t\t<a class=\"elementor-author-box__button elementor-button elementor-size-xs\" href=\"https:\/\/economiayviveros.com.ar\/portada\/author\/helena\/\">\n\t\t\t\t\t\tM\u00e1s notas\t\t\t\t\t<\/a>\n\t\t\t\t\t\t\t<\/div>\n\t\t<\/div>\n\t\t\t\t\t\t<\/div>\n\t\t\t\t<\/div>\n\t\t\t\t\t<\/div>\n\t\t\t\t<\/div>\n\t\t\t\t<\/div>\n\t\t","protected":false},"excerpt":{"rendered":"<p>Como previ\u00f3 Econom\u00eda &#038; Viveros, esta plaga arrib\u00f3 a la parte del continente argentino en el segundo semestre de 2026. Presente en el Uruguay, la situaci\u00f3n es de extrema gravedad. Qu\u00e9 se sabe sobre este hecho.<\/p>\n","protected":false},"author":1,"featured_media":5779,"comment_status":"closed","ping_status":"open","sticky":false,"template":"","format":"standard","meta":{"iawp_total_views":0,"footnotes":""},"categories":[3],"tags":[],"class_list":["post-5774","post","type-post","status-publish","format-standard","has-post-thumbnail","hentry","category-actualidad"],"_links":{"self":[{"href":"https:\/\/economiayviveros.com.ar\/portada\/wp-json\/wp\/v2\/posts\/5774","targetHints":{"allow":["GET"]}}],"collection":[{"href":"https:\/\/economiayviveros.com.ar\/portada\/wp-json\/wp\/v2\/posts"}],"about":[{"href":"https:\/\/economiayviveros.com.ar\/portada\/wp-json\/wp\/v2\/types\/post"}],"author":[{"embeddable":true,"href":"https:\/\/economiayviveros.com.ar\/portada\/wp-json\/wp\/v2\/users\/1"}],"replies":[{"embeddable":true,"href":"https:\/\/economiayviveros.com.ar\/portada\/wp-json\/wp\/v2\/comments?post=5774"}],"version-history":[{"count":4,"href":"https:\/\/economiayviveros.com.ar\/portada\/wp-json\/wp\/v2\/posts\/5774\/revisions"}],"predecessor-version":[{"id":5801,"href":"https:\/\/economiayviveros.com.ar\/portada\/wp-json\/wp\/v2\/posts\/5774\/revisions\/5801"}],"wp:featuredmedia":[{"embeddable":true,"href":"https:\/\/economiayviveros.com.ar\/portada\/wp-json\/wp\/v2\/media\/5779"}],"wp:attachment":[{"href":"https:\/\/economiayviveros.com.ar\/portada\/wp-json\/wp\/v2\/media?parent=5774"}],"wp:term":[{"taxonomy":"category","embeddable":true,"href":"https:\/\/economiayviveros.com.ar\/portada\/wp-json\/wp\/v2\/categories?post=5774"},{"taxonomy":"post_tag","embeddable":true,"href":"https:\/\/economiayviveros.com.ar\/portada\/wp-json\/wp\/v2\/tags?post=5774"}],"curies":[{"name":"wp","href":"https:\/\/api.w.org\/{rel}","templated":true}]}}