{"id":5773,"date":"2026-09-01T19:15:22","date_gmt":"2026-09-01T22:15:22","guid":{"rendered":"https:\/\/economiayviveros.com.ar\/portada\/?p=5773"},"modified":"2026-09-02T21:25:25","modified_gmt":"2026-09-03T00:25:25","slug":"comienza-en-buenos-aires-un-nuevo-relevamiento-del-sector-floricola","status":"publish","type":"post","link":"https:\/\/economiayviveros.com.ar\/portada\/comienza-en-buenos-aires-un-nuevo-relevamiento-del-sector-floricola\/","title":{"rendered":"Comienza en Buenos Aires un nuevo relevamiento del sector flor\u00edcola"},"content":{"rendered":"\t\t<div data-elementor-type=\"wp-post\" data-elementor-id=\"5773\" class=\"elementor elementor-5773\" data-elementor-post-type=\"post\">\n\t\t\t\t<div class=\"elementor-element elementor-element-2f74d3ff e-flex e-con-boxed e-con e-parent\" data-id=\"2f74d3ff\" data-element_type=\"container\">\n\t\t\t\t\t<div class=\"e-con-inner\">\n\t\t\t\t<div class=\"elementor-element elementor-element-5d11567b elementor-widget elementor-widget-text-editor\" data-id=\"5d11567b\" data-element_type=\"widget\" data-widget_type=\"text-editor.default\">\n\t\t\t\t<div class=\"elementor-widget-container\">\n\t\t\t\t\t\t\t\t\t\n<h4 class=\"wp-block-heading\">Despu\u00e9s de veinti\u00fan a\u00f1os, el Estado Provincial lanz\u00f3 un operativo de dos meses y 147 censistas para conocer en detalle la realidad del sector florihort\u00edcola. Todo lo que debes saber antes de ser censado.<\/h4>\n\n\n<div class=\"wp-block-image\">\n<figure class=\"aligncenter size-full\"><img fetchpriority=\"high\" decoding=\"async\" width=\"704\" height=\"235\" src=\"https:\/\/economiayviveros.com.ar\/portada\/wp-content\/uploads\/2026\/08\/Act.-2-Censo-H-0926-G.jpg\" alt=\"\" class=\"wp-image-5776\" srcset=\"https:\/\/economiayviveros.com.ar\/portada\/wp-content\/uploads\/2026\/08\/Act.-2-Censo-H-0926-G.jpg 704w, https:\/\/economiayviveros.com.ar\/portada\/wp-content\/uploads\/2026\/08\/Act.-2-Censo-H-0926-G-300x100.jpg 300w\" sizes=\"(max-width: 704px) 100vw, 704px\" \/><\/figure>\n<\/div>\n\n\n<p class=\"wp-block-paragraph\">La provincia de Buenos Aires llevar\u00e1 a cabo, entre el 1 de septiembre y el 30 de octubre de 2026, el Censo Hortiflor\u00edcola. Impulsado por el Ministerio de Desarrollo Agrario y el Ministerio de Econom\u00eda, dicho relevamiento, de alcance provincial, constituye el primer operativo realizado desde 2005.<\/p>\n\n\n\n<p class=\"wp-block-paragraph\">El anuncio oficial estuvo a cargo del ministro de Desarrollo Agrario, Javier Rodr\u00edguez, y de su par de Econom\u00eda, Pablo L\u00f3pez.<\/p>\n\n\n\n<p class=\"wp-block-paragraph\"><strong>Objetivos y estructura del Censo Hortiflor\u00edcola<\/strong><\/p>\n\n\n\n<p class=\"wp-block-paragraph\">El prop\u00f3sito central de esta iniciativa es actualizar la informaci\u00f3n estad\u00edstica del sector hort\u00edcola y flor\u00edcola. De este modo, se busca conocer con precisi\u00f3n la cantidad de productores, su ubicaci\u00f3n geogr\u00e1fica, especies cultivadas y en qu\u00e9 condiciones socioecon\u00f3micas desarrollan la actividad. Asimismo, se recopilar\u00e1n datos fundamentales sobre los canales de comercializaci\u00f3n vigentes.<\/p>\n\n\n\n<p class=\"wp-block-paragraph\">Al respecto, el ministro Javier Rodr\u00edguez destac\u00f3: <em>La provincia de Buenos Aires es la que cuenta con el mayor n\u00famero de productores hort\u00edcolas y flor\u00edcolas del pa\u00eds<\/em>. <em>Por esta raz\u00f3n, la participaci\u00f3n de cada sector ser\u00e1 fundamental para dise\u00f1ar pol\u00edticas p\u00fablicas, programas y herramientas que fortalezcan el desarrollo de la actividad regional.<\/em><\/p>\n\n\n\n<p class=\"wp-block-paragraph\">&#8211; <strong>Estructura<\/strong><\/p>\n\n\n\n<p class=\"wp-block-paragraph\">Para garantizar la eficiencia del operativo, el territorio bonaerense se dividir\u00e1 en cinco zonas: Noroeste, Centro, AMBA, Este y Sur. Estas regiones, a la vez, se subdividir\u00e1n en 147 segmentos censales.<\/p>\n\n\n\n<p class=\"wp-block-paragraph\">La estructura operativa estar\u00e1 conformada por los siguientes funcionarios: un coordinador t\u00e9cnico, una coordinadora interinstitucional, una coordinadora administrativa, cinco jefes zonales, dos capacitadores, tres analistas, un especialista en sistemas de informaci\u00f3n geogr\u00e1fica, 26 supervisores, 147 censistas.<\/p>\n\n\n\n<p class=\"wp-block-paragraph\">Las entrevistas ser\u00e1n presenciales mediante el uso de un dispositivo m\u00f3vil de captura de datos. Los censistas dispondr\u00e1n de cartograf\u00eda digitalizada y, al finalizar la entrevista, entregar\u00e1n a los productores un certificado de cumplimiento censal.<\/p>\n\n\n\n<p class=\"wp-block-paragraph\"><strong>Requisitos para los productores y confidencialidad de los datos<\/strong><\/p>\n\n\n\n<p class=\"wp-block-paragraph\">La unidad de an\u00e1lisis del relevamiento ser\u00e1n las Explotaciones Hortiflor\u00edcolas (EHF), definidas como <em>aquellas dedicadas a la obtenci\u00f3n de productos hort\u00edcolas o flor\u00edcolas destinados al mercado<\/em>.<\/p>\n\n\n\n<p class=\"wp-block-paragraph\">Para que se considere que un establecimiento constituye una EHF, debe cumplir simult\u00e1neamente tres condiciones:<\/p>\n\n\n\n<p class=\"wp-block-paragraph\">. Superficie m\u00ednima: contar con, al menos, 500 metros cuadrados (0,05 hect\u00e1reas) de producci\u00f3n en territorio bonaerense, destinada total o parcialmente a la venta.<\/p>\n\n\n\n<p class=\"wp-block-paragraph\">. Gesti\u00f3n empresarial: poseer una direcci\u00f3n que asuma los riesgos econ\u00f3micos y la gesti\u00f3n integral de la actividad.<\/p>\n\n\n\n<p class=\"wp-block-paragraph\">. Uso compartido de recursos: utilizar mano de obra o recursos productivos duraderos de manera com\u00fan entre sus parcelas.<\/p>\n\n\n\n<p class=\"wp-block-paragraph\">&#8211; <strong>Confidencialidad<\/strong><\/p>\n\n\n\n<p class=\"wp-block-paragraph\">En cumplimiento con la Ley Provincial N.\u00ba 14.998, que designa a la Direcci\u00f3n Provincial de Estad\u00edstica como \u00f3rgano rector, el suministro de la informaci\u00f3n es obligatorio y tiene car\u00e1cter de declaraci\u00f3n jurada.<\/p>\n\n\n\n<p class=\"wp-block-paragraph\">No obstante, el marco legal garantiza el secreto estad\u00edstico de forma estricta. Toda la informaci\u00f3n recopilada ser\u00e1 confidencial y se procesar\u00e1, exclusivamente, de manera agregada, lo que impide la identificaci\u00f3n directa o indirecta de los informantes.<\/p>\n\t\t\t\t\t\t\t\t<\/div>\n\t\t\t\t<\/div>\n\t\t\t\t\t<\/div>\n\t\t\t\t<\/div>\n\t\t<div class=\"elementor-element elementor-element-6372dbf e-flex e-con-boxed e-con e-parent\" data-id=\"6372dbf\" data-element_type=\"container\">\n\t\t\t\t\t<div class=\"e-con-inner\">\n\t\t\t\t<div class=\"elementor-element elementor-element-263f2d3 elementor-widget elementor-widget-text-editor\" data-id=\"263f2d3\" data-element_type=\"widget\" data-widget_type=\"text-editor.default\">\n\t\t\t\t<div class=\"elementor-widget-container\">\n\t\t\t\t\t\t\t\t\t<h1><span style=\"color: #333333;\">Sobre el autor<\/span><\/h1>\t\t\t\t\t\t\t\t<\/div>\n\t\t\t\t<\/div>\n\t\t\t\t\t<\/div>\n\t\t\t\t<\/div>\n\t\t<div class=\"elementor-element elementor-element-42709a5 e-flex e-con-boxed e-con e-parent\" data-id=\"42709a5\" data-element_type=\"container\">\n\t\t\t\t\t<div class=\"e-con-inner\">\n\t\t\t\t<div class=\"elementor-element elementor-element-4f1b025 elementor-author-box--link-yes elementor-author-box--avatar-yes elementor-author-box--name-yes elementor-author-box--biography-yes elementor-widget elementor-widget-author-box\" data-id=\"4f1b025\" data-element_type=\"widget\" data-widget_type=\"author-box.default\">\n\t\t\t\t<div class=\"elementor-widget-container\">\n\t\t\t\t\t\t\t<div class=\"elementor-author-box\">\n\t\t\t\t\t\t\t<a href=\"https:\/\/economiayviveros.com.ar\/portada\/author\/helena\/\" class=\"elementor-author-box__avatar\">\n\t\t\t\t\t<img decoding=\"async\" src=\"https:\/\/economiayviveros.com.ar\/portada\/wp-content\/uploads\/2024\/12\/Logo-5-hojas-300x300.png\" alt=\"Picture of Econom\u00eda &amp; Viveros\" loading=\"lazy\">\n\t\t\t\t<\/a>\n\t\t\t\n\t\t\t<div class=\"elementor-author-box__text\">\n\t\t\t\t\t\t\t\t\t<a href=\"https:\/\/economiayviveros.com.ar\/portada\/author\/helena\/\">\n\t\t\t\t\t\t<h4 class=\"elementor-author-box__name\">\n\t\t\t\t\t\t\tEconom\u00eda &amp; Viveros\t\t\t\t\t\t<\/h4>\n\t\t\t\t\t<\/a>\n\t\t\t\t\n\t\t\t\t\t\t\t\t\t<div class=\"elementor-author-box__bio\">\n\t\t\t\t\t\tDesde el 2009 brinda toda la informaci\u00f3n sobre la floricultura argentina.\r\n\r\nEdiciones mensuales.\t\t\t\t\t<\/div>\n\t\t\t\t\n\t\t\t\t\t\t\t\t\t<a class=\"elementor-author-box__button elementor-button elementor-size-xs\" href=\"https:\/\/economiayviveros.com.ar\/portada\/author\/helena\/\">\n\t\t\t\t\t\tM\u00e1s notas\t\t\t\t\t<\/a>\n\t\t\t\t\t\t\t<\/div>\n\t\t<\/div>\n\t\t\t\t\t\t<\/div>\n\t\t\t\t<\/div>\n\t\t\t\t\t<\/div>\n\t\t\t\t<\/div>\n\t\t\t\t<\/div>\n\t\t","protected":false},"excerpt":{"rendered":"<p>Despu\u00e9s de veinti\u00fan a\u00f1os, el Estado Provincial lanz\u00f3 un operativo de dos meses y 147 censistas para conocer en detalle la realidad del sector florihort\u00edcola. Todo lo que debes saber antes de ser censado.<\/p>\n","protected":false},"author":1,"featured_media":5777,"comment_status":"closed","ping_status":"open","sticky":false,"template":"","format":"standard","meta":{"iawp_total_views":4,"footnotes":""},"categories":[3],"tags":[],"class_list":["post-5773","post","type-post","status-publish","format-standard","has-post-thumbnail","hentry","category-actualidad"],"_links":{"self":[{"href":"https:\/\/economiayviveros.com.ar\/portada\/wp-json\/wp\/v2\/posts\/5773","targetHints":{"allow":["GET"]}}],"collection":[{"href":"https:\/\/economiayviveros.com.ar\/portada\/wp-json\/wp\/v2\/posts"}],"about":[{"href":"https:\/\/economiayviveros.com.ar\/portada\/wp-json\/wp\/v2\/types\/post"}],"author":[{"embeddable":true,"href":"https:\/\/economiayviveros.com.ar\/portada\/wp-json\/wp\/v2\/users\/1"}],"replies":[{"embeddable":true,"href":"https:\/\/economiayviveros.com.ar\/portada\/wp-json\/wp\/v2\/comments?post=5773"}],"version-history":[{"count":4,"href":"https:\/\/economiayviveros.com.ar\/portada\/wp-json\/wp\/v2\/posts\/5773\/revisions"}],"predecessor-version":[{"id":5806,"href":"https:\/\/economiayviveros.com.ar\/portada\/wp-json\/wp\/v2\/posts\/5773\/revisions\/5806"}],"wp:featuredmedia":[{"embeddable":true,"href":"https:\/\/economiayviveros.com.ar\/portada\/wp-json\/wp\/v2\/media\/5777"}],"wp:attachment":[{"href":"https:\/\/economiayviveros.com.ar\/portada\/wp-json\/wp\/v2\/media?parent=5773"}],"wp:term":[{"taxonomy":"category","embeddable":true,"href":"https:\/\/economiayviveros.com.ar\/portada\/wp-json\/wp\/v2\/categories?post=5773"},{"taxonomy":"post_tag","embeddable":true,"href":"https:\/\/economiayviveros.com.ar\/portada\/wp-json\/wp\/v2\/tags?post=5773"}],"curies":[{"name":"wp","href":"https:\/\/api.w.org\/{rel}","templated":true}]}}