{"id":5761,"date":"2026-09-01T19:06:04","date_gmt":"2026-09-01T22:06:04","guid":{"rendered":"https:\/\/economiayviveros.com.ar\/portada\/?p=5761"},"modified":"2026-09-02T21:25:40","modified_gmt":"2026-09-03T00:25:40","slug":"propuestas-de-vii-congreso-nacional-de-arboricultura","status":"publish","type":"post","link":"https:\/\/economiayviveros.com.ar\/portada\/propuestas-de-vii-congreso-nacional-de-arboricultura\/","title":{"rendered":"Propuestas del VII Congreso Nacional de Arboricultura"},"content":{"rendered":"\t\t<div data-elementor-type=\"wp-post\" data-elementor-id=\"5761\" class=\"elementor elementor-5761\" data-elementor-post-type=\"post\">\n\t\t\t\t<div class=\"elementor-element elementor-element-684866b1 e-flex e-con-boxed e-con e-parent\" data-id=\"684866b1\" data-element_type=\"container\">\n\t\t\t\t\t<div class=\"e-con-inner\">\n\t\t\t\t<div class=\"elementor-element elementor-element-5fb9c27c elementor-widget elementor-widget-text-editor\" data-id=\"5fb9c27c\" data-element_type=\"widget\" data-widget_type=\"text-editor.default\">\n\t\t\t\t<div class=\"elementor-widget-container\">\n\t\t\t\t\t\t\t\t\t\n<h4 class=\"wp-block-heading\">Se realizar\u00e1 del 8 al 10 de octubre en Misiones. Conferencistas internacionales y la oportunidad de rendir un examen y obtener la Certificaci\u00f3n ISA de Certified Arborist y Tree Climber. Habla la presidenta de la Asociaci\u00f3n Civil de Arboricultura, Elena Craig.<\/h4>\n\n\n\n<figure class=\"wp-block-image size-full\"><img fetchpriority=\"high\" decoding=\"async\" width=\"1024\" height=\"341\" src=\"https:\/\/economiayviveros.com.ar\/portada\/wp-content\/uploads\/2026\/08\/Act.-3-Congreso-0926-G.jpg\" alt=\"\" class=\"wp-image-5764\" srcset=\"https:\/\/economiayviveros.com.ar\/portada\/wp-content\/uploads\/2026\/08\/Act.-3-Congreso-0926-G.jpg 1024w, https:\/\/economiayviveros.com.ar\/portada\/wp-content\/uploads\/2026\/08\/Act.-3-Congreso-0926-G-300x100.jpg 300w, https:\/\/economiayviveros.com.ar\/portada\/wp-content\/uploads\/2026\/08\/Act.-3-Congreso-0926-G-766x255.jpg 766w\" sizes=\"(max-width: 1024px) 100vw, 1024px\" \/><\/figure>\n\n\n\n<p class=\"wp-block-paragraph\">La Asociaci\u00f3n Civil de Arboricultura (tambi\u00e9n conocida como ANA -Asociaci\u00f3n Nacional de Arboricultura-) presenta su <a href=\"https:\/\/viicongresonacionalarboricultura.com.ar\/\" target=\"_blank\" rel=\"noopener\">VII Congreso Nacional de Arboricultura<\/a>: del 8 al 10 de octubre, en Posadas (Misiones).<\/p>\n\n\n\n<p class=\"wp-block-paragraph\">La Asociaci\u00f3n, fundada en 2019 -se organiza a partir de los antecedentes de la ASOAR (1999)-, tiene como objetivo proteger y fomentar la plantaci\u00f3n de \u00e1rboles y el bosque urbano. Destaca los beneficios ecosist\u00e9micos que estas plantas ofrecen.<\/p>\n\n\n\n<p class=\"wp-block-paragraph\"><em>Asimismo, nuestra instituci\u00f3n se ocupa de investigar, difundir y aplicar conocimientos y tecnolog\u00edas apropiadas<\/em>, explica la Ing. Agr. Dra. Elena Craig, nueva presidenta de la ANA.<\/p>\n\n\n\n<p class=\"wp-block-paragraph\"><strong>Cu\u00e9ntanos c\u00f3mo surgen estos congresos.<\/strong><\/p>\n\n\n\n<p class=\"wp-block-paragraph\"><em>Los Congresos Nacionales de Arboricultura y Bosques Urbanos son el instrumento por el cual la Asociaci\u00f3n Nacional de Arboricultura, junto con las universidades, convoca a los cient\u00edficos, t\u00e9cnicos, estudiantes, cultivadores, gestores municipales y provinciales, tomadores de decisi\u00f3n y empresarios del pa\u00eds relacionados con la disciplina a exponer y discutir sus experiencias y avances en un \u00e1mbito cient\u00edfico.<\/em><\/p>\n\n\n\n<p class=\"wp-block-paragraph\"><strong>\u00bfQu\u00e9 se podr\u00e1 ver en esta edici\u00f3n?<\/strong><\/p>\n\n\n\n<p class=\"wp-block-paragraph\"><em>En este Congreso se abordar\u00e1n tres ejes tem\u00e1ticos de gran importancia:<\/em><\/p>\n\n\n\n<p class=\"wp-block-paragraph\"><em>&#8211; Bosques urbanos como actores fundamentales de la regulaci\u00f3n clim\u00e1tica.<\/em><\/p>\n\n\n\n<p class=\"wp-block-paragraph\"><em>&#8211; Ciencia, innovaci\u00f3n y pr\u00e1cticas en arboricultura y bosques urbanos.<\/em><\/p>\n\n\n\n<p class=\"wp-block-paragraph\"><em>&#8211; Gobernanza y pol\u00edticas relacionadas con el bosque urbano, dimensi\u00f3n social y econ\u00f3mica.<\/em><\/p>\n\n\n\n<p class=\"wp-block-paragraph\"><em>Para disertar sobre estas tem\u00e1ticas, se contar\u00e1 con reconocidos especialistas de nuestro pa\u00eds y conferencistas del exterior. Adem\u00e1s de ofrecer actividades simult\u00e1neas como talleres y muestras comerciales.<\/em><\/p>\n\n\n\n<p class=\"wp-block-paragraph\"><strong>\u00bfQui\u00e9nes son los conferencistas internacionales y sobre qu\u00e9 hablar\u00e1n?<\/strong><\/p>\n\n\n\n<p class=\"wp-block-paragraph\"><em>La propuesta internacional est\u00e1 planteada de la siguiente forma:<\/em><\/p>\n\n\n\n<p class=\"wp-block-paragraph\"><em>&#8211; El Plan Nacional de Bosques Urbanos en Brasil: la interfaz entre Ciencia, Pol\u00edtica y Sociedad, por el Dr. Mauricio Lamano Ferreira (Brasil).<\/em><\/p>\n\n\n\n<p class=\"wp-block-paragraph\"><em>&#8211; Picudo Rojo: Acciones para evitar su ingreso al palmar de Butia, por el Dr. Juan Pablo Burla (Uruguay).<\/em><\/p>\n\n\n\n<p class=\"wp-block-paragraph\"><em>&#8211; Del papel a la norma: la gobernanza del bosque urbano en Europa y perspectivas de debate global, por la Dra. Ana Macias Palomo (Espa\u00f1a).<\/em><\/p>\n\n\n\n<p class=\"wp-block-paragraph\"><em>&#8211; Uso de f\u00f3rmulas para determinar el valor monetario del \u00e1rbol urbano, por el Dr. Mauricio Ponce Donoso (Chile).<\/em><\/p>\n\n\n\n<p class=\"wp-block-paragraph\"><em>&#8211; Experiencias en el uso de nuevas tecnolog\u00edas para la gesti\u00f3n del bosque urbano de Bogot\u00e1, por el Ing.<\/em> <em>Germ\u00e1n Tovar Corzo (Colombia).<\/em><\/p>\n\n\n\n<p class=\"wp-block-paragraph\"><em>&#8211; Programa Tree Cities of the World, por la Lic.<\/em> <em>Laura Santamar\u00eda (M\u00e9xico).<\/em><\/p>\n\n\n\n<p class=\"wp-block-paragraph\"><em>La conferencia nacional tratar\u00e1 sobre A<\/em><em>plicaci\u00f3n del M\u00e9todo Archi en la poda de los \u00e1rboles urbanos, que dar\u00e9 con el Ing. Agr. Carlos Anaya.<\/em><\/p>\n\n\n\n<p class=\"wp-block-paragraph\"><em>Adem\u00e1s, tendremos mesas de debate con expertos en el tema:<\/em><\/p>\n\n\n\n<p class=\"wp-block-paragraph\"><em>&#8211; Soluciones Basadas en la Naturaleza y la adaptaci\u00f3n al cambio clim\u00e1tico: Planificaci\u00f3n y contingencia de nuestros bosques urbanos.<\/em><\/p>\n\n\n\n<p class=\"wp-block-paragraph\"><em>&#8211; Experiencias en el uso de nuevas tecnolog\u00edas para la gesti\u00f3n del bosque urbano en la Argentina.<\/em><\/p>\n\n\n\n<p class=\"wp-block-paragraph\"><em>&#8211; Rol de las ONGs en la Gesti\u00f3n de los Bosques Urbanos.<\/em><\/p>\n\n\n\n<p class=\"wp-block-paragraph\"><em>Se realizar\u00e1n eventos paralelos de Taller de Trabajo en \u00c1rboles (Asociaci\u00f3n Civil Argentina de Trabajadores Arboristas con Acceso a Cuerdas), Curso de Riesgo en Arbolado Urbano (Dr. Mauricio Ponce Donoso), Curso de Poda en \u00c1rboles Urbanos (Ing. Carlos Anaya), entre otros. Estas actividades acreditaran CEUS (cr\u00e9ditos) para quienes sean certificados por la ISA.<\/em><\/p>\n\n\n\n<ul class=\"wp-block-list\">\n<li><strong>Certificaci\u00f3n ISA<\/strong> <\/li>\n<\/ul>\n\n\n\n<p class=\"wp-block-paragraph\">Adem\u00e1s, en dicho Congreso, se rendir\u00e1 el examen de Certificaci\u00f3n ISA (International Society of Arboriculture) de Certified Arborist y Tree Climber.<\/p>\n\n\n\n<p class=\"wp-block-paragraph\">Para la inscripci\u00f3n al examen ISA, los interesados pueden escribir a la siguiente direcci\u00f3n: <a href=\"mailto:arboles.asociacionnacional@gmail.com\">arboles.asociacionnacional@gmail.com<\/a>&nbsp;&nbsp;<\/p>\n\n\n<div class=\"wp-block-image\">\n<figure class=\"aligncenter size-full\"><img decoding=\"async\" width=\"1199\" height=\"800\" src=\"https:\/\/economiayviveros.com.ar\/portada\/wp-content\/uploads\/2026\/08\/Act.-3-Congreso-2-0926-G.jpg\" alt=\"\" class=\"wp-image-5770\" srcset=\"https:\/\/economiayviveros.com.ar\/portada\/wp-content\/uploads\/2026\/08\/Act.-3-Congreso-2-0926-G.jpg 1199w, https:\/\/economiayviveros.com.ar\/portada\/wp-content\/uploads\/2026\/08\/Act.-3-Congreso-2-0926-G-300x200.jpg 300w, https:\/\/economiayviveros.com.ar\/portada\/wp-content\/uploads\/2026\/08\/Act.-3-Congreso-2-0926-G-767x512.jpg 767w\" sizes=\"(max-width: 1199px) 100vw, 1199px\" \/><figcaption class=\"wp-element-caption\">Elena Craig. Foto: gentileza de la ACA<\/figcaption><\/figure>\n<\/div>\n\n\n<p class=\"wp-block-paragraph\"><\/p>\n\n\n\n<h2 class=\"wp-block-heading\">Situaci\u00f3n actual de la arboricultura en la Argentina<\/h2>\n\n\n\n<p class=\"wp-block-paragraph\"><strong>Profesionalizaci\u00f3n y enfoque ecosist\u00e9mico<\/strong><\/p>\n\n\n\n<p class=\"wp-block-paragraph\">La arboricultura urbana en la Argentina enfrenta un d\u00e9ficit de especialistas capacitados frente a un cambio de paradigma sectorial, explica Craig. La gesti\u00f3n tradicional del \u00e1rbol individual mut\u00f3 hacia una mirada ecosist\u00e9mica integral, que prioriza el impacto del bosque urbano en la biodiversidad, la salud p\u00fablica y el bienestar social. Por lo tanto, la interdisciplina en la gesti\u00f3n de los bosques urbanos es necesaria. Asimismo, es importante enfatizar que el tema debe ser analizado en sus distintas escalas, desde el \u00e1rbol como individuo hasta lograr una mirada integral del ecosistema urbano.<\/p>\n\n\n\n<p class=\"wp-block-paragraph\"><strong>Est\u00e1ndares de calidad en los viveros<\/strong><\/p>\n\n\n\n<p class=\"wp-block-paragraph\">El suministro de \u00e1rboles para arbolado p\u00fablico debe abandonar la exigencia comercial de copas preformadas con m\u00faltiples ejes. El mercado a nivel mundial requiere ejemplares de eje \u00fanico visible, que desarrollen su copa de forma progresiva y natural, lo que garantiza inserciones sanas y previene el ingreso de fitopat\u00f3genos.<\/p>\n\n\n\n<p class=\"wp-block-paragraph\"><strong>Nuevo paradigma de poda<\/strong><\/p>\n\n\n\n<p class=\"wp-block-paragraph\">El mantenimiento eficiente exige desmitificar la poda anual obligatoria. Seg\u00fan la experta, solo se debe intervenir ante una necesidad t\u00e9cnica justificada. La poda es absolutamente invasiva para el \u00e1rbol y disminuye su esperanza de vida de manera dr\u00e1stica, adem\u00e1s de generar brotaciones mal insertas, ingreso de enfermedades y le\u00f1o debilitado por pudrici\u00f3n y plagas.<\/p>\n\n\n\n<p class=\"wp-block-paragraph\">Esto se contradice con el \u00e1rbol que se necesita en las ciudades. <em>Tenemos que superar la mirada puramente utilitaria que se tiene de este, para priorizar la integralidad y los servicios ecosist\u00e9micos; sobre todo, ante un contexto de cambio clim\u00e1tico y de eventos clim\u00e1ticos adversos o extraordinarios.<\/em><\/p>\n\n\n\n<p class=\"wp-block-paragraph\"><strong>Estabilidad y reducci\u00f3n de riesgos<\/strong><\/p>\n\n\n\n<p class=\"wp-block-paragraph\">El \u00e1rbol m\u00e1s seguro y de menor costo operativo es aquel que conserva su ramificaci\u00f3n natural. Forzar la arquitectura de la planta genera debilidad en las uniones de las ramas y provoca brotaciones estructuralmente deficientes e ingreso de enfermedades e insectos.<\/p>\n\n\n\n<p class=\"wp-block-paragraph\">Para finalizar, desde esta instituci\u00f3n, concluyen en que, evitar intervenciones est\u00e9ticas minimiza los riesgos de ca\u00edda del ejemplar, al tiempo que mejora la sanidad y optimiza la vida \u00fatil de este.<\/p>\n\n\n\n<p class=\"wp-block-paragraph\"><\/p>\n\t\t\t\t\t\t\t\t<\/div>\n\t\t\t\t<\/div>\n\t\t\t\t\t<\/div>\n\t\t\t\t<\/div>\n\t\t<div class=\"elementor-element elementor-element-6859596 e-flex e-con-boxed e-con e-parent\" data-id=\"6859596\" data-element_type=\"container\">\n\t\t\t\t\t<div class=\"e-con-inner\">\n\t\t\t\t<div class=\"elementor-element elementor-element-1a09f7e elementor-widget elementor-widget-text-editor\" data-id=\"1a09f7e\" data-element_type=\"widget\" data-widget_type=\"text-editor.default\">\n\t\t\t\t<div class=\"elementor-widget-container\">\n\t\t\t\t\t\t\t\t\t<h1><span style=\"color: #333333;\">Sobre el autor<\/span><\/h1>\t\t\t\t\t\t\t\t<\/div>\n\t\t\t\t<\/div>\n\t\t\t\t\t<\/div>\n\t\t\t\t<\/div>\n\t\t<div class=\"elementor-element elementor-element-f588f79 e-flex e-con-boxed e-con e-parent\" data-id=\"f588f79\" data-element_type=\"container\">\n\t\t\t\t\t<div class=\"e-con-inner\">\n\t\t\t\t<div class=\"elementor-element elementor-element-8767c66 elementor-author-box--link-yes elementor-author-box--avatar-yes elementor-author-box--name-yes elementor-author-box--biography-yes elementor-widget elementor-widget-author-box\" data-id=\"8767c66\" data-element_type=\"widget\" data-widget_type=\"author-box.default\">\n\t\t\t\t<div class=\"elementor-widget-container\">\n\t\t\t\t\t\t\t<div class=\"elementor-author-box\">\n\t\t\t\t\t\t\t<a href=\"https:\/\/economiayviveros.com.ar\/portada\/author\/helena\/\" class=\"elementor-author-box__avatar\">\n\t\t\t\t\t<img decoding=\"async\" src=\"https:\/\/economiayviveros.com.ar\/portada\/wp-content\/uploads\/2024\/12\/Logo-5-hojas-300x300.png\" alt=\"Picture of Econom\u00eda &amp; Viveros\" loading=\"lazy\">\n\t\t\t\t<\/a>\n\t\t\t\n\t\t\t<div class=\"elementor-author-box__text\">\n\t\t\t\t\t\t\t\t\t<a href=\"https:\/\/economiayviveros.com.ar\/portada\/author\/helena\/\">\n\t\t\t\t\t\t<h4 class=\"elementor-author-box__name\">\n\t\t\t\t\t\t\tEconom\u00eda &amp; Viveros\t\t\t\t\t\t<\/h4>\n\t\t\t\t\t<\/a>\n\t\t\t\t\n\t\t\t\t\t\t\t\t\t<div class=\"elementor-author-box__bio\">\n\t\t\t\t\t\tDesde el 2009 brinda toda la informaci\u00f3n sobre la floricultura argentina.\r\n\r\nEdiciones mensuales.\t\t\t\t\t<\/div>\n\t\t\t\t\n\t\t\t\t\t\t\t\t\t<a class=\"elementor-author-box__button elementor-button elementor-size-xs\" href=\"https:\/\/economiayviveros.com.ar\/portada\/author\/helena\/\">\n\t\t\t\t\t\tM\u00e1s notas\t\t\t\t\t<\/a>\n\t\t\t\t\t\t\t<\/div>\n\t\t<\/div>\n\t\t\t\t\t\t<\/div>\n\t\t\t\t<\/div>\n\t\t\t\t\t<\/div>\n\t\t\t\t<\/div>\n\t\t\t\t<\/div>\n\t\t","protected":false},"excerpt":{"rendered":"<p>Se realizar\u00e1 del 8 al 10 de octubre en Misiones. Conferencistas internacionales y la oportunidad de rendir un examen y obtener la Certificaci\u00f3n ISA de Certified Arborist y Tree Climber. Habla la presidenta de la Asociaci\u00f3n Civil de Arboricultura, Elena Craig.<\/p>\n","protected":false},"author":1,"featured_media":5770,"comment_status":"closed","ping_status":"open","sticky":false,"template":"","format":"standard","meta":{"iawp_total_views":18,"footnotes":"[]"},"categories":[3,4],"tags":[],"class_list":["post-5761","post","type-post","status-publish","format-standard","has-post-thumbnail","hentry","category-actualidad","category-entrevistas"],"_links":{"self":[{"href":"https:\/\/economiayviveros.com.ar\/portada\/wp-json\/wp\/v2\/posts\/5761","targetHints":{"allow":["GET"]}}],"collection":[{"href":"https:\/\/economiayviveros.com.ar\/portada\/wp-json\/wp\/v2\/posts"}],"about":[{"href":"https:\/\/economiayviveros.com.ar\/portada\/wp-json\/wp\/v2\/types\/post"}],"author":[{"embeddable":true,"href":"https:\/\/economiayviveros.com.ar\/portada\/wp-json\/wp\/v2\/users\/1"}],"replies":[{"embeddable":true,"href":"https:\/\/economiayviveros.com.ar\/portada\/wp-json\/wp\/v2\/comments?post=5761"}],"version-history":[{"count":5,"href":"https:\/\/economiayviveros.com.ar\/portada\/wp-json\/wp\/v2\/posts\/5761\/revisions"}],"predecessor-version":[{"id":5811,"href":"https:\/\/economiayviveros.com.ar\/portada\/wp-json\/wp\/v2\/posts\/5761\/revisions\/5811"}],"wp:featuredmedia":[{"embeddable":true,"href":"https:\/\/economiayviveros.com.ar\/portada\/wp-json\/wp\/v2\/media\/5770"}],"wp:attachment":[{"href":"https:\/\/economiayviveros.com.ar\/portada\/wp-json\/wp\/v2\/media?parent=5761"}],"wp:term":[{"taxonomy":"category","embeddable":true,"href":"https:\/\/economiayviveros.com.ar\/portada\/wp-json\/wp\/v2\/categories?post=5761"},{"taxonomy":"post_tag","embeddable":true,"href":"https:\/\/economiayviveros.com.ar\/portada\/wp-json\/wp\/v2\/tags?post=5761"}],"curies":[{"name":"wp","href":"https:\/\/api.w.org\/{rel}","templated":true}]}}