{"id":5755,"date":"2026-09-01T18:31:23","date_gmt":"2026-09-01T21:31:23","guid":{"rendered":"https:\/\/economiayviveros.com.ar\/portada\/?p=5755"},"modified":"2026-09-02T21:26:00","modified_gmt":"2026-09-03T00:26:00","slug":"caracteristicas-del-negocio-internacional-de-los-crisantemos","status":"publish","type":"post","link":"https:\/\/economiayviveros.com.ar\/portada\/caracteristicas-del-negocio-internacional-de-los-crisantemos\/","title":{"rendered":"Caracter\u00edsticas del negocio internacional de los crisantemos"},"content":{"rendered":"\t\t<div data-elementor-type=\"wp-post\" data-elementor-id=\"5755\" class=\"elementor elementor-5755\" data-elementor-post-type=\"post\">\n\t\t\t\t<div class=\"elementor-element elementor-element-3c1176e7 e-flex e-con-boxed e-con e-parent\" data-id=\"3c1176e7\" data-element_type=\"container\">\n\t\t\t\t\t<div class=\"e-con-inner\">\n\t\t\t\t<div class=\"elementor-element elementor-element-19429b47 elementor-widget elementor-widget-text-editor\" data-id=\"19429b47\" data-element_type=\"widget\" data-widget_type=\"text-editor.default\">\n\t\t\t\t<div class=\"elementor-widget-container\">\n\t\t\t\t\t\t\t\t\t\n<h4 class=\"wp-block-heading\">MUNDO Rick Minck, gerente de ventas de la empresa holandesa de cultivo de crisantemos Floritec, explica el mercado de estas flores en diferentes pa\u00edses y por qu\u00e9 en los Pa\u00edses Bajos las ventas de los cultivadores son exitosas.<\/h4>\n\n\n<div class=\"wp-block-image\">\n<figure class=\"aligncenter size-large\"><img fetchpriority=\"high\" decoding=\"async\" width=\"1024\" height=\"683\" src=\"https:\/\/economiayviveros.com.ar\/portada\/wp-content\/uploads\/2026\/08\/Act.-5-Crisantemos-0926-G-1024x683.jpg\" alt=\"\" class=\"wp-image-5756\" srcset=\"https:\/\/economiayviveros.com.ar\/portada\/wp-content\/uploads\/2026\/08\/Act.-5-Crisantemos-0926-G-1024x683.jpg 1024w, https:\/\/economiayviveros.com.ar\/portada\/wp-content\/uploads\/2026\/08\/Act.-5-Crisantemos-0926-G-300x200.jpg 300w, https:\/\/economiayviveros.com.ar\/portada\/wp-content\/uploads\/2026\/08\/Act.-5-Crisantemos-0926-G-768x512.jpg 768w, https:\/\/economiayviveros.com.ar\/portada\/wp-content\/uploads\/2026\/08\/Act.-5-Crisantemos-0926-G.jpg 1200w\" sizes=\"(max-width: 1024px) 100vw, 1024px\" \/><figcaption class=\"wp-element-caption\">Rick Minck. Foto: gentileza de FCI<\/figcaption><\/figure>\n<\/div>\n\n\n<p class=\"wp-block-paragraph\">La producci\u00f3n y el comercio internacional de crisantemos atraviesan cambios impulsados por la log\u00edstica, la geopol\u00edtica, el clima y el surgimiento de nuevos centros productivos. Pa\u00edses como Kenia, China y Vietnam ganan protagonismo, mientras los Pa\u00edses Bajos mantienen una posici\u00f3n central en el abastecimiento europeo.<\/p>\n\n\n\n<p class=\"wp-block-paragraph\">La industria mundial del crisantemo est\u00e1 atravesando una etapa de transformaci\u00f3n. Para analizar esta evoluci\u00f3n, FloraCulture International (FCI) entrevist\u00f3 a Rick Minck, gerente de ventas de la empresa holandesa de cultivo de crisantemos Floritec. Este ejecutivo destaca que, pese a los desaf\u00edos que enfrenta la floricultura, los \u00faltimos a\u00f1os fueron favorables para el sector del crisantemo en los <strong>Pa\u00edses Bajos<\/strong>. Las interrupciones en las rutas comerciales y la menor llegada de flores al mercado europeo contribuyeron a mejorar los precios y la rentabilidad de los productores neerlandeses.<\/p>\n\n\n\n<p class=\"wp-block-paragraph\">Aunque la producci\u00f3n de flores cortadas contin\u00faa desplaz\u00e1ndose fuera de los Pa\u00edses Bajos, el pa\u00eds conserva una posici\u00f3n central en el cultivo de crisantemos destinado al mercado europeo. Su competitividad se sustenta en la tecnolog\u00eda de invernaderos, la comercializaci\u00f3n cooperativa, la log\u00edstica, la eficiencia productiva y un ecosistema vinculado con la mejora gen\u00e9tica, la investigaci\u00f3n, la mecanizaci\u00f3n y la robotizaci\u00f3n. Estas fortalezas permiten afrontar problemas como los altos costos energ\u00e9ticos, la disponibilidad limitada de tierras, la escasez de mano de obra y la creciente presi\u00f3n en materia de sostenibilidad.<\/p>\n\n\n\n<p class=\"wp-block-paragraph\">A nivel europeo, Italia mantiene un papel relevante y tambi\u00e9n existe producci\u00f3n comercial en Polonia, Hungr\u00eda y Espa\u00f1a. En Sudam\u00e9rica, Colombia y Ecuador se encuentran entre los principales productores mundiales, con una producci\u00f3n destinada principalmente al mercado norteamericano.<\/p>\n\n\n\n<p class=\"wp-block-paragraph\"><strong>Kenia gana espacio en Europa<\/strong><\/p>\n\n\n\n<p class=\"wp-block-paragraph\">Este pa\u00eds se consolida como uno de los productores de crisantemos de mayor crecimiento: su producci\u00f3n se duplic\u00f3 en cuatro a\u00f1os y ya alcanza unas 100 hect\u00e1reas y 200 millones de tallos anuales. El desarrollo de instalaciones para armar ramos en origen permite incorporar valor local, reducir la dependencia de las subastas holandesas y mejorar los m\u00e1rgenes de la cadena.<\/p>\n\n\n\n<p class=\"wp-block-paragraph\">El crecimiento convive con importantes desaf\u00edos log\u00edsticos. Las inundaciones, la escasez de carga a\u00e9rea y las alteraciones de las rutas mar\u00edtimas condicionan la competitividad del pa\u00eds.<\/p>\n\n\n\n<p class=\"wp-block-paragraph\"><strong>China ampl\u00eda sus oportunidades<\/strong><\/p>\n\n\n\n<p class=\"wp-block-paragraph\">El Gigante Asi\u00e1tico gana relevancia como productor y como plataforma de exportaci\u00f3n hacia Rusia y Asia Central. Las estimaciones m\u00e1s recientes sit\u00faan su superficie de crisantemos entre 12.000 y 16.000 hect\u00e1reas, con una producci\u00f3n potencial de 3.600 a 4.800 millones de tallos anuales.<\/p>\n\n\n\n<p class=\"wp-block-paragraph\">Su proximidad con Rusia, las conexiones ferroviarias y los v\u00ednculos comerciales favorecen su expansi\u00f3n, especialmente en los segmentos medio y bajo del mercado ruso, donde puede competir con los crisantemos neerlandeses.<\/p>\n\n\n\n<p class=\"wp-block-paragraph\"><strong>Vietnam se consolida como productor regional<\/strong><\/p>\n\n\n\n<p class=\"wp-block-paragraph\">Esta Rep\u00fablica aumenta su peso como productor y exportador. Los crisantemos representaron en 2022 casi el 89 % de sus exportaciones de flores hacia Jap\u00f3n. El pa\u00eds cuenta con entre 3000 y 5000 hect\u00e1reas dedicadas al cultivo de crisantemos de flor cortada y una producci\u00f3n estimada de 600 millones a 1.000 millones de tallos anuales.<\/p>\n\n\n\n<p class=\"wp-block-paragraph\">Estos vol\u00famenes sit\u00faan a Vietnam cerca de Jap\u00f3n y refuerzan su posici\u00f3n como proveedor regional.<\/p>\n\n\n\n<p class=\"wp-block-paragraph\"><strong>Malasia e India desarrollan mercados propios<\/strong><\/p>\n\n\n\n<p class=\"wp-block-paragraph\">Malasia mantiene una producci\u00f3n en expansi\u00f3n, concentrada en las Tierras Altas de Cameron. India presenta un mercado particular, en el que los crisantemos tienen una fuerte demanda para ceremonias religiosas, bodas y decoraci\u00f3n. En estos usos, la disponibilidad para determinadas festividades y el n\u00famero de p\u00e9talos pueden ser m\u00e1s relevantes que la uniformidad visual.<\/p>\n\n\n\n<p class=\"wp-block-paragraph\"><strong>Jap\u00f3n pierde producci\u00f3n, pero mantiene influencia<\/strong><\/p>\n\n\n\n<p class=\"wp-block-paragraph\">La Tierra del Sol Naciente conserva un peso destacado por su tradici\u00f3n, experiencia productiva y fuerte v\u00ednculo cultural con el crisantemo. Sin embargo, su producci\u00f3n comercial est\u00e1 disminuyendo debido al envejecimiento de los productores, la falta de sucesores, el aumento de los costos laborales y energ\u00e9ticos y la ca\u00edda del consumo interno.<\/p>\n\n\n\n<p class=\"wp-block-paragraph\">A pesar de esta contracci\u00f3n, contin\u00faa siendo uno de los mercados de crisantemos m\u00e1s influyentes del mundo.<\/p>\n\n\n\n<p class=\"wp-block-paragraph\"><strong>Una industria cada vez m\u00e1s interconectada<\/strong><\/p>\n\n\n\n<p class=\"wp-block-paragraph\">De cara a 2026, la industria mundial del crisantemo podr\u00eda atravesar nuevos cambios. La aparici\u00f3n de centros productivos, la reconfiguraci\u00f3n de las cadenas de suministro y los acontecimientos log\u00edsticos y geopol\u00edticos est\u00e1n modificando los flujos internacionales.<\/p>\n\n\n\n<p class=\"wp-block-paragraph\">La evoluci\u00f3n del sector muestra, en definitiva, una creciente interconexi\u00f3n entre los distintos mercados. Los cambios productivos y comerciales que se producen en \u00c1frica, Asia, Europa o Am\u00e9rica tienen cada vez mayor incidencia sobre las oportunidades y los desaf\u00edos del resto de la industria.<\/p>\n\t\t\t\t\t\t\t\t<\/div>\n\t\t\t\t<\/div>\n\t\t\t\t\t<\/div>\n\t\t\t\t<\/div>\n\t\t<div class=\"elementor-element elementor-element-a37e317 e-flex e-con-boxed e-con e-parent\" data-id=\"a37e317\" data-element_type=\"container\">\n\t\t\t\t\t<div class=\"e-con-inner\">\n\t\t\t\t<div class=\"elementor-element elementor-element-d62f460 elementor-widget elementor-widget-text-editor\" data-id=\"d62f460\" data-element_type=\"widget\" data-widget_type=\"text-editor.default\">\n\t\t\t\t<div class=\"elementor-widget-container\">\n\t\t\t\t\t\t\t\t\t<h1><span style=\"color: #333333;\">Sobre el autor<\/span><\/h1>\t\t\t\t\t\t\t\t<\/div>\n\t\t\t\t<\/div>\n\t\t\t\t\t<\/div>\n\t\t\t\t<\/div>\n\t\t<div class=\"elementor-element elementor-element-af9c87f e-flex e-con-boxed e-con e-parent\" data-id=\"af9c87f\" data-element_type=\"container\">\n\t\t\t\t\t<div class=\"e-con-inner\">\n\t\t\t\t<div class=\"elementor-element elementor-element-f43e4a3 elementor-author-box--link-yes elementor-author-box--avatar-yes elementor-author-box--name-yes elementor-author-box--biography-yes elementor-widget elementor-widget-author-box\" data-id=\"f43e4a3\" data-element_type=\"widget\" data-widget_type=\"author-box.default\">\n\t\t\t\t<div class=\"elementor-widget-container\">\n\t\t\t\t\t\t\t<div class=\"elementor-author-box\">\n\t\t\t\t\t\t\t<a href=\"https:\/\/economiayviveros.com.ar\/portada\/author\/ron-van-der-ploeg\/\" class=\"elementor-author-box__avatar\">\n\t\t\t\t\t<img decoding=\"async\" src=\"https:\/\/economiayviveros.com.ar\/portada\/wp-content\/uploads\/2024\/12\/Ron-van-der-Ploeg-300x300.jpg\" alt=\"Picture of Ron van der Ploeg\" loading=\"lazy\">\n\t\t\t\t<\/a>\n\t\t\t\n\t\t\t<div class=\"elementor-author-box__text\">\n\t\t\t\t\t\t\t\t\t<a href=\"https:\/\/economiayviveros.com.ar\/portada\/author\/ron-van-der-ploeg\/\">\n\t\t\t\t\t\t<h4 class=\"elementor-author-box__name\">\n\t\t\t\t\t\t\tRon van der Ploeg\t\t\t\t\t\t<\/h4>\n\t\t\t\t\t<\/a>\n\t\t\t\t\n\t\t\t\t\t\t\t\t\t<div class=\"elementor-author-box__bio\">\n\t\t\t\t\t\tEditor de la revista FloraCulture Internacional (propiedad de la International Association of Horticultural Producers).\r\nColaborador de Econom\u00eda &amp; Viveros desde 2009.\t\t\t\t\t<\/div>\n\t\t\t\t\n\t\t\t\t\t\t\t\t\t<a class=\"elementor-author-box__button elementor-button elementor-size-xs\" href=\"https:\/\/economiayviveros.com.ar\/portada\/author\/ron-van-der-ploeg\/\">\n\t\t\t\t\t\tM\u00e1s notas\t\t\t\t\t<\/a>\n\t\t\t\t\t\t\t<\/div>\n\t\t<\/div>\n\t\t\t\t\t\t<\/div>\n\t\t\t\t<\/div>\n\t\t\t\t\t<\/div>\n\t\t\t\t<\/div>\n\t\t\t\t<\/div>\n\t\t","protected":false},"excerpt":{"rendered":"<p>MUNDO Rick Minck, gerente de ventas de la empresa holandesa de cultivo de crisantemos Floritec, explica el mercado de estas flores en diferentes pa\u00edses y por qu\u00e9 en los Pa\u00edses Bajos las ventas de los cultivadores son exitosas.<\/p>\n","protected":false},"author":4,"featured_media":5756,"comment_status":"closed","ping_status":"open","sticky":false,"template":"","format":"standard","meta":{"iawp_total_views":0,"footnotes":""},"categories":[3],"tags":[],"class_list":["post-5755","post","type-post","status-publish","format-standard","has-post-thumbnail","hentry","category-actualidad"],"_links":{"self":[{"href":"https:\/\/economiayviveros.com.ar\/portada\/wp-json\/wp\/v2\/posts\/5755","targetHints":{"allow":["GET"]}}],"collection":[{"href":"https:\/\/economiayviveros.com.ar\/portada\/wp-json\/wp\/v2\/posts"}],"about":[{"href":"https:\/\/economiayviveros.com.ar\/portada\/wp-json\/wp\/v2\/types\/post"}],"author":[{"embeddable":true,"href":"https:\/\/economiayviveros.com.ar\/portada\/wp-json\/wp\/v2\/users\/4"}],"replies":[{"embeddable":true,"href":"https:\/\/economiayviveros.com.ar\/portada\/wp-json\/wp\/v2\/comments?post=5755"}],"version-history":[{"count":4,"href":"https:\/\/economiayviveros.com.ar\/portada\/wp-json\/wp\/v2\/posts\/5755\/revisions"}],"predecessor-version":[{"id":5819,"href":"https:\/\/economiayviveros.com.ar\/portada\/wp-json\/wp\/v2\/posts\/5755\/revisions\/5819"}],"wp:featuredmedia":[{"embeddable":true,"href":"https:\/\/economiayviveros.com.ar\/portada\/wp-json\/wp\/v2\/media\/5756"}],"wp:attachment":[{"href":"https:\/\/economiayviveros.com.ar\/portada\/wp-json\/wp\/v2\/media?parent=5755"}],"wp:term":[{"taxonomy":"category","embeddable":true,"href":"https:\/\/economiayviveros.com.ar\/portada\/wp-json\/wp\/v2\/categories?post=5755"},{"taxonomy":"post_tag","embeddable":true,"href":"https:\/\/economiayviveros.com.ar\/portada\/wp-json\/wp\/v2\/tags?post=5755"}],"curies":[{"name":"wp","href":"https:\/\/api.w.org\/{rel}","templated":true}]}}