{"id":5754,"date":"2026-09-01T18:38:36","date_gmt":"2026-09-01T21:38:36","guid":{"rendered":"https:\/\/economiayviveros.com.ar\/portada\/?p=5754"},"modified":"2026-09-02T21:25:50","modified_gmt":"2026-09-03T00:25:50","slug":"que-dice-el-senasa-sobre-el-cultivo-de-flores-comestibles","status":"publish","type":"post","link":"https:\/\/economiayviveros.com.ar\/portada\/que-dice-el-senasa-sobre-el-cultivo-de-flores-comestibles\/","title":{"rendered":"Qu\u00e9 dice el SENASA sobre el cultivo de flores comestibles"},"content":{"rendered":"\t\t<div data-elementor-type=\"wp-post\" data-elementor-id=\"5754\" class=\"elementor elementor-5754\" data-elementor-post-type=\"post\">\n\t\t\t\t<div class=\"elementor-element elementor-element-1be27b1d e-flex e-con-boxed e-con e-parent\" data-id=\"1be27b1d\" data-element_type=\"container\">\n\t\t\t\t\t<div class=\"e-con-inner\">\n\t\t\t\t<div class=\"elementor-element elementor-element-265a6794 elementor-widget elementor-widget-text-editor\" data-id=\"265a6794\" data-element_type=\"widget\" data-widget_type=\"text-editor.default\">\n\t\t\t\t<div class=\"elementor-widget-container\">\n\t\t\t\t\t\t\t\t\t\n<h4 class=\"wp-block-heading\">El auge de las flores ornamentales y comestibles hace necesario conocer cu\u00e1l es la reglamentaci\u00f3n sanitaria para su cultivo. Una nota en colaboraci\u00f3n con el SENASA explica las diferencias entre cultivos comestibles y ornamentales.<\/h4>\n\n\n<div class=\"wp-block-image\">\n<figure class=\"aligncenter size-large\"><img fetchpriority=\"high\" decoding=\"async\" width=\"1024\" height=\"683\" src=\"https:\/\/economiayviveros.com.ar\/portada\/wp-content\/uploads\/2026\/08\/Act.-4-Flores-comestibles-0926-G-1-1024x683.jpg\" alt=\"\" class=\"wp-image-5759\" srcset=\"https:\/\/economiayviveros.com.ar\/portada\/wp-content\/uploads\/2026\/08\/Act.-4-Flores-comestibles-0926-G-1-1024x683.jpg 1024w, https:\/\/economiayviveros.com.ar\/portada\/wp-content\/uploads\/2026\/08\/Act.-4-Flores-comestibles-0926-G-1-768x512.jpg 768w, https:\/\/economiayviveros.com.ar\/portada\/wp-content\/uploads\/2026\/08\/Act.-4-Flores-comestibles-0926-G-1-300x200.jpg 300w, https:\/\/economiayviveros.com.ar\/portada\/wp-content\/uploads\/2026\/08\/Act.-4-Flores-comestibles-0926-G-1.jpg 1200w\" sizes=\"(max-width: 1024px) 100vw, 1024px\" \/><figcaption class=\"wp-element-caption\">Foto: Adobe Stock<\/figcaption><\/figure>\n<\/div>\n\n\n<p class=\"wp-block-paragraph\">Seg\u00fan el<a href=\"https:\/\/www.argentina.gob.ar\/senasa\/programas-sanitarios\/productosveterinarios-fitosanitarios-y-fertilizantes\/registro-nacional-de-terapeutica-vegetal\" target=\"_blank\" rel=\"noopener\"> marco normativo de la Rep\u00fablica Argentina<\/a>, la diferencia fundamental entre las plantas radica en el empleo final del producto: si se destina a la alimentaci\u00f3n o no. Esto cambia dr\u00e1sticamente las exigencias sanitarias que el organismo impone antes de otorgar el certificado de comercializaci\u00f3n a un producto fitosanitario.<\/p>\n\n\n\n<h2 class=\"wp-block-heading\">Qu\u00e9 es el L\u00edmite M\u00e1ximo de Residuos (LMR)<\/h2>\n\n\n\n<p class=\"wp-block-paragraph\">En la Resoluci\u00f3n 934\/2010, el SENASA define el LMR como <em>la m\u00e1xima concentraci\u00f3n de residuo de un plaguicida<\/em> -cualquier producto fitosanitario- <em>legalmente permitido, en productos y subproductos de la agricultura.<\/em><\/p>\n\n\n\n<p class=\"wp-block-paragraph\"><strong>Plantas comestibles.<\/strong> Aqu\u00ed se hallan las exigencias m\u00e1s estrictas. El SENASA eval\u00faa los resultados de los estudios que presentan quienes solicitan registrar un producto fitosanitario. Tambi\u00e9n estima los ensayos de campo que determinan la eficacia y el comportamiento del producto desde la aplicaci\u00f3n hasta la cosecha, base para fijar el LMR.<\/p>\n\n\n\n<p class=\"wp-block-paragraph\">Resulta imprescindible aclarar que, si bien el LMR tiene como uno de sus objetivos proteger la salud del consumidor, el hecho que se supere el LMR fijado no significa que el resultado directo constituya un da\u00f1o a la salud, dado los m\u00e1rgenes de seguridad que existen, explica el SENASA.<\/p>\n\n\n\n<p class=\"wp-block-paragraph\"><strong>Flores de corte y plantas ornamentales:<\/strong> Mediante normativas espec\u00edficas -como la Resoluci\u00f3n 855\/2011-, el SENASA eval\u00faa los resultados de los estudios que presentan quienes solicitan un registro de un producto fitosanitario. En este caso, la gran diferencia es que como el destino no es la ingesta, el cultivo queda exento del LMR.<\/p>\n\n\n\n<p class=\"wp-block-paragraph\">En este caso tambi\u00e9n es necesario aclarar que, siempre que se sigan las instrucciones de aplicaci\u00f3n del producto, tener contacto con esas flores de corte y con esas plantas no ser\u00e1 t\u00f3xico para las personas o los animales.<\/p>\n\n\n\n<h2 class=\"wp-block-heading\">Qu\u00e9 es el Per\u00edodo de Carencia<\/h2>\n\n\n\n<p class=\"wp-block-paragraph\">Otro concepto fundamental se relaciona con el tiempo de espera antes del consumo del producto. El per\u00edodo de carencia se define como <em>el intervalo que debe transcurrir entre la \u00faltima aplicaci\u00f3n de un plaguicida y la cosecha de un producto agr\u00edcola<\/em>.<\/p>\n\n\n\n<p class=\"wp-block-paragraph\"><strong>Plantas comestibles:<\/strong> El marbete de estos fitosanitarios obliga a respetar un tiempo estricto -en d\u00edas- entre la \u00faltima aplicaci\u00f3n del producto y el d\u00eda de la cosecha con el objetivo de garantizar que este se haya degradado a niveles seguros.<\/p>\n\n\n\n<p class=\"wp-block-paragraph\"><strong>Flores de corte y plantas ornamentales:<\/strong> El per\u00edodo de carencia pr\u00e1cticamente no existe o se reduce a un per\u00edodo de reingreso -cu\u00e1ntas horas deben pasar para que los trabajadores entren al lote de plantas-.<\/p>\n\n\n\n<p class=\"wp-block-paragraph\">Existen fitosanitarios que se pueden aplicar en dosis altas el mismo d\u00eda del corte o del env\u00edo de la mercader\u00eda para asegurar que las flores de corte y plantas ornamentales lleguen impecables a su destino.<\/p>\n\n\n\n<h2 class=\"wp-block-heading\">Toxicidad permitida y restricciones de uso en floricultura<\/h2>\n\n\n\n<p class=\"wp-block-paragraph\"><strong>Plantas comestibles:<\/strong> Existen decenas de principios activos prohibidos o severamente restringidos para alimentos debido a la persistencia de estos o a su toxicidad para los consumidores.<\/p>\n\n\n\n<p class=\"wp-block-paragraph\"><strong>Flores de corte y plantas ornamentales:<\/strong> Al no estar destinados al consumo, en estos productos se tolera el uso de una variedad m\u00e1s amplia de sustancias. No obstante, el SENASA restringe el empleo de estos fitosanitarios exclusivos para cultivos flor\u00edcolas.<\/p>\n\n\n\n<h2 class=\"wp-block-heading\">Qu\u00e9 dice el SENASA y la ANMAT sobre las plantas ornamentales comestibles<\/h2>\n\n\n\n<p class=\"wp-block-paragraph\">Debido al auge de la gastronom\u00eda, la Resoluci\u00f3n Conjunta 1\/2025 (ANMAT y Secretar\u00eda de Agricultura, Ganader\u00eda y Pesca) incorpor\u00f3, formalmente, un listado de flores comestibles al C\u00f3digo Alimentario Argentino.<\/p>\n\n\n\n<p class=\"wp-block-paragraph\">A partir de este hito, si un productor cultiva flores comestibles -como el pensamiento o la cal\u00e9ndula-, ese cultivo pierde el estatus de ornamental y pasa a regularse, estrictamente, como una planta comestible. En ese sentido, queda sujeto a los LMR y a las prohibiciones de fitosanitarios que rigen para las hortalizas.<\/p>\n\n\n\n<p class=\"wp-block-paragraph\">Adem\u00e1s, si se tratara de una flor -u otra parte de la planta- para la cual el producto no fue aprobado, el SENASA tiene que solicitar ensayos de campo e invern\u00e1culo para determinar la curva de degradaci\u00f3n, fijar un l\u00edmite de residuos y establecer el per\u00edodo de carencia. Y previo a esto, determinar la ingesta de esas flores o parte de la planta comestibles en gramos por persona, por ingesta, y gramos por persona, por a\u00f1o, entre otros datos.<\/p>\n\n\n\n<p class=\"wp-block-paragraph\"><strong>Agradecemos el asesoramiento t\u00e9cnico de Mar\u00eda Laura Biestro y<\/strong> <strong>Micaela Suares Christiansen (SENASA).<\/strong><\/p>\n\n\n\n<p class=\"wp-block-paragraph\"><\/p>\n\t\t\t\t\t\t\t\t<\/div>\n\t\t\t\t<\/div>\n\t\t\t\t\t<\/div>\n\t\t\t\t<\/div>\n\t\t<div class=\"elementor-element elementor-element-1b87972 e-flex e-con-boxed e-con e-parent\" data-id=\"1b87972\" data-element_type=\"container\">\n\t\t\t\t\t<div class=\"e-con-inner\">\n\t\t\t\t<div class=\"elementor-element elementor-element-1b4486c elementor-widget elementor-widget-text-editor\" data-id=\"1b4486c\" data-element_type=\"widget\" data-widget_type=\"text-editor.default\">\n\t\t\t\t<div class=\"elementor-widget-container\">\n\t\t\t\t\t\t\t\t\t<h1><span style=\"color: #333333;\">Sobre el autor<\/span><\/h1>\t\t\t\t\t\t\t\t<\/div>\n\t\t\t\t<\/div>\n\t\t\t\t\t<\/div>\n\t\t\t\t<\/div>\n\t\t<div class=\"elementor-element elementor-element-35523c4 e-flex e-con-boxed e-con e-parent\" data-id=\"35523c4\" data-element_type=\"container\">\n\t\t\t\t\t<div class=\"e-con-inner\">\n\t\t\t\t<div class=\"elementor-element elementor-element-3ef59e3 elementor-author-box--link-yes elementor-author-box--avatar-yes elementor-author-box--name-yes elementor-author-box--biography-yes elementor-widget elementor-widget-author-box\" data-id=\"3ef59e3\" data-element_type=\"widget\" data-widget_type=\"author-box.default\">\n\t\t\t\t<div class=\"elementor-widget-container\">\n\t\t\t\t\t\t\t<div class=\"elementor-author-box\">\n\t\t\t\t\t\t\t<a href=\"https:\/\/economiayviveros.com.ar\/portada\/author\/helena\/\" class=\"elementor-author-box__avatar\">\n\t\t\t\t\t<img decoding=\"async\" src=\"https:\/\/economiayviveros.com.ar\/portada\/wp-content\/uploads\/2024\/12\/Logo-5-hojas-300x300.png\" alt=\"Picture of Econom\u00eda &amp; Viveros\" loading=\"lazy\">\n\t\t\t\t<\/a>\n\t\t\t\n\t\t\t<div class=\"elementor-author-box__text\">\n\t\t\t\t\t\t\t\t\t<a href=\"https:\/\/economiayviveros.com.ar\/portada\/author\/helena\/\">\n\t\t\t\t\t\t<h4 class=\"elementor-author-box__name\">\n\t\t\t\t\t\t\tEconom\u00eda &amp; Viveros\t\t\t\t\t\t<\/h4>\n\t\t\t\t\t<\/a>\n\t\t\t\t\n\t\t\t\t\t\t\t\t\t<div class=\"elementor-author-box__bio\">\n\t\t\t\t\t\tDesde el 2009 brinda toda la informaci\u00f3n sobre la floricultura argentina.\r\n\r\nEdiciones mensuales.\t\t\t\t\t<\/div>\n\t\t\t\t\n\t\t\t\t\t\t\t\t\t<a class=\"elementor-author-box__button elementor-button elementor-size-xs\" href=\"https:\/\/economiayviveros.com.ar\/portada\/author\/helena\/\">\n\t\t\t\t\t\tM\u00e1s notas\t\t\t\t\t<\/a>\n\t\t\t\t\t\t\t<\/div>\n\t\t<\/div>\n\t\t\t\t\t\t<\/div>\n\t\t\t\t<\/div>\n\t\t\t\t\t<\/div>\n\t\t\t\t<\/div>\n\t\t\t\t<\/div>\n\t\t","protected":false},"excerpt":{"rendered":"<p>El auge de las flores ornamentales y comestibles hace necesario conocer cu\u00e1l es la reglamentaci\u00f3n sanitaria para su cultivo. Una nota en colaboraci\u00f3n con el SENASA explica las diferencias entre cultivos comestibles y ornamentales.<\/p>\n","protected":false},"author":1,"featured_media":5759,"comment_status":"closed","ping_status":"open","sticky":false,"template":"","format":"standard","meta":{"iawp_total_views":2,"footnotes":""},"categories":[3],"tags":[],"class_list":["post-5754","post","type-post","status-publish","format-standard","has-post-thumbnail","hentry","category-actualidad"],"_links":{"self":[{"href":"https:\/\/economiayviveros.com.ar\/portada\/wp-json\/wp\/v2\/posts\/5754","targetHints":{"allow":["GET"]}}],"collection":[{"href":"https:\/\/economiayviveros.com.ar\/portada\/wp-json\/wp\/v2\/posts"}],"about":[{"href":"https:\/\/economiayviveros.com.ar\/portada\/wp-json\/wp\/v2\/types\/post"}],"author":[{"embeddable":true,"href":"https:\/\/economiayviveros.com.ar\/portada\/wp-json\/wp\/v2\/users\/1"}],"replies":[{"embeddable":true,"href":"https:\/\/economiayviveros.com.ar\/portada\/wp-json\/wp\/v2\/comments?post=5754"}],"version-history":[{"count":6,"href":"https:\/\/economiayviveros.com.ar\/portada\/wp-json\/wp\/v2\/posts\/5754\/revisions"}],"predecessor-version":[{"id":5815,"href":"https:\/\/economiayviveros.com.ar\/portada\/wp-json\/wp\/v2\/posts\/5754\/revisions\/5815"}],"wp:featuredmedia":[{"embeddable":true,"href":"https:\/\/economiayviveros.com.ar\/portada\/wp-json\/wp\/v2\/media\/5759"}],"wp:attachment":[{"href":"https:\/\/economiayviveros.com.ar\/portada\/wp-json\/wp\/v2\/media?parent=5754"}],"wp:term":[{"taxonomy":"category","embeddable":true,"href":"https:\/\/economiayviveros.com.ar\/portada\/wp-json\/wp\/v2\/categories?post=5754"},{"taxonomy":"post_tag","embeddable":true,"href":"https:\/\/economiayviveros.com.ar\/portada\/wp-json\/wp\/v2\/tags?post=5754"}],"curies":[{"name":"wp","href":"https:\/\/api.w.org\/{rel}","templated":true}]}}