{"id":5743,"date":"2026-09-01T18:12:07","date_gmt":"2026-09-01T21:12:07","guid":{"rendered":"https:\/\/economiayviveros.com.ar\/portada\/?p=5743"},"modified":"2026-09-02T21:26:17","modified_gmt":"2026-09-03T00:26:17","slug":"vivero-dona-acasia-experto-en-suculentas","status":"publish","type":"post","link":"https:\/\/economiayviveros.com.ar\/portada\/vivero-dona-acasia-experto-en-suculentas\/","title":{"rendered":"Vivero Do\u00f1a Acasia: experto en suculentas"},"content":{"rendered":"\t\t<div data-elementor-type=\"wp-post\" data-elementor-id=\"5743\" class=\"elementor elementor-5743\" data-elementor-post-type=\"post\">\n\t\t\t\t<div class=\"elementor-element elementor-element-4a666ae4 e-flex e-con-boxed e-con e-parent\" data-id=\"4a666ae4\" data-element_type=\"container\">\n\t\t\t\t\t<div class=\"e-con-inner\">\n\t\t\t\t<div class=\"elementor-element elementor-element-b3baa9c elementor-widget elementor-widget-text-editor\" data-id=\"b3baa9c\" data-element_type=\"widget\" data-widget_type=\"text-editor.default\">\n\t\t\t\t<div class=\"elementor-widget-container\">\n\t\t\t\t\t\t\t\t\t\n<h4 class=\"wp-block-heading\">EMPRESAS Alejandra Guadagnino presenta esta empresa familiar ubicada en Villa Gesell. Ofrecen desde plantas ornamentales hasta arreglos florales, dise\u00f1o y ejecuci\u00f3n de espacios verdes, charlas, talleres y visitas guiadas para escuelas.<\/h4>\n\n\n<div class=\"wp-block-image\">\n<figure class=\"aligncenter size-full\"><img fetchpriority=\"high\" decoding=\"async\" width=\"1024\" height=\"682\" src=\"https:\/\/economiayviveros.com.ar\/portada\/wp-content\/uploads\/2026\/08\/Empresas-Vivero-Dona-Acacia-0926-G.jpg\" alt=\"\" class=\"wp-image-5745\" srcset=\"https:\/\/economiayviveros.com.ar\/portada\/wp-content\/uploads\/2026\/08\/Empresas-Vivero-Dona-Acacia-0926-G.jpg 1024w, https:\/\/economiayviveros.com.ar\/portada\/wp-content\/uploads\/2026\/08\/Empresas-Vivero-Dona-Acacia-0926-G-300x200.jpg 300w, https:\/\/economiayviveros.com.ar\/portada\/wp-content\/uploads\/2026\/08\/Empresas-Vivero-Dona-Acacia-0926-G-767x511.jpg 767w\" sizes=\"(max-width: 1024px) 100vw, 1024px\" \/><\/figure>\n<\/div>\n\n\n<p class=\"wp-block-paragraph\"><strong>Presenta: Alejandra Guadagnino (47<\/strong>)&nbsp;<\/p>\n\n\n\n<p class=\"wp-block-paragraph\">Nuestro vivero tuvo su origen hace m\u00e1s de ochenta a\u00f1os en San Isidro (Buenos Aires), de la mano de mis abuelos, inmigrantes italianos, que cultivaban flores de corte y se dedicaban a la producci\u00f3n hort\u00edcola.<\/p>\n\n\n\n<p class=\"wp-block-paragraph\">Luego de varias mudanzas y ya con la tercera generaci\u00f3n, nuestra familia decidi\u00f3 alejarse de la zona norte bonaerense y buscar un nuevo destino. As\u00ed fue como llegamos a Villa Gesell, donde reconstruimos el vivero Do\u00f1a Acacia y adoptamos nuestra ubicaci\u00f3n actual.<\/p>\n\n\n\n<p class=\"wp-block-paragraph\">En estos momentos, el establecimiento funciona como un vivero de atenci\u00f3n al p\u00fablico y nuestra producci\u00f3n se basa en suculentas.&nbsp; Entre ellas, cactus, con un gran muestrario de dichas variedades. Adem\u00e1s, ofrecemos plantas de interior, arbustos y \u00e1rboles ornamentales.<\/p>\n\n\n\n<p class=\"wp-block-paragraph\">Mi padre, adem\u00e1s del mantenimiento general, se dedica a producir bons\u00e1is. Realizamos dise\u00f1os de jardines, instalaciones de riego y monitoreo de plagas. Brindamos charlas, talleres y visitas guiadas para escuelas. Tambi\u00e9n, disponemos de servicios de arte floral: dise\u00f1o de ramos de novia personalizados, centros de mesa y arreglos para eventos empresariales.&nbsp;El proyecto se mantiene como un desarrollo familiar y perdura el legado.<\/p>\n\n\n\n<ul class=\"wp-block-list\">\n<li>Con\u00f3celos <a href=\"https:\/\/www.instagram.com\/viverodacacia\/\" target=\"_blank\" rel=\"noopener\">@viverodacacia<\/a><\/li>\n<\/ul>\n\n\n\n<p class=\"wp-block-paragraph\"><\/p>\n\t\t\t\t\t\t\t\t<\/div>\n\t\t\t\t<\/div>\n\t\t\t\t\t<\/div>\n\t\t\t\t<\/div>\n\t\t<div class=\"elementor-element elementor-element-76a60ba e-flex e-con-boxed e-con e-parent\" data-id=\"76a60ba\" data-element_type=\"container\">\n\t\t\t\t\t<div class=\"e-con-inner\">\n\t\t\t\t<div class=\"elementor-element elementor-element-79326c7 elementor-widget elementor-widget-text-editor\" data-id=\"79326c7\" data-element_type=\"widget\" data-widget_type=\"text-editor.default\">\n\t\t\t\t<div class=\"elementor-widget-container\">\n\t\t\t\t\t\t\t\t\t<h1><span style=\"color: #333333;\">Sobre el autor<\/span><\/h1>\t\t\t\t\t\t\t\t<\/div>\n\t\t\t\t<\/div>\n\t\t\t\t\t<\/div>\n\t\t\t\t<\/div>\n\t\t<div class=\"elementor-element elementor-element-bd58330 e-flex e-con-boxed e-con e-parent\" data-id=\"bd58330\" data-element_type=\"container\">\n\t\t\t\t\t<div class=\"e-con-inner\">\n\t\t\t\t<div class=\"elementor-element elementor-element-875f6f9 elementor-author-box--link-yes elementor-author-box--avatar-yes elementor-author-box--name-yes elementor-author-box--biography-yes elementor-widget elementor-widget-author-box\" data-id=\"875f6f9\" data-element_type=\"widget\" data-widget_type=\"author-box.default\">\n\t\t\t\t<div class=\"elementor-widget-container\">\n\t\t\t\t\t\t\t<div class=\"elementor-author-box\">\n\t\t\t\t\t\t\t<a href=\"https:\/\/economiayviveros.com.ar\/portada\/author\/helena\/\" class=\"elementor-author-box__avatar\">\n\t\t\t\t\t<img decoding=\"async\" src=\"https:\/\/economiayviveros.com.ar\/portada\/wp-content\/uploads\/2024\/12\/Logo-5-hojas-300x300.png\" alt=\"Picture of Econom\u00eda &amp; Viveros\" loading=\"lazy\">\n\t\t\t\t<\/a>\n\t\t\t\n\t\t\t<div class=\"elementor-author-box__text\">\n\t\t\t\t\t\t\t\t\t<a href=\"https:\/\/economiayviveros.com.ar\/portada\/author\/helena\/\">\n\t\t\t\t\t\t<h4 class=\"elementor-author-box__name\">\n\t\t\t\t\t\t\tEconom\u00eda &amp; Viveros\t\t\t\t\t\t<\/h4>\n\t\t\t\t\t<\/a>\n\t\t\t\t\n\t\t\t\t\t\t\t\t\t<div class=\"elementor-author-box__bio\">\n\t\t\t\t\t\tDesde el 2009 brinda toda la informaci\u00f3n sobre la floricultura argentina.\r\n\r\nEdiciones mensuales.\t\t\t\t\t<\/div>\n\t\t\t\t\n\t\t\t\t\t\t\t\t\t<a class=\"elementor-author-box__button elementor-button elementor-size-xs\" href=\"https:\/\/economiayviveros.com.ar\/portada\/author\/helena\/\">\n\t\t\t\t\t\tM\u00e1s notas\t\t\t\t\t<\/a>\n\t\t\t\t\t\t\t<\/div>\n\t\t<\/div>\n\t\t\t\t\t\t<\/div>\n\t\t\t\t<\/div>\n\t\t\t\t\t<\/div>\n\t\t\t\t<\/div>\n\t\t\t\t<\/div>\n\t\t","protected":false},"excerpt":{"rendered":"<p>EMPRESAS Alejandra Guadagnino presenta esta empresa familiar ubicada en Villa Gesell. Ofrecen desde plantas ornamentales hasta arreglos florales, dise\u00f1o y ejecuci\u00f3n de espacios verdes, charlas, talleres y visitas guiadas para escuelas.<\/p>\n","protected":false},"author":1,"featured_media":5745,"comment_status":"closed","ping_status":"open","sticky":false,"template":"","format":"standard","meta":{"iawp_total_views":0,"footnotes":""},"categories":[4],"tags":[],"class_list":["post-5743","post","type-post","status-publish","format-standard","has-post-thumbnail","hentry","category-entrevistas"],"_links":{"self":[{"href":"https:\/\/economiayviveros.com.ar\/portada\/wp-json\/wp\/v2\/posts\/5743","targetHints":{"allow":["GET"]}}],"collection":[{"href":"https:\/\/economiayviveros.com.ar\/portada\/wp-json\/wp\/v2\/posts"}],"about":[{"href":"https:\/\/economiayviveros.com.ar\/portada\/wp-json\/wp\/v2\/types\/post"}],"author":[{"embeddable":true,"href":"https:\/\/economiayviveros.com.ar\/portada\/wp-json\/wp\/v2\/users\/1"}],"replies":[{"embeddable":true,"href":"https:\/\/economiayviveros.com.ar\/portada\/wp-json\/wp\/v2\/comments?post=5743"}],"version-history":[{"count":4,"href":"https:\/\/economiayviveros.com.ar\/portada\/wp-json\/wp\/v2\/posts\/5743\/revisions"}],"predecessor-version":[{"id":5825,"href":"https:\/\/economiayviveros.com.ar\/portada\/wp-json\/wp\/v2\/posts\/5743\/revisions\/5825"}],"wp:featuredmedia":[{"embeddable":true,"href":"https:\/\/economiayviveros.com.ar\/portada\/wp-json\/wp\/v2\/media\/5745"}],"wp:attachment":[{"href":"https:\/\/economiayviveros.com.ar\/portada\/wp-json\/wp\/v2\/media?parent=5743"}],"wp:term":[{"taxonomy":"category","embeddable":true,"href":"https:\/\/economiayviveros.com.ar\/portada\/wp-json\/wp\/v2\/categories?post=5743"},{"taxonomy":"post_tag","embeddable":true,"href":"https:\/\/economiayviveros.com.ar\/portada\/wp-json\/wp\/v2\/tags?post=5743"}],"curies":[{"name":"wp","href":"https:\/\/api.w.org\/{rel}","templated":true}]}}