{"id":5739,"date":"2026-09-01T18:07:37","date_gmt":"2026-09-01T21:07:37","guid":{"rendered":"https:\/\/economiayviveros.com.ar\/portada\/?p=5739"},"modified":"2026-09-02T21:26:32","modified_gmt":"2026-09-03T00:26:32","slug":"gabriela-escriva-y-una-sorpresa-en-tierra-del-fuego","status":"publish","type":"post","link":"https:\/\/economiayviveros.com.ar\/portada\/gabriela-escriva-y-una-sorpresa-en-tierra-del-fuego\/","title":{"rendered":"Gabriela Escriv\u00e1 y una sorpresa en Tierra del Fuego"},"content":{"rendered":"\t\t<div data-elementor-type=\"wp-post\" data-elementor-id=\"5739\" class=\"elementor elementor-5739\" data-elementor-post-type=\"post\">\n\t\t\t\t<div class=\"elementor-element elementor-element-7eb962b3 e-flex e-con-boxed e-con e-parent\" data-id=\"7eb962b3\" data-element_type=\"container\">\n\t\t\t\t\t<div class=\"e-con-inner\">\n\t\t\t\t<div class=\"elementor-element elementor-element-20670998 elementor-widget elementor-widget-text-editor\" data-id=\"20670998\" data-element_type=\"widget\" data-widget_type=\"text-editor.default\">\n\t\t\t\t<div class=\"elementor-widget-container\">\n\t\t\t\t\t\t\t\t\t\n<h4 class=\"wp-block-heading\">EXPERIENCIAS La experta en huerta, referente en la Argentina y en Espa\u00f1a, nos acerca qu\u00e9 descubri\u00f3 cuando fue a asesorar un cultivo ubicado en la zona m\u00e1s austral de la Argentina.<\/h4>\n\n\n<div class=\"wp-block-image\">\n<figure class=\"aligncenter size-full\"><img fetchpriority=\"high\" decoding=\"async\" width=\"800\" height=\"533\" src=\"https:\/\/economiayviveros.com.ar\/portada\/wp-content\/uploads\/2026\/08\/Experiencias-Gabriela-Escriva-0926-G.jpg\" alt=\"\" class=\"wp-image-5740\" srcset=\"https:\/\/economiayviveros.com.ar\/portada\/wp-content\/uploads\/2026\/08\/Experiencias-Gabriela-Escriva-0926-G.jpg 800w, https:\/\/economiayviveros.com.ar\/portada\/wp-content\/uploads\/2026\/08\/Experiencias-Gabriela-Escriva-0926-G-300x200.jpg 300w, https:\/\/economiayviveros.com.ar\/portada\/wp-content\/uploads\/2026\/08\/Experiencias-Gabriela-Escriva-0926-G-767x511.jpg 767w\" sizes=\"(max-width: 800px) 100vw, 800px\" \/><figcaption class=\"wp-element-caption\">Gabriela Escriv\u00e1. Foto: gentileza de Gabriela Escriv\u00e1<\/figcaption><\/figure>\n<\/div>\n\n\n<p class=\"wp-block-paragraph\">Producir verduras a cielo abierto en el \u201cFin del Mundo\u201d es todo un desaf\u00edo. Durante la estaci\u00f3n c\u00e1lida, que va de noviembre a marzo, a esa latitud se cultivan las especies de huerta correspondientes al oto\u00f1o-invierno, \u201cdel norte\u201d.<\/p>\n\n\n\n<p class=\"wp-block-paragraph\">En las noches de verano, puede bajar mucho la temperatura. En consecuencia, los cultivos de verano se realizan en condiciones de invernadero. Tomates, aj\u00edes, zapallitos y berenjenas se cultivan en estas condiciones.<\/p>\n\n\n\n<p class=\"wp-block-paragraph\">La distancia de plantaci\u00f3n es uno de los datos m\u00e1s repetidos a la hora de comenzar una huerta. Sin embargo, la experiencia en diferentes espacios demuestra que observar, ajustar y cuestionar las reglas puede cambiar positivamente los resultados.<\/p>\n\n\n\n<p class=\"wp-block-paragraph\">Esta separaci\u00f3n promete evitar competencias de espacio, de nutrientes, de agua, asegurar buena ventilaci\u00f3n y facilitar el acceso a cada cultivo. Pero hay situaciones en las cuales, al reducir las distancias, se pueden mejorar los resultados.<\/p>\n\n\n\n<p class=\"wp-block-paragraph\">Cuando el suelo est\u00e1 vivo y cubierto, retiene la humedad y protege las ra\u00edces tanto del calor como del fr\u00edo. El conjunto comienza a funcionar como un sistema, no como plantas aisladas. Este contexto favorece la actividad biol\u00f3gica y amortigua las oscilaciones de temperatura, y es especialmente beneficioso en las primeras fases de crecimiento.<\/p>\n\n\n\n<p class=\"wp-block-paragraph\">Invitada por Cristina Goodall a la Quinta Pionera (emprendimiento de horticultura org\u00e1nica, en Tierra del Fuego), he podido sorprenderme al observar c\u00f3mo ella ha verificado los beneficios de estas siembras densas en condiciones climatol\u00f3gicas casi extremas.<\/p>\n\n\n\n<p class=\"wp-block-paragraph\">Remolachas, acelgas, nabos, r\u00faculas y otras hortalizas son sembradas, en directa y muy densamente, para luego ser trasplantadas a su sector final de crecimiento con mucho \u00e9xito.<\/p>\n\n\n\n<p class=\"wp-block-paragraph\"><strong>Mar\u00eda Gabriela Escriv\u00e1<\/strong>, t\u00e9cnica en floricultura y jardiner\u00eda. <a href=\"https:\/\/www.instagram.com\/gaescriva\/\" target=\"_blank\" rel=\"noopener\">@gaescriva<\/a><\/p>\n\n\n\n<p class=\"wp-block-paragraph\"><\/p>\n\t\t\t\t\t\t\t\t<\/div>\n\t\t\t\t<\/div>\n\t\t\t\t\t<\/div>\n\t\t\t\t<\/div>\n\t\t<div class=\"elementor-element elementor-element-edcde1e e-flex e-con-boxed e-con e-parent\" data-id=\"edcde1e\" data-element_type=\"container\">\n\t\t\t\t\t<div class=\"e-con-inner\">\n\t\t\t\t<div class=\"elementor-element elementor-element-469dd11 elementor-widget elementor-widget-text-editor\" data-id=\"469dd11\" data-element_type=\"widget\" data-widget_type=\"text-editor.default\">\n\t\t\t\t<div class=\"elementor-widget-container\">\n\t\t\t\t\t\t\t\t\t<h1><span style=\"color: #333333;\">Sobre el autor<\/span><\/h1>\t\t\t\t\t\t\t\t<\/div>\n\t\t\t\t<\/div>\n\t\t\t\t\t<\/div>\n\t\t\t\t<\/div>\n\t\t<div class=\"elementor-element elementor-element-9c947d1 e-flex e-con-boxed e-con e-parent\" data-id=\"9c947d1\" data-element_type=\"container\">\n\t\t\t\t\t<div class=\"e-con-inner\">\n\t\t\t\t<div class=\"elementor-element elementor-element-f8ff8ec elementor-author-box--link-yes elementor-author-box--avatar-yes elementor-author-box--name-yes elementor-author-box--biography-yes elementor-widget elementor-widget-author-box\" data-id=\"f8ff8ec\" data-element_type=\"widget\" data-widget_type=\"author-box.default\">\n\t\t\t\t<div class=\"elementor-widget-container\">\n\t\t\t\t\t\t\t<div class=\"elementor-author-box\">\n\t\t\t\t\t\t\t<a href=\"https:\/\/economiayviveros.com.ar\/portada\/author\/helena\/\" class=\"elementor-author-box__avatar\">\n\t\t\t\t\t<img decoding=\"async\" src=\"https:\/\/economiayviveros.com.ar\/portada\/wp-content\/uploads\/2024\/12\/Logo-5-hojas-300x300.png\" alt=\"Picture of Econom\u00eda &amp; Viveros\" loading=\"lazy\">\n\t\t\t\t<\/a>\n\t\t\t\n\t\t\t<div class=\"elementor-author-box__text\">\n\t\t\t\t\t\t\t\t\t<a href=\"https:\/\/economiayviveros.com.ar\/portada\/author\/helena\/\">\n\t\t\t\t\t\t<h4 class=\"elementor-author-box__name\">\n\t\t\t\t\t\t\tEconom\u00eda &amp; Viveros\t\t\t\t\t\t<\/h4>\n\t\t\t\t\t<\/a>\n\t\t\t\t\n\t\t\t\t\t\t\t\t\t<div class=\"elementor-author-box__bio\">\n\t\t\t\t\t\tDesde el 2009 brinda toda la informaci\u00f3n sobre la floricultura argentina.\r\n\r\nEdiciones mensuales.\t\t\t\t\t<\/div>\n\t\t\t\t\n\t\t\t\t\t\t\t\t\t<a class=\"elementor-author-box__button elementor-button elementor-size-xs\" href=\"https:\/\/economiayviveros.com.ar\/portada\/author\/helena\/\">\n\t\t\t\t\t\tM\u00e1s notas\t\t\t\t\t<\/a>\n\t\t\t\t\t\t\t<\/div>\n\t\t<\/div>\n\t\t\t\t\t\t<\/div>\n\t\t\t\t<\/div>\n\t\t\t\t\t<\/div>\n\t\t\t\t<\/div>\n\t\t\t\t<\/div>\n\t\t","protected":false},"excerpt":{"rendered":"<p>EXPERIENCIAS La experta en huerta, referente en la Argentina y en Espa\u00f1a, nos acerca qu\u00e9 descubri\u00f3 cuando fue a asesorar un cultivo ubicado en la zona m\u00e1s austral de la Argentina.<\/p>\n","protected":false},"author":1,"featured_media":5741,"comment_status":"closed","ping_status":"open","sticky":false,"template":"","format":"standard","meta":{"iawp_total_views":0,"footnotes":""},"categories":[4],"tags":[],"class_list":["post-5739","post","type-post","status-publish","format-standard","has-post-thumbnail","hentry","category-entrevistas"],"_links":{"self":[{"href":"https:\/\/economiayviveros.com.ar\/portada\/wp-json\/wp\/v2\/posts\/5739","targetHints":{"allow":["GET"]}}],"collection":[{"href":"https:\/\/economiayviveros.com.ar\/portada\/wp-json\/wp\/v2\/posts"}],"about":[{"href":"https:\/\/economiayviveros.com.ar\/portada\/wp-json\/wp\/v2\/types\/post"}],"author":[{"embeddable":true,"href":"https:\/\/economiayviveros.com.ar\/portada\/wp-json\/wp\/v2\/users\/1"}],"replies":[{"embeddable":true,"href":"https:\/\/economiayviveros.com.ar\/portada\/wp-json\/wp\/v2\/comments?post=5739"}],"version-history":[{"count":5,"href":"https:\/\/economiayviveros.com.ar\/portada\/wp-json\/wp\/v2\/posts\/5739\/revisions"}],"predecessor-version":[{"id":5828,"href":"https:\/\/economiayviveros.com.ar\/portada\/wp-json\/wp\/v2\/posts\/5739\/revisions\/5828"}],"wp:featuredmedia":[{"embeddable":true,"href":"https:\/\/economiayviveros.com.ar\/portada\/wp-json\/wp\/v2\/media\/5741"}],"wp:attachment":[{"href":"https:\/\/economiayviveros.com.ar\/portada\/wp-json\/wp\/v2\/media?parent=5739"}],"wp:term":[{"taxonomy":"category","embeddable":true,"href":"https:\/\/economiayviveros.com.ar\/portada\/wp-json\/wp\/v2\/categories?post=5739"},{"taxonomy":"post_tag","embeddable":true,"href":"https:\/\/economiayviveros.com.ar\/portada\/wp-json\/wp\/v2\/tags?post=5739"}],"curies":[{"name":"wp","href":"https:\/\/api.w.org\/{rel}","templated":true}]}}