{"id":5736,"date":"2026-09-01T18:01:24","date_gmt":"2026-09-01T21:01:24","guid":{"rendered":"https:\/\/economiayviveros.com.ar\/portada\/?p=5736"},"modified":"2026-09-02T21:26:44","modified_gmt":"2026-09-03T00:26:44","slug":"cual-es-el-nuevo-espacio-del-congreso-nacional-de-viveristas","status":"publish","type":"post","link":"https:\/\/economiayviveros.com.ar\/portada\/cual-es-el-nuevo-espacio-del-congreso-nacional-de-viveristas\/","title":{"rendered":"Cu\u00e1l es el nuevo espacio del Congreso Nacional de Viveristas"},"content":{"rendered":"\t\t<div data-elementor-type=\"wp-post\" data-elementor-id=\"5736\" class=\"elementor elementor-5736\" data-elementor-post-type=\"post\">\n\t\t\t\t<div class=\"elementor-element elementor-element-21788530 e-flex e-con-boxed e-con e-parent\" data-id=\"21788530\" data-element_type=\"container\">\n\t\t\t\t\t<div class=\"e-con-inner\">\n\t\t\t\t<div class=\"elementor-element elementor-element-35ab61df elementor-widget elementor-widget-text-editor\" data-id=\"35ab61df\" data-element_type=\"widget\" data-widget_type=\"text-editor.default\">\n\t\t\t\t<div class=\"elementor-widget-container\">\n\t\t\t\t\t\t\t\t\t\n<h4 class=\"wp-block-heading\">IM\u00c1GENES DE NUESTRA FLORICULTURA Adem\u00e1s, la fecha del 41.\u00b0 Congreso Nacional de Viveristas y la 19.\u00b0 Exposici\u00f3n Profesional. D\u00f3nde se realizar\u00e1 el Congreso Itinerante de Viveristas 2027.<\/h4>\n\n\n<div class=\"wp-block-image\">\n<figure class=\"aligncenter size-large\"><img fetchpriority=\"high\" decoding=\"async\" width=\"1024\" height=\"682\" src=\"https:\/\/economiayviveros.com.ar\/portada\/wp-content\/uploads\/2026\/08\/Imagenes-Congreso-0926-G-1024x682.jpg\" alt=\"\" class=\"wp-image-5737\" srcset=\"https:\/\/economiayviveros.com.ar\/portada\/wp-content\/uploads\/2026\/08\/Imagenes-Congreso-0926-G-1024x682.jpg 1024w, https:\/\/economiayviveros.com.ar\/portada\/wp-content\/uploads\/2026\/08\/Imagenes-Congreso-0926-G-300x200.jpg 300w, https:\/\/economiayviveros.com.ar\/portada\/wp-content\/uploads\/2026\/08\/Imagenes-Congreso-0926-G-767x511.jpg 767w, https:\/\/economiayviveros.com.ar\/portada\/wp-content\/uploads\/2026\/08\/Imagenes-Congreso-0926-G.jpg 1201w\" sizes=\"(max-width: 1024px) 100vw, 1024px\" \/><figcaption class=\"wp-element-caption\">Centro de Convenciones de la Fundaci\u00f3n Profesional para el Transporte. Foto: gentileza de la AAFV<\/figcaption><\/figure>\n<\/div>\n\n\n<p class=\"wp-block-paragraph\">La Asociaci\u00f3n Argentina de Floricultores y Viveristas (AAFV) celebr\u00f3 un encuentro de camarader\u00eda para presentar oficialmente la nueva sede del Congreso Nacional de Viveristas y Exposici\u00f3n Profesional 2027.<\/p>\n\n\n\n<p class=\"wp-block-paragraph\">Al evento asistieron los socios y los expositores de la edici\u00f3n 2025, quienes realizaron un reconocimiento de las instalaciones en las que se albergar\u00e1n las conferencias, los talleres, las charlas y el \u00e1rea comercial de la exposici\u00f3n.<\/p>\n\n\n\n<p class=\"wp-block-paragraph\"><em>El nuevo recinto busca elevar el est\u00e1ndar est\u00e9tico y operativo del evento<\/em>, indicaron desde la Asociaci\u00f3n. Los asistentes destacaron que la infraestructura aporta un salto de profesionalismo muy importante para el sector.<\/p>\n\n\n\n<p class=\"wp-block-paragraph\">Establecido en el Centro de Convenciones de la Fundaci\u00f3n Profesional para el Transporte, est\u00e1 ubicado en la Ruta Nacional 9, Colectora Este, Kil\u00f3metro 58 (Escobar, Buenos Aires).<\/p>\n\n\n\n<p class=\"wp-block-paragraph\"><strong><mark style=\"background-color:rgba(0, 0, 0, 0)\" class=\"has-inline-color has-vivid-purple-color\">Calendario de eventos y novedades del sector<\/mark><\/strong><\/p>\n\n\n\n<p class=\"wp-block-paragraph\"><strong>Congreso Nacional y Exposici\u00f3n Profesional 2027<\/strong>: Se confirm\u00f3 que se llevar\u00e1 a cabo durante el 15, 16 y 17 de abril de 2027.<\/p>\n\n\n\n<p class=\"wp-block-paragraph\"><strong>Almanaques 2027<\/strong>: La producci\u00f3n de este calendario fue dise\u00f1ada colaborativamente con los compradores institucionales. A tal fin, la asociaci\u00f3n distribuy\u00f3 entre ellos una encuesta para recopilar sugerencias de mejora.<\/p>\n\n\n\n<p class=\"wp-block-paragraph\"><strong>Congreso Itinerante de Viveristas 2028<\/strong>: Se confirm\u00f3 que la edici\u00f3n de ese a\u00f1o tenga lugar en la localidad de San Pedro (Buenos Aires).<\/p>\n\n\n\n<p class=\"wp-block-paragraph\"><strong>Comisi\u00f3n J\u00f3venes Viveristas<\/strong>: Durante la jornada, se present\u00f3 formalmente <em>la nueva comisi\u00f3n de j\u00f3venes de la Asociaci\u00f3n<\/em>. <em>Este espacio estrat\u00e9gico funciona como un semillero comunitario para formar a los futuros dirigentes de la entidad<\/em>, se\u00f1alaron. La coordinaci\u00f3n del grupo qued\u00f3 a cargo de Agust\u00edn Marani (Plantas Faitful).<\/p>\n\n\n\n<p class=\"wp-block-paragraph\"><\/p>\n\t\t\t\t\t\t\t\t<\/div>\n\t\t\t\t<\/div>\n\t\t\t\t\t<\/div>\n\t\t\t\t<\/div>\n\t\t<div class=\"elementor-element elementor-element-6ff0cf7 e-flex e-con-boxed e-con e-parent\" data-id=\"6ff0cf7\" data-element_type=\"container\">\n\t\t\t\t\t<div class=\"e-con-inner\">\n\t\t\t\t<div class=\"elementor-element elementor-element-15609e2 elementor-widget elementor-widget-text-editor\" data-id=\"15609e2\" data-element_type=\"widget\" data-widget_type=\"text-editor.default\">\n\t\t\t\t<div class=\"elementor-widget-container\">\n\t\t\t\t\t\t\t\t\t<h1><span style=\"color: #333333;\">Sobre el autor<\/span><\/h1>\t\t\t\t\t\t\t\t<\/div>\n\t\t\t\t<\/div>\n\t\t\t\t\t<\/div>\n\t\t\t\t<\/div>\n\t\t<div class=\"elementor-element elementor-element-bb06ca4 e-flex e-con-boxed e-con e-parent\" data-id=\"bb06ca4\" data-element_type=\"container\">\n\t\t\t\t\t<div class=\"e-con-inner\">\n\t\t\t\t<div class=\"elementor-element elementor-element-119126b elementor-author-box--link-yes elementor-author-box--avatar-yes elementor-author-box--name-yes elementor-author-box--biography-yes elementor-widget elementor-widget-author-box\" data-id=\"119126b\" data-element_type=\"widget\" data-widget_type=\"author-box.default\">\n\t\t\t\t<div class=\"elementor-widget-container\">\n\t\t\t\t\t\t\t<div class=\"elementor-author-box\">\n\t\t\t\t\t\t\t<a href=\"https:\/\/economiayviveros.com.ar\/portada\/author\/helena\/\" class=\"elementor-author-box__avatar\">\n\t\t\t\t\t<img decoding=\"async\" src=\"https:\/\/economiayviveros.com.ar\/portada\/wp-content\/uploads\/2024\/12\/Logo-5-hojas-300x300.png\" alt=\"Picture of Econom\u00eda &amp; Viveros\" loading=\"lazy\">\n\t\t\t\t<\/a>\n\t\t\t\n\t\t\t<div class=\"elementor-author-box__text\">\n\t\t\t\t\t\t\t\t\t<a href=\"https:\/\/economiayviveros.com.ar\/portada\/author\/helena\/\">\n\t\t\t\t\t\t<h4 class=\"elementor-author-box__name\">\n\t\t\t\t\t\t\tEconom\u00eda &amp; Viveros\t\t\t\t\t\t<\/h4>\n\t\t\t\t\t<\/a>\n\t\t\t\t\n\t\t\t\t\t\t\t\t\t<div class=\"elementor-author-box__bio\">\n\t\t\t\t\t\tDesde el 2009 brinda toda la informaci\u00f3n sobre la floricultura argentina.\r\n\r\nEdiciones mensuales.\t\t\t\t\t<\/div>\n\t\t\t\t\n\t\t\t\t\t\t\t\t\t<a class=\"elementor-author-box__button elementor-button elementor-size-xs\" href=\"https:\/\/economiayviveros.com.ar\/portada\/author\/helena\/\">\n\t\t\t\t\t\tM\u00e1s notas\t\t\t\t\t<\/a>\n\t\t\t\t\t\t\t<\/div>\n\t\t<\/div>\n\t\t\t\t\t\t<\/div>\n\t\t\t\t<\/div>\n\t\t\t\t\t<\/div>\n\t\t\t\t<\/div>\n\t\t\t\t<\/div>\n\t\t","protected":false},"excerpt":{"rendered":"<p>IM\u00c1GENES DE NUESTRA FLORICULTURA Adem\u00e1s, la fecha del 41.\u00b0 Congreso Nacional de Viveristas y la 19.\u00b0 Exposici\u00f3n Profesional. D\u00f3nde se realizar\u00e1 el Congreso Itinerante de Viveristas 2027.<\/p>\n","protected":false},"author":1,"featured_media":0,"comment_status":"closed","ping_status":"open","sticky":false,"template":"","format":"standard","meta":{"iawp_total_views":1,"footnotes":""},"categories":[3],"tags":[],"class_list":["post-5736","post","type-post","status-publish","format-standard","hentry","category-actualidad"],"_links":{"self":[{"href":"https:\/\/economiayviveros.com.ar\/portada\/wp-json\/wp\/v2\/posts\/5736","targetHints":{"allow":["GET"]}}],"collection":[{"href":"https:\/\/economiayviveros.com.ar\/portada\/wp-json\/wp\/v2\/posts"}],"about":[{"href":"https:\/\/economiayviveros.com.ar\/portada\/wp-json\/wp\/v2\/types\/post"}],"author":[{"embeddable":true,"href":"https:\/\/economiayviveros.com.ar\/portada\/wp-json\/wp\/v2\/users\/1"}],"replies":[{"embeddable":true,"href":"https:\/\/economiayviveros.com.ar\/portada\/wp-json\/wp\/v2\/comments?post=5736"}],"version-history":[{"count":4,"href":"https:\/\/economiayviveros.com.ar\/portada\/wp-json\/wp\/v2\/posts\/5736\/revisions"}],"predecessor-version":[{"id":5831,"href":"https:\/\/economiayviveros.com.ar\/portada\/wp-json\/wp\/v2\/posts\/5736\/revisions\/5831"}],"wp:attachment":[{"href":"https:\/\/economiayviveros.com.ar\/portada\/wp-json\/wp\/v2\/media?parent=5736"}],"wp:term":[{"taxonomy":"category","embeddable":true,"href":"https:\/\/economiayviveros.com.ar\/portada\/wp-json\/wp\/v2\/categories?post=5736"},{"taxonomy":"post_tag","embeddable":true,"href":"https:\/\/economiayviveros.com.ar\/portada\/wp-json\/wp\/v2\/tags?post=5736"}],"curies":[{"name":"wp","href":"https:\/\/api.w.org\/{rel}","templated":true}]}}