{"id":5731,"date":"2026-09-01T17:45:41","date_gmt":"2026-09-01T20:45:41","guid":{"rendered":"https:\/\/economiayviveros.com.ar\/portada\/?p=5731"},"modified":"2026-09-02T21:27:14","modified_gmt":"2026-09-03T00:27:14","slug":"por-que-el-paisajista-necesita-formarse-en-iluminacion","status":"publish","type":"post","link":"https:\/\/economiayviveros.com.ar\/portada\/por-que-el-paisajista-necesita-formarse-en-iluminacion\/","title":{"rendered":"Por qu\u00e9 el paisajista necesita formarse en iluminaci\u00f3n"},"content":{"rendered":"\t\t<div data-elementor-type=\"wp-post\" data-elementor-id=\"5731\" class=\"elementor elementor-5731\" data-elementor-post-type=\"post\">\n\t\t\t\t<div class=\"elementor-element elementor-element-63a89c2b e-flex e-con-boxed e-con e-parent\" data-id=\"63a89c2b\" data-element_type=\"container\">\n\t\t\t\t\t<div class=\"e-con-inner\">\n\t\t\t\t<div class=\"elementor-element elementor-element-e38756e elementor-widget elementor-widget-text-editor\" data-id=\"e38756e\" data-element_type=\"widget\" data-widget_type=\"text-editor.default\">\n\t\t\t\t<div class=\"elementor-widget-container\">\n\t\t\t\t\t\t\t\t\t\n<h4 class=\"wp-block-heading\">Qu\u00e9 se observa en el \u00e1mbito profesional: el paisajista y el arquitecto de exteriores contempor\u00e1neos ya no delegan por completo la iluminaci\u00f3n en un tercero ajeno al proyecto. Cu\u00e1l es el motivo y c\u00f3mo lograr esto de forma exitosa.<\/h4>\n\n\n<div class=\"wp-block-image\">\n<figure class=\"aligncenter size-large\"><img fetchpriority=\"high\" decoding=\"async\" width=\"1024\" height=\"683\" src=\"https:\/\/economiayviveros.com.ar\/portada\/wp-content\/uploads\/2026\/08\/Nota-1-Luces-0926-G-1024x683.jpg\" alt=\"\" class=\"wp-image-5733\" srcset=\"https:\/\/economiayviveros.com.ar\/portada\/wp-content\/uploads\/2026\/08\/Nota-1-Luces-0926-G-1024x683.jpg 1024w, https:\/\/economiayviveros.com.ar\/portada\/wp-content\/uploads\/2026\/08\/Nota-1-Luces-0926-G-768x512.jpg 768w, https:\/\/economiayviveros.com.ar\/portada\/wp-content\/uploads\/2026\/08\/Nota-1-Luces-0926-G-300x200.jpg 300w, https:\/\/economiayviveros.com.ar\/portada\/wp-content\/uploads\/2026\/08\/Nota-1-Luces-0926-G.jpg 1200w\" sizes=\"(max-width: 1024px) 100vw, 1024px\" \/><figcaption class=\"wp-element-caption\">Foto: gentileza de Edgardo Cappiello<\/figcaption><\/figure>\n<\/div>\n\n\n<p class=\"wp-block-paragraph\">Durante siglos, el paisaje se proyect\u00f3 pensando, casi exclusivamente, en c\u00f3mo se ve de d\u00eda. La luz natural defini\u00f3 texturas, sombras, recorridos y atm\u00f3sferas, mientras que la noche quedaba fuera del ejercicio proyectual, resuelta \u2014cuando se resolv\u00eda\u2014 con criterios funcionales de seguridad vial y poco m\u00e1s.<\/p>\n\n\n\n<p class=\"wp-block-paragraph\">Hoy esa omisi\u00f3n ya es insostenible. Un espacio p\u00fablico, un parque, una plaza o un paseo urbano tienen una segunda vida, nocturna, que necesita ser dise\u00f1ada con el mismo rigor que la diurna.<\/p>\n\n\n\n<p class=\"wp-block-paragraph\"><strong><mark style=\"background-color:rgba(0, 0, 0, 0)\" class=\"has-inline-color has-vivid-purple-color\">La luz no es un agregado t\u00e9cnico: es una decisi\u00f3n de dise\u00f1o<\/mark><\/strong><\/p>\n\n\n\n<p class=\"wp-block-paragraph\">Iluminar un paisaje no es \u201cponer luminarias\u201d. Es decidir qu\u00e9 se revela y qu\u00e9 se deja en penumbra, qu\u00e9 jerarqu\u00edas visuales se construyen, qu\u00e9 recorridos se sugieren y qu\u00e9 atm\u00f3sferas se generan.<\/p>\n\n\n\n<p class=\"wp-block-paragraph\">Esa decisi\u00f3n solo puede tomarse con criterio proyectual si quien dise\u00f1a comprende c\u00f3mo funciona la percepci\u00f3n visual humana: qu\u00e9 diferencia hay entre iluminar una superficie y lograr que el ojo la perciba con confort. Tambi\u00e9n, por qu\u00e9 dos espacios con el mismo nivel de lux (unidad de iluminancia) pueden generar sensaciones completamente distintas; por qu\u00e9 el ojo necesita tiempo para adaptarse al pasar de una zona muy iluminada a una oscura, y qu\u00e9 implica eso para el recorrido de un visitante en un parque nocturno.<\/p>\n\n\n\n<p class=\"wp-block-paragraph\">Sin estos fundamentos, el dise\u00f1o de iluminaci\u00f3n exterior queda librado a la intuici\u00f3n o, peor, a los cat\u00e1logos de los fabricantes. Con ellos, se convierte en una herramienta expresiva y funcional al servicio del proyecto paisaj\u00edstico.<\/p>\n\n\n\n<p class=\"wp-block-paragraph\"><mark style=\"background-color:rgba(0, 0, 0, 0)\" class=\"has-inline-color has-vivid-purple-color\"><strong>Tres ejes del dise\u00f1o<\/strong> <\/mark><\/p>\n\n\n\n<p class=\"wp-block-paragraph\"><strong>Percepci\u00f3<\/strong><strong>n visual.<\/strong> Dise\u00f1ar para la noche exige entender c\u00f3mo ve el ojo en condiciones de baja luminancia, c\u00f3mo se comporta la visi\u00f3n mes\u00f3pica \u2014la zona de transici\u00f3n t\u00edpica de parques, senderos y espacios de circulaci\u00f3n nocturna\u2014 y por qu\u00e9 el confort visual no se mide solo en lux, sino en la relaci\u00f3n entre luces y sombras, en los contrastes y en la ausencia de deslumbramiento. Un paisaje bien iluminado es, ante todo, un paisaje legible y agradable para el ojo humano en funci\u00f3n de jerarqu\u00edas.<\/p>\n\n\n\n<p class=\"wp-block-paragraph\"><strong>Sustentabilidad y ausencia de contaminaci\u00f3n lum\u00ed<\/strong><strong>nica.<\/strong> La iluminaci\u00f3n exterior tiene un impacto ambiental que excede al usuario humano: afecta la fauna nocturna, los ciclos biol\u00f3gicos de la vegetaci\u00f3n y el propio cielo como recurso paisaj\u00edstico. Formarse significa aprender a proyectar con la luz justa, en el lugar justo, en el momento justo \u2014ni un lumen de m\u00e1s\u2014, integrando criterios de eficiencia energ\u00e9tica, control de flujo hacia el cielo y selecci\u00f3n responsable de temperaturas de color y niveles de intensidad.<\/p>\n\n\n\n<p class=\"wp-block-paragraph\"><strong>Administraci\u00f3n t<\/strong><strong>\u00e9<\/strong><strong>cnica y profesional del equipamiento.<\/strong> Ninguna intenci\u00f3n de dise\u00f1o sobrevive a una mala especificaci\u00f3n t\u00e9cnica. Conocer el comportamiento de las fuentes LED, los <em>drivers<\/em>, los grados de protecci\u00f3n para intemperie, la resistencia a la humedad y a la vegetaci\u00f3n, los criterios de mantenimiento y la correcta documentaci\u00f3n t\u00e9cnica del proyecto es lo que permite que una idea luminosa se sostenga en el tiempo con resultados \u00f3ptimos y previsibles.<\/p>\n\n\n\n<p class=\"wp-block-paragraph\"><strong><mark style=\"background-color:rgba(0, 0, 0, 0)\" class=\"has-inline-color has-vivid-purple-color\">\u201cMenos es m\u00e1s\u201d: el lema que gu\u00eda cada decisi\u00f3n<\/mark><\/strong><\/p>\n\n\n\n<p class=\"wp-block-paragraph\">En un campo donde suele primar la tentaci\u00f3n de iluminar todo, el profesional bien formado tiene una propuesta que reivindica exactamente lo contrario. Menos puntos de luz, mejor ubicados. Menos intensidad, mejor dirigida. Menos temperatura de color agresiva, m\u00e1s calidez y respeto por el entorno nocturno natural.<\/p>\n\n\n\n<p class=\"wp-block-paragraph\">La sobriedad lum\u00ednica no es una limitaci\u00f3n: es una postura de dise\u00f1o madura, coherente con la sustentabilidad y con una experiencia sensorial m\u00e1s rica, donde la oscuridad tambi\u00e9n forma parte del proyecto.<\/p>\n\n\n\n<p class=\"wp-block-paragraph\"><strong><mark style=\"background-color:rgba(0, 0, 0, 0)\" class=\"has-inline-color has-vivid-purple-color\">La iluminaci\u00f3n estrat\u00e9gica<\/mark><\/strong> <\/p>\n\n\n\n<p class=\"wp-block-paragraph\">El paisajista y el arquitecto de exteriores contempor\u00e1neos ya no pueden delegar por completo la iluminaci\u00f3n en un tercero ajeno al proyecto. Cada vez m\u00e1s, los pliegos, los concursos y los clientes exigen una mirada integral que contemple el ciclo d\u00eda-noche desde el primer trazo.<\/p>\n\n\n\n<p class=\"wp-block-paragraph\">Contar con herramientas propias de dise\u00f1o lum\u00ednico permite:<\/p>\n\n\n\n<p class=\"wp-block-paragraph\">&#8211; Incorporar la variable nocturna desde las etapas tempranas del proyecto, y no, como un agregado final.<\/p>\n\n\n\n<p class=\"wp-block-paragraph\">&#8211; Dialogar de igual a igual con especialistas en iluminaci\u00f3n, ingenieros y proveedores, sin perder el control creativo del proyecto.<\/p>\n\n\n\n<p class=\"wp-block-paragraph\">&#8211; Tomar decisiones informadas sobre sustentabilidad, eficiencia energ\u00e9tica y contaminaci\u00f3n lum\u00ednica, cada vez m\u00e1s reguladas y valoradas socialmente.<\/p>\n\n\n\n<p class=\"wp-block-paragraph\">&#8211; Diferenciarse profesionalmente en un mercado donde el dise\u00f1o de paisajes nocturnos de calidad todav\u00eda es escaso.<\/p>\n\n\n\n<p class=\"wp-block-paragraph\">No se trata de que los paisajistas sean t\u00e9cnicos en luminotecnia, sino profesionales capaces de pensar la luz como una dimensi\u00f3n m\u00e1s del proyecto de paisaje: tan expresiva como la vegetaci\u00f3n, tan estructurante como la topograf\u00eda, tan responsable con el ambiente como cualquier otra decisi\u00f3n sustentable.<\/p>\n\n\n\n<p class=\"wp-block-paragraph\">Porque el paisaje no termina cuando se pone el sol. Empieza otra vez.<\/p>\n\t\t\t\t\t\t\t\t<\/div>\n\t\t\t\t<\/div>\n\t\t\t\t\t<\/div>\n\t\t\t\t<\/div>\n\t\t<div class=\"elementor-element elementor-element-21ab796 e-flex e-con-boxed e-con e-parent\" data-id=\"21ab796\" data-element_type=\"container\">\n\t\t\t\t\t<div class=\"e-con-inner\">\n\t\t\t\t<div class=\"elementor-element elementor-element-e326fa4 elementor-widget elementor-widget-text-editor\" data-id=\"e326fa4\" data-element_type=\"widget\" data-widget_type=\"text-editor.default\">\n\t\t\t\t<div class=\"elementor-widget-container\">\n\t\t\t\t\t\t\t\t\t<h1><span style=\"color: #333333;\">Sobre el autor<\/span><\/h1>\t\t\t\t\t\t\t\t<\/div>\n\t\t\t\t<\/div>\n\t\t\t\t\t<\/div>\n\t\t\t\t<\/div>\n\t\t<div class=\"elementor-element elementor-element-617ff01 e-flex e-con-boxed e-con e-parent\" data-id=\"617ff01\" data-element_type=\"container\">\n\t\t\t\t\t<div class=\"e-con-inner\">\n\t\t\t\t<div class=\"elementor-element elementor-element-2285e21 elementor-author-box--link-yes elementor-author-box--avatar-yes elementor-author-box--name-yes elementor-author-box--biography-yes elementor-widget elementor-widget-author-box\" data-id=\"2285e21\" data-element_type=\"widget\" data-widget_type=\"author-box.default\">\n\t\t\t\t<div class=\"elementor-widget-container\">\n\t\t\t\t\t\t\t<div class=\"elementor-author-box\">\n\t\t\t\t\t\t\t<a href=\"https:\/\/economiayviveros.com.ar\/portada\/author\/edgardo-cappiello\/\" class=\"elementor-author-box__avatar\">\n\t\t\t\t\t<img decoding=\"async\" src=\"https:\/\/secure.gravatar.com\/avatar\/888ab5173ad9e7dd266eafd981d17d518d80b8d5000c31adf04217f6841ffdc2?s=300&#038;d=mm&#038;r=g\" alt=\"Picture of Edgardo Cappiello\" loading=\"lazy\">\n\t\t\t\t<\/a>\n\t\t\t\n\t\t\t<div class=\"elementor-author-box__text\">\n\t\t\t\t\t\t\t\t\t<a href=\"https:\/\/economiayviveros.com.ar\/portada\/author\/edgardo-cappiello\/\">\n\t\t\t\t\t\t<h4 class=\"elementor-author-box__name\">\n\t\t\t\t\t\t\tEdgardo Cappiello\t\t\t\t\t\t<\/h4>\n\t\t\t\t\t<\/a>\n\t\t\t\t\n\t\t\t\t\t\t\t\t\t<div class=\"elementor-author-box__bio\">\n\t\t\t\t\t\tIngeniero Civil.\r\nEspecialista en dise\u00f1o de iluminaci\u00f3n profesional.\r\nProfesor de la Especializaci\u00f3n en Planificaci\u00f3n del Paisaje FADU-UBA.\r\nDirector del Posgrado en Dise\u00f1o de Iluminaci\u00f3n Arquitect\u00f3nica Profesional FADU-UBA.\t\t\t\t\t<\/div>\n\t\t\t\t\n\t\t\t\t\t\t\t\t\t<a class=\"elementor-author-box__button elementor-button elementor-size-xs\" href=\"https:\/\/economiayviveros.com.ar\/portada\/author\/edgardo-cappiello\/\">\n\t\t\t\t\t\tM\u00e1s notas\t\t\t\t\t<\/a>\n\t\t\t\t\t\t\t<\/div>\n\t\t<\/div>\n\t\t\t\t\t\t<\/div>\n\t\t\t\t<\/div>\n\t\t\t\t\t<\/div>\n\t\t\t\t<\/div>\n\t\t\t\t<\/div>\n\t\t","protected":false},"excerpt":{"rendered":"<p>Qu\u00e9 se observa en el \u00e1mbito profesional: el paisajista y el arquitecto de exteriores contempor\u00e1neos ya no delegan por completo la iluminaci\u00f3n en un tercero ajeno al proyecto. Cu\u00e1l es el motivo y c\u00f3mo lograr esto de forma exitosa.<\/p>\n","protected":false},"author":39,"featured_media":5733,"comment_status":"closed","ping_status":"open","sticky":false,"template":"","format":"standard","meta":{"iawp_total_views":0,"footnotes":""},"categories":[5],"tags":[],"class_list":["post-5731","post","type-post","status-publish","format-standard","has-post-thumbnail","hentry","category-ciencia-arte"],"_links":{"self":[{"href":"https:\/\/economiayviveros.com.ar\/portada\/wp-json\/wp\/v2\/posts\/5731","targetHints":{"allow":["GET"]}}],"collection":[{"href":"https:\/\/economiayviveros.com.ar\/portada\/wp-json\/wp\/v2\/posts"}],"about":[{"href":"https:\/\/economiayviveros.com.ar\/portada\/wp-json\/wp\/v2\/types\/post"}],"author":[{"embeddable":true,"href":"https:\/\/economiayviveros.com.ar\/portada\/wp-json\/wp\/v2\/users\/39"}],"replies":[{"embeddable":true,"href":"https:\/\/economiayviveros.com.ar\/portada\/wp-json\/wp\/v2\/comments?post=5731"}],"version-history":[{"count":4,"href":"https:\/\/economiayviveros.com.ar\/portada\/wp-json\/wp\/v2\/posts\/5731\/revisions"}],"predecessor-version":[{"id":5837,"href":"https:\/\/economiayviveros.com.ar\/portada\/wp-json\/wp\/v2\/posts\/5731\/revisions\/5837"}],"wp:featuredmedia":[{"embeddable":true,"href":"https:\/\/economiayviveros.com.ar\/portada\/wp-json\/wp\/v2\/media\/5733"}],"wp:attachment":[{"href":"https:\/\/economiayviveros.com.ar\/portada\/wp-json\/wp\/v2\/media?parent=5731"}],"wp:term":[{"taxonomy":"category","embeddable":true,"href":"https:\/\/economiayviveros.com.ar\/portada\/wp-json\/wp\/v2\/categories?post=5731"},{"taxonomy":"post_tag","embeddable":true,"href":"https:\/\/economiayviveros.com.ar\/portada\/wp-json\/wp\/v2\/tags?post=5731"}],"curies":[{"name":"wp","href":"https:\/\/api.w.org\/{rel}","templated":true}]}}