{"id":5728,"date":"2026-09-01T17:47:25","date_gmt":"2026-09-01T20:47:25","guid":{"rendered":"https:\/\/economiayviveros.com.ar\/portada\/?p=5728"},"modified":"2026-09-02T21:27:03","modified_gmt":"2026-09-03T00:27:03","slug":"agua-caliente-para-prolongar-la-vida-de-los-liliums","status":"publish","type":"post","link":"https:\/\/economiayviveros.com.ar\/portada\/agua-caliente-para-prolongar-la-vida-de-los-liliums\/","title":{"rendered":"Agua caliente para prolongar la vida de los liliums"},"content":{"rendered":"\t\t<div data-elementor-type=\"wp-post\" data-elementor-id=\"5728\" class=\"elementor elementor-5728\" data-elementor-post-type=\"post\">\n\t\t\t\t<div class=\"elementor-element elementor-element-40801baa e-flex e-con-boxed e-con e-parent\" data-id=\"40801baa\" data-element_type=\"container\">\n\t\t\t\t\t<div class=\"e-con-inner\">\n\t\t\t\t<div class=\"elementor-element elementor-element-29b32977 elementor-widget elementor-widget-text-editor\" data-id=\"29b32977\" data-element_type=\"widget\" data-widget_type=\"text-editor.default\">\n\t\t\t\t<div class=\"elementor-widget-container\">\n\t\t\t\t\t\t\t\t\t\n<h4 class=\"wp-block-heading\">Una investigaci\u00f3n del INTA propone emplear agua a una determinada temperatura para lograr una mejor calidad de las flores de corte. Te contamos a cu\u00e1ntos grados debe estar y todo lo que necesitas para aplicar esta t\u00e9cnica de poscosecha.<\/h4>\n\n\n<div class=\"wp-block-image\">\n<figure class=\"aligncenter size-large\"><img fetchpriority=\"high\" decoding=\"async\" width=\"1024\" height=\"683\" src=\"https:\/\/economiayviveros.com.ar\/portada\/wp-content\/uploads\/2026\/08\/NOta-2-Liliums-0926-G-1024x683.jpg\" alt=\"\" class=\"wp-image-5732\" srcset=\"https:\/\/economiayviveros.com.ar\/portada\/wp-content\/uploads\/2026\/08\/NOta-2-Liliums-0926-G-1024x683.jpg 1024w, https:\/\/economiayviveros.com.ar\/portada\/wp-content\/uploads\/2026\/08\/NOta-2-Liliums-0926-G-300x200.jpg 300w, https:\/\/economiayviveros.com.ar\/portada\/wp-content\/uploads\/2026\/08\/NOta-2-Liliums-0926-G-768x512.jpg 768w, https:\/\/economiayviveros.com.ar\/portada\/wp-content\/uploads\/2026\/08\/NOta-2-Liliums-0926-G.jpg 1200w\" sizes=\"(max-width: 1024px) 100vw, 1024px\" \/><figcaption class=\"wp-element-caption\"><em>Lilium<\/em>. Foto: Adobe Stock<\/figcaption><\/figure>\n<\/div>\n\n\n<p class=\"wp-block-paragraph\">El tiempo de vida poscosecha es uno de los principales desaf\u00edos para la comercializaci\u00f3n de flores de corte. Un estudio realizado por investigadores argentinos demostr\u00f3 que un breve tratamiento con agua caliente, aplicado \u00fanicamente en la base del tallo, puede retrasar el envejecimiento y mantener la calidad de los lilium (<em>Lilium<\/em> spp.), durante m\u00e1s tiempo. Esto ofrece una alternativa sencilla y de bajo costo para productores y comercializadores.<\/p>\n\n\n\n<p class=\"wp-block-paragraph\">Cada flor comienza a perder calidad desde el momento en que es cosechada. El corte del suministro de agua y de los nutrientes genera un estr\u00e9s fisiol\u00f3gico que acelera el envejecimiento de los tejidos.<\/p>\n\n\n\n<p class=\"wp-block-paragraph\">En especies ornamentales como el Lilium (<em>Lilium longiflorum<\/em>), este proceso se manifiesta mediante el amarillamiento de las hojas, la p\u00e9rdida de firmeza de los p\u00e9talos y una reducci\u00f3n de la vida en el florero. Todos ellos son factores que disminuyen el valor comercial de la flor.<\/p>\n\n\n\n<p class=\"wp-block-paragraph\">Con el objetivo de encontrar alternativas pr\u00e1cticas para retrasar estos procesos, los investigadores del Instituto de Floricultura del INTA, de la Universidad de Buenos Aires y de la Universidad Nacional de La Plata evaluaron el efecto de un tratamiento t\u00e9rmico localizado en la base del tallo floral.<\/p>\n\n\n\n<p class=\"wp-block-paragraph\">La t\u00e9cnica consiste en sumergir, \u00fanicamente, los primeros dos cent\u00edmetros del tallo reci\u00e9n cortado en agua a 50 \u00b0C, durante cinco minutos. A diferencia de otros tratamientos t\u00e9rmicos que involucran toda la flor, esta estrategia act\u00faa, exclusivamente, sobre la zona donde ocurre el corte, un punto que es en particular vulnerable al estr\u00e9s generado por la cosecha.<\/p>\n\n\n\n<p class=\"wp-block-paragraph\"><strong><mark style=\"background-color:rgba(0, 0, 0, 0)\" class=\"has-inline-color has-vivid-purple-color\">Flores que conservan mejor su calidad<\/mark><\/strong><\/p>\n\n\n\n<p class=\"wp-block-paragraph\">Los resultados mostraron que los tallos tratados perdieron menos agua y menos peso durante el almacenamiento. Adem\u00e1s, los botones florales se abrieron de manera m\u00e1s lenta y uniforme, lo que permiti\u00f3 extender el per\u00edodo en que las flores permanecieron en condiciones comerciales \u00f3ptimas.<\/p>\n\n\n\n<p class=\"wp-block-paragraph\">Otro aspecto destacado fue la conservaci\u00f3n del color verde de las hojas. El amarillamiento foliar es una de las principales causas de descarte en flores de corte; incluso, cuando las flores a\u00fan presentan buen aspecto. En este estudio, las plantas tratadas mantuvieron durante m\u00e1s tiempo el contenido de clorofila, retrasando, de esa manera, el deterioro visual.<\/p>\n\n\n\n<p class=\"wp-block-paragraph\"><strong><mark style=\"background-color:rgba(0, 0, 0, 0)\" class=\"has-inline-color has-vivid-purple-color\">\u00bfQu\u00e9 sucede dentro de la flor?<\/mark><\/strong><\/p>\n\n\n\n<p class=\"wp-block-paragraph\">El tratamiento t\u00e9rmico gener\u00f3 respuestas internas que ayudaron a las flores a enfrentar el estr\u00e9s provocado por la cosecha. Se observ\u00f3 una mejor conservaci\u00f3n de los az\u00facares, compuestos esenciales para mantener el metabolismo de las flores. Como consecuencia, se retras\u00f3 la aparici\u00f3n de los s\u00edntomas t\u00edpicos del envejecimiento, y eso permiti\u00f3 que las flores mantuvieran por m\u00e1s tiempo su frescura.<\/p>\n\n\n\n<p class=\"wp-block-paragraph\">Un hallazgo especialmente interesante fue la conservaci\u00f3n prolongada de los pigmentos naturales. Las flores sometidas al tratamiento conservaron una coloraci\u00f3n m\u00e1s intensa y estable, lo que se tradujo en un atractivo visual superior. En otras palabras, no solo se preserv\u00f3 su funcionamiento interno, sino tambi\u00e9n su valor est\u00e9tico, un aspecto esencial para la comercializaci\u00f3n y la apreciaci\u00f3n de las especies ornamentales.<\/p>\n\n\n\n<p class=\"wp-block-paragraph\"><strong><mark style=\"background-color:rgba(0, 0, 0, 0)\" class=\"has-inline-color has-vivid-purple-color\">Una herramienta simple para la cadena flor\u00edcola<\/mark><\/strong><\/p>\n\n\n\n<p class=\"wp-block-paragraph\">Uno de los aspectos m\u00e1s relevantes de esta tecnolog\u00eda es su simplicidad. No requiere productos qu\u00edmicos, equipamiento sofisticado ni modificaciones importantes en el manejo poscosecha. Basta con controlar la temperatura del agua y el tiempo de inmersi\u00f3n para obtener un efecto beneficioso sobre la calidad de las flores.<\/p>\n\n\n\n<p class=\"wp-block-paragraph\">Esto convierte a la metodolog\u00eda en una alternativa especialmente interesante para viveros, productores, empacadoras y distribuidores que buscan reducir p\u00e9rdidas durante el almacenamiento y el transporte. En un contexto en el que el sector demanda tecnolog\u00edas m\u00e1s sustentables y eficientes, este tipo de pr\u00e1cticas representa una oportunidad para agregar valor sin incrementar significativamente los costos de producci\u00f3n.<\/p>\n\n\n\n<p class=\"wp-block-paragraph\">Los resultados obtenidos demuestran que un tratamiento t\u00e9rmico localizado puede transformarse en una herramienta de manejo poscosecha con alto potencial de aplicaci\u00f3n comercial, y contribuir, a la vez, a prolongar la vida en florero y mejorar la calidad de los liliums destinados al mercado ornamental.<\/p>\n\n\n\n<p class=\"wp-block-paragraph\"><strong>Texto: Ing. Agr. Gunther Alfredo Mantilla (Instituto de Floricultura del INTA).<\/strong><\/p>\n\n\n\n<p class=\"wp-block-paragraph\">Este art\u00edculo de divulgaci\u00f3n se basa en resultados obtenidos en una investigaci\u00f3n desarrollada en colaboraci\u00f3n con Libertad Mascarini, Hugo Daniel Chludil y Gustavo Adolfo Mart\u00ednez, publicada en la revista <em>Ornamental Horticulture.<\/em><\/p>\n\n\n\n<p class=\"wp-block-paragraph\"><\/p>\n\t\t\t\t\t\t\t\t<\/div>\n\t\t\t\t<\/div>\n\t\t\t\t\t<\/div>\n\t\t\t\t<\/div>\n\t\t<div class=\"elementor-element elementor-element-84918f1 e-flex e-con-boxed e-con e-parent\" data-id=\"84918f1\" data-element_type=\"container\">\n\t\t\t\t\t<div class=\"e-con-inner\">\n\t\t\t\t<div class=\"elementor-element elementor-element-f347ca2 elementor-widget elementor-widget-text-editor\" data-id=\"f347ca2\" data-element_type=\"widget\" data-widget_type=\"text-editor.default\">\n\t\t\t\t<div class=\"elementor-widget-container\">\n\t\t\t\t\t\t\t\t\t<h1><span style=\"color: #333333;\">Sobre el autor<\/span><\/h1>\t\t\t\t\t\t\t\t<\/div>\n\t\t\t\t<\/div>\n\t\t\t\t\t<\/div>\n\t\t\t\t<\/div>\n\t\t<div class=\"elementor-element elementor-element-220bfb9 e-flex e-con-boxed e-con e-parent\" data-id=\"220bfb9\" data-element_type=\"container\">\n\t\t\t\t\t<div class=\"e-con-inner\">\n\t\t\t\t<div class=\"elementor-element elementor-element-70f041e elementor-author-box--link-yes elementor-author-box--avatar-yes elementor-author-box--name-yes elementor-author-box--biography-yes elementor-widget elementor-widget-author-box\" data-id=\"70f041e\" data-element_type=\"widget\" data-widget_type=\"author-box.default\">\n\t\t\t\t<div class=\"elementor-widget-container\">\n\t\t\t\t\t\t\t<div class=\"elementor-author-box\">\n\t\t\t\t\t\t\t<a href=\"https:\/\/economiayviveros.com.ar\/portada\/author\/instituto-de-floricultura-del-inta\/\" class=\"elementor-author-box__avatar\">\n\t\t\t\t\t<img decoding=\"async\" src=\"https:\/\/economiayviveros.com.ar\/portada\/wp-content\/uploads\/2026\/04\/FLORICULTURA-01.jpg-300x300.jpeg\" alt=\"Picture of Instituto de Floricultura del INTA\" loading=\"lazy\">\n\t\t\t\t<\/a>\n\t\t\t\n\t\t\t<div class=\"elementor-author-box__text\">\n\t\t\t\t\t\t\t\t\t<a href=\"https:\/\/economiayviveros.com.ar\/portada\/author\/instituto-de-floricultura-del-inta\/\">\n\t\t\t\t\t\t<h4 class=\"elementor-author-box__name\">\n\t\t\t\t\t\t\tInstituto de Floricultura del INTA\t\t\t\t\t\t<\/h4>\n\t\t\t\t\t<\/a>\n\t\t\t\t\n\t\t\t\t\t\t\t\t\t<div class=\"elementor-author-box__bio\">\n\t\t\t\t\t\t\t\t\t\t\t<\/div>\n\t\t\t\t\n\t\t\t\t\t\t\t\t\t<a class=\"elementor-author-box__button elementor-button elementor-size-xs\" href=\"https:\/\/economiayviveros.com.ar\/portada\/author\/instituto-de-floricultura-del-inta\/\">\n\t\t\t\t\t\tM\u00e1s notas\t\t\t\t\t<\/a>\n\t\t\t\t\t\t\t<\/div>\n\t\t<\/div>\n\t\t\t\t\t\t<\/div>\n\t\t\t\t<\/div>\n\t\t\t\t\t<\/div>\n\t\t\t\t<\/div>\n\t\t\t\t<\/div>\n\t\t","protected":false},"excerpt":{"rendered":"<p>Una investigaci\u00f3n del INTA propone emplear agua a una determinada temperatura para lograr una mejor calidad de las flores de corte. Te contamos a cu\u00e1ntos grados debe estar y todo lo que necesitas para aplicar esta t\u00e9cnica de poscosecha.<\/p>\n","protected":false},"author":30,"featured_media":5732,"comment_status":"closed","ping_status":"open","sticky":false,"template":"","format":"standard","meta":{"iawp_total_views":4,"footnotes":""},"categories":[5],"tags":[],"class_list":["post-5728","post","type-post","status-publish","format-standard","has-post-thumbnail","hentry","category-ciencia-arte"],"_links":{"self":[{"href":"https:\/\/economiayviveros.com.ar\/portada\/wp-json\/wp\/v2\/posts\/5728","targetHints":{"allow":["GET"]}}],"collection":[{"href":"https:\/\/economiayviveros.com.ar\/portada\/wp-json\/wp\/v2\/posts"}],"about":[{"href":"https:\/\/economiayviveros.com.ar\/portada\/wp-json\/wp\/v2\/types\/post"}],"author":[{"embeddable":true,"href":"https:\/\/economiayviveros.com.ar\/portada\/wp-json\/wp\/v2\/users\/30"}],"replies":[{"embeddable":true,"href":"https:\/\/economiayviveros.com.ar\/portada\/wp-json\/wp\/v2\/comments?post=5728"}],"version-history":[{"count":4,"href":"https:\/\/economiayviveros.com.ar\/portada\/wp-json\/wp\/v2\/posts\/5728\/revisions"}],"predecessor-version":[{"id":5834,"href":"https:\/\/economiayviveros.com.ar\/portada\/wp-json\/wp\/v2\/posts\/5728\/revisions\/5834"}],"wp:featuredmedia":[{"embeddable":true,"href":"https:\/\/economiayviveros.com.ar\/portada\/wp-json\/wp\/v2\/media\/5732"}],"wp:attachment":[{"href":"https:\/\/economiayviveros.com.ar\/portada\/wp-json\/wp\/v2\/media?parent=5728"}],"wp:term":[{"taxonomy":"category","embeddable":true,"href":"https:\/\/economiayviveros.com.ar\/portada\/wp-json\/wp\/v2\/categories?post=5728"},{"taxonomy":"post_tag","embeddable":true,"href":"https:\/\/economiayviveros.com.ar\/portada\/wp-json\/wp\/v2\/tags?post=5728"}],"curies":[{"name":"wp","href":"https:\/\/api.w.org\/{rel}","templated":true}]}}