{"id":5727,"date":"2026-09-01T17:29:22","date_gmt":"2026-09-01T20:29:22","guid":{"rendered":"https:\/\/economiayviveros.com.ar\/portada\/?p=5727"},"modified":"2026-09-02T21:27:29","modified_gmt":"2026-09-03T00:27:29","slug":"la-petunia-que-no-era-tal-un-endemismo-patagonico","status":"publish","type":"post","link":"https:\/\/economiayviveros.com.ar\/portada\/la-petunia-que-no-era-tal-un-endemismo-patagonico\/","title":{"rendered":"La petunia que no era tal: un endemismo patag\u00f3nico"},"content":{"rendered":"\t\t<div data-elementor-type=\"wp-post\" data-elementor-id=\"5727\" class=\"elementor elementor-5727\" data-elementor-post-type=\"post\">\n\t\t\t\t<div class=\"elementor-element elementor-element-7b6960e1 e-flex e-con-boxed e-con e-parent\" data-id=\"7b6960e1\" data-element_type=\"container\">\n\t\t\t\t\t<div class=\"e-con-inner\">\n\t\t\t\t<div class=\"elementor-element elementor-element-716a3a95 elementor-widget elementor-widget-text-editor\" data-id=\"716a3a95\" data-element_type=\"widget\" data-widget_type=\"text-editor.default\">\n\t\t\t\t<div class=\"elementor-widget-container\">\n\t\t\t\t\t\t\t\t\t\n<h4 class=\"wp-block-heading\">Descripta originalmente como <em>Nierembergia patagonica,<\/em> devino su denominaci\u00f3n en <em>Fabiana australis.<\/em> Una historia muy interesante que incluye a Carlos Ameghino, hermano del c\u00e9lebre Florentino Ameghino.<\/h4>\n\n\n<div class=\"wp-block-image\">\n<figure class=\"aligncenter size-large\"><img fetchpriority=\"high\" decoding=\"async\" width=\"1024\" height=\"683\" src=\"https:\/\/economiayviveros.com.ar\/portada\/wp-content\/uploads\/2026\/08\/Nota-3-Fabiana-australis-0926-G-1024x683.jpg\" alt=\"\" class=\"wp-image-5729\" srcset=\"https:\/\/economiayviveros.com.ar\/portada\/wp-content\/uploads\/2026\/08\/Nota-3-Fabiana-australis-0926-G-1024x683.jpg 1024w, https:\/\/economiayviveros.com.ar\/portada\/wp-content\/uploads\/2026\/08\/Nota-3-Fabiana-australis-0926-G-300x200.jpg 300w, https:\/\/economiayviveros.com.ar\/portada\/wp-content\/uploads\/2026\/08\/Nota-3-Fabiana-australis-0926-G-768x512.jpg 768w, https:\/\/economiayviveros.com.ar\/portada\/wp-content\/uploads\/2026\/08\/Nota-3-Fabiana-australis-0926-G.jpg 1200w\" sizes=\"(max-width: 1024px) 100vw, 1024px\" \/><figcaption class=\"wp-element-caption\"><em>Fabiana australis<\/em>. Foto: gentileza del Instituto de Bot\u00e1nica Darwinion<\/figcaption><\/figure>\n<\/div>\n\n\n<p class=\"wp-block-paragraph\">A fines del siglo XIX, al poco tiempo de que la Argentina tomara posesi\u00f3n efectiva de la Patagonia, duplicando su territorio luego de la Campa\u00f1a del Desierto comandada por Julio Argentino Roca, el por entonces recientemente creado Museo de La Plata iniciaba una serie de exploraciones cient\u00edficas a esa tierra inc\u00f3gnita.<\/p>\n\n\n\n<p class=\"wp-block-paragraph\"><strong>Carlos Ameghino: el naturalista viajero&nbsp;&nbsp;&nbsp;&nbsp;&nbsp;&nbsp;&nbsp;&nbsp;&nbsp;&nbsp;&nbsp;&nbsp;&nbsp;&nbsp;&nbsp;&nbsp;&nbsp;&nbsp;&nbsp;&nbsp;&nbsp;&nbsp;<\/strong><\/p>\n\n\n\n<p class=\"wp-block-paragraph\">Entre los a\u00f1os 1887 y 1903, Carlos Ameghino, quien se desempe\u00f1\u00f3 como naturalista viajero en el Museo de La Plata, realiz\u00f3 varios viajes de exploraci\u00f3n a la Patagonia.<\/p>\n\n\n\n<p class=\"wp-block-paragraph\">Fue nombrado en su cargo por el mismo fundador y director del museo, Francisco Pascasio Moreno, que, en ese tiempo, hab\u00eda sido designado tambi\u00e9n como perito argentino para demarcar la frontera en la Cordillera de los Andes entre la Argentina y Chile.<\/p>\n\n\n\n<p class=\"wp-block-paragraph\">Carlos era hermano menor del c\u00e9lebre Florentino Ameghino, destacado este como el primer representante de la ciencia argentina de relieve mundial: sobresali\u00f3, siendo autodidacta, en la paleontolog\u00eda, la antropolog\u00eda y la geolog\u00eda. Juntos, los hermanos realizaron descubrimientos clave sobre la fauna extinta y el poblamiento antiguo de Am\u00e9rica.<\/p>\n\n\n\n<p class=\"wp-block-paragraph\">Si bien Florentino es el m\u00e1s reconocido de los Ameghino, sus logros cient\u00edficos depend\u00edan del extraordinario y sacrificado trabajo de campo llevado a cabo por Carlos.<\/p>\n\n\n\n<p class=\"wp-block-paragraph\">La colaboraci\u00f3n cient\u00edfica entre ambos hermanos fue muy estrecha, complement\u00e1ndose a la perfecci\u00f3n. Mientras uno descubr\u00eda los yacimientos paleontol\u00f3gicos y extra\u00eda los huesos de animales extintos, que luego enviaba a su hermano con precisas notas de campo; el otro se encargaba de clasificarlos, dar nombre a las nuevas especies y publicar los descubrimientos que sorprendieron al mundo cient\u00edfico.<\/p>\n\n\n\n<p class=\"wp-block-paragraph\">Sin las exploraciones de Carlos, Florentino no habr\u00eda tenido los materiales para sus teor\u00edas. Sin el an\u00e1lisis de Florentino, los descubrimientos de Carlos no habr\u00edan tenido la misma magnitud cient\u00edfica. Juntos marcaron una \u00e9poca de oro para la paleontolog\u00eda argentina.<\/p>\n\n\n\n<p class=\"wp-block-paragraph\"><strong>El hallazgo de una planta muy particular&nbsp;&nbsp;&nbsp;&nbsp;&nbsp;&nbsp;&nbsp;&nbsp;&nbsp;&nbsp;<\/strong><\/p>\n\n\n\n<p class=\"wp-block-paragraph\">Originalmente, sobre la base de una muestra tomada por Carlos Ameghino en el Golfo de San Jorge, en 1896, una nueva especie vegetal perteneciente a la familia de las Solan\u00e1ceas fue descubierta.<\/p>\n\n\n\n<p class=\"wp-block-paragraph\">Al a\u00f1o siguiente, esta planta fue descripta como <em>Nierembergia patagonica<\/em> por Carlos Spegazzini, un destacado bot\u00e1nico \u00edtalo-argentino, para quien Carlos Ameghino hab\u00eda confeccionado una colecci\u00f3n de herbario. D\u00e9cadas m\u00e1s tarde, en 1941, la especie fue transferida al g\u00e9nero <em>Petunia<\/em>: <em>Petunia patagonica<\/em> (Speg.) Mill\u00e1n; esta denominaci\u00f3n perdur\u00f3 por muchos a\u00f1os m\u00e1s.<\/p>\n\n\n\n<p class=\"wp-block-paragraph\">En 2013, el INTA, con la colaboraci\u00f3n del Dr. Jo\u00e3o R. Stehmann (Brasil), publica el g\u00e9nero <em>Petunia<\/em> para la Flora Argentina, obra editada por el Instituto de Bot\u00e1nica Darwinion (CONICET) y el Instituto Multidisciplinario de Biolog\u00eda Vegetal (CONICET-UNC). En ese trabajo, se menciona que la especie <em>Petunia patagonica<\/em> deb\u00eda ser excluida de dicho g\u00e9nero, ya que sus caracter\u00edsticas morfol\u00f3gicas no concordaban con las definidas para este.<\/p>\n\n\n\n<p class=\"wp-block-paragraph\">M\u00e1s tarde, en 2015, un equipo de investigadores del Brasil, entre los que se destaca la Dra. Loreta B. Freitas, con la colaboraci\u00f3n del INTA, sugieren su afinidad gen\u00e9tica con el g\u00e9nero <em>Fabiana.<\/em><\/p>\n\n\n\n<p class=\"wp-block-paragraph\">Finalmente, en 2022, se lleva a cabo formalmente el cambio nomenclatural, y la especie fue transferida a <em>Fabiana<\/em>, bajo el nombre cient\u00edfico <em>Fabiana australis<\/em> Alaria.<\/p>\n\n\n\n<p class=\"wp-block-paragraph\"><strong>Exclusiva de la Patagonia y de valor ornamental<\/strong><\/p>\n\n\n\n<p class=\"wp-block-paragraph\">Esta planta, que s\u00f3lo se encuentra naturalmente en la Patagonia argentina, est\u00e1 citada para las provincias de Chubut y de Santa Cruz. Habita regiones secas con suelos arenosos o areno-pedregosos, formando grandes poblaciones muy llamativas por el h\u00e1bito y su profusa y vistosa floraci\u00f3n.<\/p>\n\n\n\n<p class=\"wp-block-paragraph\">Se trata de un subarbusto de forma achaparrada y compacta, con aspecto de almohadilla o coj\u00edn, lo que ayuda a que se proteja del viento y del fr\u00edo. Adem\u00e1s, este tipo de crecimiento le permite retener humedad y acumular materia org\u00e1nica, lo cual mejora las condiciones del suelo de su entorno.<\/p>\n\n\n\n<p class=\"wp-block-paragraph\">Por su atractiva floraci\u00f3n, la planta es de gran valor ornamental, pero, como muchas especies del extremo austral, no tolera climas c\u00e1lidos, y su cultivo es posible \u00fanicamente en ambientes similares al de su h\u00e1bitat natural.<\/p>\n\n\n\n<p class=\"wp-block-paragraph\"><\/p>\n\t\t\t\t\t\t\t\t<\/div>\n\t\t\t\t<\/div>\n\t\t\t\t\t<\/div>\n\t\t\t\t<\/div>\n\t\t<div class=\"elementor-element elementor-element-d28ee14 e-flex e-con-boxed e-con e-parent\" data-id=\"d28ee14\" data-element_type=\"container\">\n\t\t\t\t\t<div class=\"e-con-inner\">\n\t\t\t\t<div class=\"elementor-element elementor-element-409b239 elementor-widget elementor-widget-text-editor\" data-id=\"409b239\" data-element_type=\"widget\" data-widget_type=\"text-editor.default\">\n\t\t\t\t<div class=\"elementor-widget-container\">\n\t\t\t\t\t\t\t\t\t<h1><span style=\"color: #333333;\">Sobre el autor<\/span><\/h1>\t\t\t\t\t\t\t\t<\/div>\n\t\t\t\t<\/div>\n\t\t\t\t\t<\/div>\n\t\t\t\t<\/div>\n\t\t<div class=\"elementor-element elementor-element-48eaa04 e-flex e-con-boxed e-con e-parent\" data-id=\"48eaa04\" data-element_type=\"container\">\n\t\t\t\t\t<div class=\"e-con-inner\">\n\t\t\t\t<div class=\"elementor-element elementor-element-31104ca elementor-author-box--link-yes elementor-author-box--avatar-yes elementor-author-box--name-yes elementor-author-box--biography-yes elementor-widget elementor-widget-author-box\" data-id=\"31104ca\" data-element_type=\"widget\" data-widget_type=\"author-box.default\">\n\t\t\t\t<div class=\"elementor-widget-container\">\n\t\t\t\t\t\t\t<div class=\"elementor-author-box\">\n\t\t\t\t\t\t\t<a href=\"https:\/\/economiayviveros.com.ar\/portada\/author\/julian-greppi\/\" class=\"elementor-author-box__avatar\">\n\t\t\t\t\t<img decoding=\"async\" src=\"https:\/\/economiayviveros.com.ar\/portada\/wp-content\/uploads\/2025\/02\/Julian-Greppi-300x300.jpg\" alt=\"Picture of Juli\u00e1n A. Greppi\" loading=\"lazy\">\n\t\t\t\t<\/a>\n\t\t\t\n\t\t\t<div class=\"elementor-author-box__text\">\n\t\t\t\t\t\t\t\t\t<a href=\"https:\/\/economiayviveros.com.ar\/portada\/author\/julian-greppi\/\">\n\t\t\t\t\t\t<h4 class=\"elementor-author-box__name\">\n\t\t\t\t\t\t\tJuli\u00e1n A. Greppi\t\t\t\t\t\t<\/h4>\n\t\t\t\t\t<\/a>\n\t\t\t\t\n\t\t\t\t\t\t\t\t\t<div class=\"elementor-author-box__bio\">\n\t\t\t\t\t\tM.Sc. Ingeniero Agr\u00f3nomo\r\nInvestigador del Instituto de Floricultura del INTA\r\nEspecializado en bot\u00e1nica, recursos fitogen\u00e9ticos y fitomejoramiento.\t\t\t\t\t<\/div>\n\t\t\t\t\n\t\t\t\t\t\t\t\t\t<a class=\"elementor-author-box__button elementor-button elementor-size-xs\" href=\"https:\/\/economiayviveros.com.ar\/portada\/author\/julian-greppi\/\">\n\t\t\t\t\t\tM\u00e1s notas\t\t\t\t\t<\/a>\n\t\t\t\t\t\t\t<\/div>\n\t\t<\/div>\n\t\t\t\t\t\t<\/div>\n\t\t\t\t<\/div>\n\t\t\t\t\t<\/div>\n\t\t\t\t<\/div>\n\t\t\t\t<\/div>\n\t\t","protected":false},"excerpt":{"rendered":"<p>Descripta originalmente como Nierembergia patagonica, devino su denominaci\u00f3n en Fabiana australis. Una historia muy interesante que incluye a Carlos Ameghino, hermano del c\u00e9lebre Florentino Ameghino. <\/p>\n","protected":false},"author":8,"featured_media":5729,"comment_status":"closed","ping_status":"open","sticky":false,"template":"","format":"standard","meta":{"iawp_total_views":41,"footnotes":""},"categories":[5],"tags":[],"class_list":["post-5727","post","type-post","status-publish","format-standard","has-post-thumbnail","hentry","category-ciencia-arte"],"_links":{"self":[{"href":"https:\/\/economiayviveros.com.ar\/portada\/wp-json\/wp\/v2\/posts\/5727","targetHints":{"allow":["GET"]}}],"collection":[{"href":"https:\/\/economiayviveros.com.ar\/portada\/wp-json\/wp\/v2\/posts"}],"about":[{"href":"https:\/\/economiayviveros.com.ar\/portada\/wp-json\/wp\/v2\/types\/post"}],"author":[{"embeddable":true,"href":"https:\/\/economiayviveros.com.ar\/portada\/wp-json\/wp\/v2\/users\/8"}],"replies":[{"embeddable":true,"href":"https:\/\/economiayviveros.com.ar\/portada\/wp-json\/wp\/v2\/comments?post=5727"}],"version-history":[{"count":6,"href":"https:\/\/economiayviveros.com.ar\/portada\/wp-json\/wp\/v2\/posts\/5727\/revisions"}],"predecessor-version":[{"id":5840,"href":"https:\/\/economiayviveros.com.ar\/portada\/wp-json\/wp\/v2\/posts\/5727\/revisions\/5840"}],"wp:featuredmedia":[{"embeddable":true,"href":"https:\/\/economiayviveros.com.ar\/portada\/wp-json\/wp\/v2\/media\/5729"}],"wp:attachment":[{"href":"https:\/\/economiayviveros.com.ar\/portada\/wp-json\/wp\/v2\/media?parent=5727"}],"wp:term":[{"taxonomy":"category","embeddable":true,"href":"https:\/\/economiayviveros.com.ar\/portada\/wp-json\/wp\/v2\/categories?post=5727"},{"taxonomy":"post_tag","embeddable":true,"href":"https:\/\/economiayviveros.com.ar\/portada\/wp-json\/wp\/v2\/tags?post=5727"}],"curies":[{"name":"wp","href":"https:\/\/api.w.org\/{rel}","templated":true}]}}