{"id":3550,"date":"2026-05-01T14:07:22","date_gmt":"2026-05-01T17:07:22","guid":{"rendered":"https:\/\/economiayviveros.com.ar\/portada\/?p=3550"},"modified":"2026-05-02T14:09:29","modified_gmt":"2026-05-02T17:09:29","slug":"jarillas-arbustos-nativos-ideales-para-jardines-sustentables","status":"publish","type":"post","link":"https:\/\/economiayviveros.com.ar\/portada\/jarillas-arbustos-nativos-ideales-para-jardines-sustentables\/","title":{"rendered":"Jarillas, arbustos nativos ideales para jardines sustentables"},"content":{"rendered":"\t\t<div data-elementor-type=\"wp-post\" data-elementor-id=\"3550\" class=\"elementor elementor-3550\" data-elementor-post-type=\"post\">\n\t\t\t\t<div class=\"elementor-element elementor-element-3bbef1b1 e-flex e-con-boxed e-con e-parent\" data-id=\"3bbef1b1\" data-element_type=\"container\">\n\t\t\t\t\t<div class=\"e-con-inner\">\n\t\t\t\t<div class=\"elementor-element elementor-element-63cac8eb elementor-widget elementor-widget-text-editor\" data-id=\"63cac8eb\" data-element_type=\"widget\" data-widget_type=\"text-editor.default\">\n\t\t\t\t<div class=\"elementor-widget-container\">\n\t\t\t\t\t\t\t\t\t\n<h4 class=\"wp-block-heading\">Ubicados en el centro-oeste de la Argentina. Conoce sus propiedades medicinales y sus usos tradicionales. Adem\u00e1s: importancia cultural y ecol\u00f3gica.<\/h4>\n\n\n\n<figure class=\"wp-block-image size-large\"><img fetchpriority=\"high\" decoding=\"async\" width=\"1024\" height=\"683\" src=\"https:\/\/economiayviveros.com.ar\/portada\/wp-content\/uploads\/2026\/05\/Nota-3-Jarillas-0526-G-1024x683.jpg\" alt=\"\" class=\"wp-image-3473\" srcset=\"https:\/\/economiayviveros.com.ar\/portada\/wp-content\/uploads\/2026\/05\/Nota-3-Jarillas-0526-G-1024x683.jpg 1024w, https:\/\/economiayviveros.com.ar\/portada\/wp-content\/uploads\/2026\/05\/Nota-3-Jarillas-0526-G-300x200.jpg 300w, https:\/\/economiayviveros.com.ar\/portada\/wp-content\/uploads\/2026\/05\/Nota-3-Jarillas-0526-G-768x512.jpg 768w, https:\/\/economiayviveros.com.ar\/portada\/wp-content\/uploads\/2026\/05\/Nota-3-Jarillas-0526-G.jpg 1200w\" sizes=\"(max-width: 1024px) 100vw, 1024px\" \/><figcaption class=\"wp-element-caption\"><em>Larrea nitida<\/em>. Foto: Juli\u00e1n Greppi<\/figcaption><\/figure>\n\n\n\n<p>El \u201cjarillal\u201d es la comunidad vegetal m\u00e1s caracter\u00edstica de la provincia fitogeogr\u00e1fica del Monte, una extensa y \u00e1rida llanura que se extiende al pie de los Andes a trav\u00e9s de gran parte del centro-oeste de la Argentina. Est\u00e1 cubierta de arbustos xer\u00f3filos entre los que predominan tres especies de jarillas: <em>Larrea n\u00edtida <\/em>Cav., <em>Larrea divaricata <\/em>Cav. y <em>Larrea cuneifolia <\/em>Cav.<\/p>\n\n\n\n<p>Son arbustos perennifolios de flores amarillas y hojas muy resinosas. Dichas resinas les permiten a estas plantas sobrevivir a la sequedad del ambiente y les confieren un aspecto brillante. A diferencia de muchos otros arbustos del Monte, las jarrillas son inermes (carecen de espinas).<\/p>\n\n\n\n<p><strong>Propiedades medicinales y usos tradicionales de la jarilla<\/strong><em><\/em><\/p>\n\n\n\n<p><strong><em>Larrea cuneifolia<\/em><\/strong> es conocida popularmente como \u201cjarilla norte-sur\u201d o \u201cjarilla orientadora\u201d, porque de perfil sus hojas y sus ramas se orientan de norte a sur, de tal manera que las caras de sus hojas captan el sol de la ma\u00f1ana y de la tarde (el haz hacia el este y el env\u00e9s hacia el oeste).&nbsp; Evitan, de esta forma, que el fuerte sol del mediod\u00eda impacte directamente sobre su follaje, y, as\u00ed tambi\u00e9n reducen la transpiraci\u00f3n.<\/p>\n\n\n\n<p>A las jarillas se les adjudican diversos usos tradicionales gracias a sus propiedades medicinales; entre ellas: antis\u00e9ptico, antiinflamatorio, cicatrizante, antioxidante, cuidados de la piel y del cabello, etc. En base a la especie <strong><em>Larrea divaricata<\/em><\/strong>, un grupo de cient\u00edficos argentinos desarrollaron un tratamiento capilar natural.&nbsp; Asimismo, existen l\u00edneas de investigaci\u00f3n como alimentos funcionales y para el control de plagas.<\/p>\n\n\n\n<p>Tradicionalmente, la le\u00f1a de jarilla es muy valorada en el oeste del pa\u00eds. Incluso recordemos que existe el oficio del &#8220;jarillero&#8221;, popularizado en la m\u00fasica folcl\u00f3rica. Sin embargo, este uso se encuentra regulado y debe controlarse a los fines de evitar que se agote el recurso con la consecuente desertificaci\u00f3n extrema.<\/p>\n\n\n\n<p><strong>&#8211; Jarilla en jardiner\u00eda sustentable: usos ornamentales<\/strong><\/p>\n\n\n\n<p>Por su atractiva floraci\u00f3n, su brillante y persistente follaje, la ausencia de espinas, su tolerancia a la sequ\u00eda y a los suelos poco f\u00e9rtiles, las jarillas son arbustos ideales para ser utilizados como ornamento en jardines sustentables. Adem\u00e1s, armonizan con el entorno natural, maximizan la biodiversidad y reducen, significativamente, el consumo de agua y el mantenimiento.<\/p>\n\n\n\n<p>Asimismo, son arbustos sumamente resistentes a plagas y enfermedades; su follaje arom\u00e1tico y resinoso act\u00faa como un repelente natural contra diversos insectos y rara vez sufren infestaciones.<\/p>\n\n\n\n<p><strong>Importancia cultural y ecol\u00f3gica de la jarilla en la Argentina<\/strong><\/p>\n\n\n\n<p>Mas all\u00e1 de estos beneficios como cultivo ornamental, conocer a nuestras plantas nativas nos ayuda a comprender mejor a nuestro pa\u00eds, su inmensa geograf\u00eda, difundir sus riquezas naturales y culturales, y, en consecuencia, protegerlas.<\/p>\n\n\n\n<p>En su \u00e1rea de distribuci\u00f3n geogr\u00e1fica, las jarillas son parte importante del paisaje natural y de la identidad cultural de la regi\u00f3n. Ejemplo de ello es el caso de la provincia de Mendoza, en la que la Ley 7618 declara a la flor de la jarilla \u201cFlor Provincial\u201d. Y cada 10 de noviembre se celebra su d\u00eda.<\/p>\n\t\t\t\t\t\t\t\t<\/div>\n\t\t\t\t<\/div>\n\t\t\t\t\t<\/div>\n\t\t\t\t<\/div>\n\t\t<div class=\"elementor-element elementor-element-05ceaba e-flex e-con-boxed e-con e-parent\" data-id=\"05ceaba\" data-element_type=\"container\">\n\t\t\t\t\t<div class=\"e-con-inner\">\n\t\t\t\t<div class=\"elementor-element elementor-element-bb24e4d elementor-widget elementor-widget-text-editor\" data-id=\"bb24e4d\" data-element_type=\"widget\" data-widget_type=\"text-editor.default\">\n\t\t\t\t<div class=\"elementor-widget-container\">\n\t\t\t\t\t\t\t\t\t<h1><span style=\"color: #333333;\">Sobre el autor<\/span><\/h1>\t\t\t\t\t\t\t\t<\/div>\n\t\t\t\t<\/div>\n\t\t\t\t\t<\/div>\n\t\t\t\t<\/div>\n\t\t<div class=\"elementor-element elementor-element-07950db e-flex e-con-boxed e-con e-parent\" data-id=\"07950db\" data-element_type=\"container\">\n\t\t\t\t\t<div class=\"e-con-inner\">\n\t\t\t\t<div class=\"elementor-element elementor-element-63cd059 elementor-author-box--link-yes elementor-author-box--avatar-yes elementor-author-box--name-yes elementor-author-box--biography-yes elementor-widget elementor-widget-author-box\" data-id=\"63cd059\" data-element_type=\"widget\" data-widget_type=\"author-box.default\">\n\t\t\t\t<div class=\"elementor-widget-container\">\n\t\t\t\t\t\t\t<div class=\"elementor-author-box\">\n\t\t\t\t\t\t\t<a href=\"https:\/\/economiayviveros.com.ar\/portada\/author\/julian-greppi\/\" class=\"elementor-author-box__avatar\">\n\t\t\t\t\t<img decoding=\"async\" src=\"https:\/\/economiayviveros.com.ar\/portada\/wp-content\/uploads\/2025\/02\/Julian-Greppi-300x300.jpg\" alt=\"Picture of Juli\u00e1n A. Greppi\" loading=\"lazy\">\n\t\t\t\t<\/a>\n\t\t\t\n\t\t\t<div class=\"elementor-author-box__text\">\n\t\t\t\t\t\t\t\t\t<a href=\"https:\/\/economiayviveros.com.ar\/portada\/author\/julian-greppi\/\">\n\t\t\t\t\t\t<h4 class=\"elementor-author-box__name\">\n\t\t\t\t\t\t\tJuli\u00e1n A. Greppi\t\t\t\t\t\t<\/h4>\n\t\t\t\t\t<\/a>\n\t\t\t\t\n\t\t\t\t\t\t\t\t\t<div class=\"elementor-author-box__bio\">\n\t\t\t\t\t\tM.Sc. Ingeniero Agr\u00f3nomo\r\nInvestigador del Instituto de Floricultura del INTA\r\nEspecializado en bot\u00e1nica, recursos fitogen\u00e9ticos y fitomejoramiento.\t\t\t\t\t<\/div>\n\t\t\t\t\n\t\t\t\t\t\t\t\t\t<a class=\"elementor-author-box__button elementor-button elementor-size-xs\" href=\"https:\/\/economiayviveros.com.ar\/portada\/author\/julian-greppi\/\">\n\t\t\t\t\t\tM\u00e1s notas\t\t\t\t\t<\/a>\n\t\t\t\t\t\t\t<\/div>\n\t\t<\/div>\n\t\t\t\t\t\t<\/div>\n\t\t\t\t<\/div>\n\t\t\t\t\t<\/div>\n\t\t\t\t<\/div>\n\t\t\t\t<\/div>\n\t\t","protected":false},"excerpt":{"rendered":"<p>Ubicados en el centro-oeste de la Argentina. Conoce sus propiedades medicinales y sus usos tradicionales. Adem\u00e1s: importancia cultural y ecol\u00f3gica.<\/p>\n","protected":false},"author":8,"featured_media":3473,"comment_status":"closed","ping_status":"open","sticky":false,"template":"","format":"standard","meta":{"iawp_total_views":20,"footnotes":""},"categories":[5],"tags":[],"class_list":["post-3550","post","type-post","status-publish","format-standard","has-post-thumbnail","hentry","category-ciencia-arte"],"_links":{"self":[{"href":"https:\/\/economiayviveros.com.ar\/portada\/wp-json\/wp\/v2\/posts\/3550","targetHints":{"allow":["GET"]}}],"collection":[{"href":"https:\/\/economiayviveros.com.ar\/portada\/wp-json\/wp\/v2\/posts"}],"about":[{"href":"https:\/\/economiayviveros.com.ar\/portada\/wp-json\/wp\/v2\/types\/post"}],"author":[{"embeddable":true,"href":"https:\/\/economiayviveros.com.ar\/portada\/wp-json\/wp\/v2\/users\/8"}],"replies":[{"embeddable":true,"href":"https:\/\/economiayviveros.com.ar\/portada\/wp-json\/wp\/v2\/comments?post=3550"}],"version-history":[{"count":4,"href":"https:\/\/economiayviveros.com.ar\/portada\/wp-json\/wp\/v2\/posts\/3550\/revisions"}],"predecessor-version":[{"id":3554,"href":"https:\/\/economiayviveros.com.ar\/portada\/wp-json\/wp\/v2\/posts\/3550\/revisions\/3554"}],"wp:featuredmedia":[{"embeddable":true,"href":"https:\/\/economiayviveros.com.ar\/portada\/wp-json\/wp\/v2\/media\/3473"}],"wp:attachment":[{"href":"https:\/\/economiayviveros.com.ar\/portada\/wp-json\/wp\/v2\/media?parent=3550"}],"wp:term":[{"taxonomy":"category","embeddable":true,"href":"https:\/\/economiayviveros.com.ar\/portada\/wp-json\/wp\/v2\/categories?post=3550"},{"taxonomy":"post_tag","embeddable":true,"href":"https:\/\/economiayviveros.com.ar\/portada\/wp-json\/wp\/v2\/tags?post=3550"}],"curies":[{"name":"wp","href":"https:\/\/api.w.org\/{rel}","templated":true}]}}