{"id":3524,"date":"2026-05-02T13:45:08","date_gmt":"2026-05-02T16:45:08","guid":{"rendered":"https:\/\/economiayviveros.com.ar\/portada\/?p=3524"},"modified":"2026-05-02T13:53:54","modified_gmt":"2026-05-02T16:53:54","slug":"que-mirar-para-planificar-el-paisaje-2","status":"publish","type":"post","link":"https:\/\/economiayviveros.com.ar\/portada\/que-mirar-para-planificar-el-paisaje-2\/","title":{"rendered":"Qu\u00e9 mirar para planificar el paisaje"},"content":{"rendered":"\t\t<div data-elementor-type=\"wp-post\" data-elementor-id=\"3524\" class=\"elementor elementor-3524\" data-elementor-post-type=\"post\">\n\t\t\t\t<div class=\"elementor-element elementor-element-3f56248 e-flex e-con-boxed e-con e-parent\" data-id=\"3f56248\" data-element_type=\"container\">\n\t\t\t\t\t<div class=\"e-con-inner\">\n\t\t\t\t<div class=\"elementor-element elementor-element-23db2e68 elementor-widget elementor-widget-text-editor\" data-id=\"23db2e68\" data-element_type=\"widget\" data-widget_type=\"text-editor.default\">\n\t\t\t\t<div class=\"elementor-widget-container\">\n\t\t\t\t\t\t\t\t\t\n<h4 class=\"wp-block-heading\">Entender que ning\u00fan paisaje es aut\u00f3nomo implica reconocer que las transformaciones responden, en gran medida, a din\u00e1micas globales. C\u00f3mo se expresan los procesos globales en la ciudad.<\/h4>\n\n\n\n<figure class=\"wp-block-image size-large\"><img fetchpriority=\"high\" decoding=\"async\" width=\"1024\" height=\"683\" src=\"https:\/\/economiayviveros.com.ar\/portada\/wp-content\/uploads\/2026\/05\/Nota-1-Paisaje-0526-G-1024x683.jpg\" alt=\"\" class=\"wp-image-3470\" srcset=\"https:\/\/economiayviveros.com.ar\/portada\/wp-content\/uploads\/2026\/05\/Nota-1-Paisaje-0526-G-1024x683.jpg 1024w, https:\/\/economiayviveros.com.ar\/portada\/wp-content\/uploads\/2026\/05\/Nota-1-Paisaje-0526-G-300x200.jpg 300w, https:\/\/economiayviveros.com.ar\/portada\/wp-content\/uploads\/2026\/05\/Nota-1-Paisaje-0526-G-768x512.jpg 768w, https:\/\/economiayviveros.com.ar\/portada\/wp-content\/uploads\/2026\/05\/Nota-1-Paisaje-0526-G.jpg 1200w\" sizes=\"(max-width: 1024px) 100vw, 1024px\" \/><figcaption class=\"wp-element-caption\">Foto: <em>Econom\u00eda &amp; Viveros<\/em><\/figcaption><\/figure>\n\n\n\n<p>Cuando analizamos una ciudad, un barrio o incluso un espacio p\u00fablico, solemos enfocarnos en sus caracter\u00edsticas inmediatas: su morfolog\u00eda, sus usos, su historia o su identidad. Sin embargo, cada uno de estos paisajes forma parte de un sistema mucho m\u00e1s amplio, atravesado por procesos ambientales y sociales que exceden ampliamente la escala local.<\/p>\n\n\n\n<p>La propuesta es incorporar esta mirada como punto de partida. El hecho de entender que ning\u00fan paisaje es aut\u00f3nomo implica reconocer que las transformaciones que observamos en un sitio puntual responden, en gran medida, a din\u00e1micas globales.<\/p>\n\n\n\n<p><strong>Cambio clim\u00e1tico y presi\u00f3n sobre los recursos naturales<\/strong><\/p>\n\n\n\n<p>Hoy nos encontramos en un escenario marcado por el cambio clim\u00e1tico, el crecimiento sostenido de la poblaci\u00f3n urbana y una creciente presi\u00f3n sobre los recursos naturales.<\/p>\n\n\n\n<p>Procesos como la desertificaci\u00f3n, el aumento del nivel del mar, las inundaciones, las sequ\u00edas o los incendios ya no son fen\u00f3menos aislados, sino parte de una tendencia que redefine las condiciones ambientales en m\u00faltiples regiones del planeta. A su vez, estas transformaciones generan impactos sociales concretos, como el desplazamiento de poblaciones o el aumento de las desigualdades.<\/p>\n\n\n\n<p><strong>Modelos productivos y transformaci\u00f3n del territorio<\/strong><\/p>\n\n\n\n<p>A estos procesos se suman otros vinculados a los modos de producci\u00f3n y consumo, como el avance del extractivismo, la expansi\u00f3n de la frontera agr\u00edcola o la mercantilizaci\u00f3n de la naturaleza. Estas din\u00e1micas, adem\u00e1s de modificar los ecosistemas, transforman tambi\u00e9n las formas en que habitamos y organizamos el territorio.<\/p>\n\n\n\n<p><strong>C\u00f3mo se expresan los procesos globales en la ciudad<\/strong><\/p>\n\n\n\n<p>En las ciudades, estas l\u00f3gicas se manifiestan a trav\u00e9s de fen\u00f3menos como la fragmentaci\u00f3n urbana, la gentrificaci\u00f3n, la turistificaci\u00f3n o el efecto de isla de calor. Es decir, los procesos globales no quedan \u201cfuera\u201d de lo urbano, sino que se materializan en el espacio cotidiano.<\/p>\n\n\n\n<p>Comprender este entramado constituye un ejercicio te\u00f3rico, pero tambi\u00e9n, una herramienta fundamental para la pr\u00e1ctica. Cada intervenci\u00f3n, por peque\u00f1a que sea, se inserta en estas din\u00e1micas y puede contribuir a profundizarlas o a revertirlas.<\/p>\n\n\n\n<p><strong>Planificaci\u00f3n del paisaje: evitar errores y anticipar escenarios<\/strong><\/p>\n\n\n\n<p>Planificar sin considerar estos procesos implica, muchas veces, reforzar las mismas l\u00f3gicas que generan los problemas: impermeabilizar m\u00e1s el suelo en contextos de inundaci\u00f3n, consolidar procesos de expulsi\u00f3n en \u00e1reas en transformaci\u00f3n o seguir degradando ecosistemas ya fr\u00e1giles.<\/p>\n\n\n\n<p>Por el contrario, incorporar esta mirada permite reconocer las tendencias en curso y actuar en consecuencia. No se trata de oponerse de manera abstracta a estos procesos; lo que se procura es intervenir con mayor conciencia, evitando acentuarlos y buscando, en la medida de lo posible, generar condiciones m\u00e1s equilibradas entre lo ambiental y lo social.<\/p>\n\n\n\n<p><strong>El desaf\u00edo actual: paisajes resilientes y equitativos<\/strong><\/p>\n\n\n\n<p>Frente a este contexto, la planificaci\u00f3n del paisaje adquiere un rol estrat\u00e9gico. Ya no se trata \u00fanicamente de dise\u00f1ar espacios, sino de comprender las m\u00faltiples escalas en juego y de anticipar escenarios futuros.<\/p>\n\n\n\n<p>Incorporar esta perspectiva permite orientar las intervenciones hacia la adaptaci\u00f3n y la mitigaci\u00f3n de los impactos ambientales, pero tambi\u00e9n hacia la construcci\u00f3n de territorios m\u00e1s equitativos y resilientes.<\/p>\n\n\n\n<p>Planificar el paisaje hoy implica, entonces, ampliar la mirada. Reconocer que detr\u00e1s de cada proyecto local existe una red de procesos globales que lo condicionan. Y, a partir de ese entendimiento, asumir el desaf\u00edo de intervenir de manera consciente, articulando escalas y contribuyendo, desde cada acci\u00f3n, a un futuro posible.<\/p>\n\t\t\t\t\t\t\t\t<\/div>\n\t\t\t\t<\/div>\n\t\t\t\t\t<\/div>\n\t\t\t\t<\/div>\n\t\t<div class=\"elementor-element elementor-element-7e6809f e-flex e-con-boxed e-con e-parent\" data-id=\"7e6809f\" data-element_type=\"container\">\n\t\t\t\t\t<div class=\"e-con-inner\">\n\t\t\t\t<div class=\"elementor-element elementor-element-de124de elementor-widget elementor-widget-text-editor\" data-id=\"de124de\" data-element_type=\"widget\" data-widget_type=\"text-editor.default\">\n\t\t\t\t<div class=\"elementor-widget-container\">\n\t\t\t\t\t\t\t\t\t<h1><span style=\"color: #333333;\">Sobre el autor<\/span><\/h1>\t\t\t\t\t\t\t\t<\/div>\n\t\t\t\t<\/div>\n\t\t\t\t\t<\/div>\n\t\t\t\t<\/div>\n\t\t<div class=\"elementor-element elementor-element-df755ca e-flex e-con-boxed e-con e-parent\" data-id=\"df755ca\" data-element_type=\"container\">\n\t\t\t\t\t<div class=\"e-con-inner\">\n\t\t\t\t<div class=\"elementor-element elementor-element-2d0a697 elementor-widget elementor-widget-author-box\" data-id=\"2d0a697\" data-element_type=\"widget\" data-widget_type=\"author-box.default\">\n\t\t\t\t<div class=\"elementor-widget-container\">\n\t\t\t\t\t\t\t<div class=\"elementor-author-box\">\n\t\t\t\t\t\t\t<div  class=\"elementor-author-box__avatar\">\n\t\t\t\t\t<img decoding=\"async\" src=\"https:\/\/economiayviveros.com.ar\/portada\/wp-content\/uploads\/2026\/05\/Maria-Victoria-Gonzalez-Bianco-300x281.jpg\" alt=\"Picture of Lic. PDP Victoria Gonz\u00e1lez Bianco\" loading=\"lazy\">\n\t\t\t\t<\/div>\n\t\t\t\n\t\t\t<div class=\"elementor-author-box__text\">\n\t\t\t\t\t\t\t\t\t<div >\n\t\t\t\t\t\t<h4 class=\"elementor-author-box__name\">\n\t\t\t\t\t\t\tLic. PDP Victoria Gonz\u00e1lez Bianco\t\t\t\t\t\t<\/h4>\n\t\t\t\t\t<\/div>\n\t\t\t\t\n\t\t\t\t\t\t\t\t\t<div class=\"elementor-author-box__bio\">\n\t\t\t\t\t\t<p>Docente de la Especializaci\u00f3n en Planificaci\u00f3n del Paisaje, FADU-UBA.<br \/>\nSocia del estudio CH\u00c9 Paisaje.<\/p>\n\t\t\t\t\t<\/div>\n\t\t\t\t\n\t\t\t\t\t\t\t\t\t<a class=\"elementor-author-box__button elementor-button elementor-size-xs\" href=\"https:\/\/economiayviveros.com.ar\/portada\/author\/victoria\/\">\n\t\t\t\t\t\tM\u00e1s notas\t\t\t\t\t<\/a>\n\t\t\t\t\t\t\t<\/div>\n\t\t<\/div>\n\t\t\t\t\t\t<\/div>\n\t\t\t\t<\/div>\n\t\t\t\t<div class=\"elementor-element elementor-element-72ba53d elementor-widget elementor-widget-author-box\" data-id=\"72ba53d\" data-element_type=\"widget\" data-widget_type=\"author-box.default\">\n\t\t\t\t<div class=\"elementor-widget-container\">\n\t\t\t\t\t\t\t<div class=\"elementor-author-box\">\n\t\t\t\t\t\t\t<div  class=\"elementor-author-box__avatar\">\n\t\t\t\t\t<img decoding=\"async\" src=\"https:\/\/economiayviveros.com.ar\/portada\/wp-content\/uploads\/2026\/05\/Clara-Miguens-300x300.jpg\" alt=\"Picture of Lic. PDP Clara Miguens \" loading=\"lazy\">\n\t\t\t\t<\/div>\n\t\t\t\n\t\t\t<div class=\"elementor-author-box__text\">\n\t\t\t\t\t\t\t\t\t<div >\n\t\t\t\t\t\t<h4 class=\"elementor-author-box__name\">\n\t\t\t\t\t\t\tLic. PDP Clara Miguens \t\t\t\t\t\t<\/h4>\n\t\t\t\t\t<\/div>\n\t\t\t\t\n\t\t\t\t\t\t\t\t\t<div class=\"elementor-author-box__bio\">\n\t\t\t\t\t\t<p>Docente de la Especializaci\u00f3n en Planificaci\u00f3n del Paisaje, FADU-UBA.<br \/>\nSocia del estudio CH\u00c9 Paisaje.<\/p>\n\t\t\t\t\t<\/div>\n\t\t\t\t\n\t\t\t\t\t\t\t\t\t<a class=\"elementor-author-box__button elementor-button elementor-size-xs\" href=\"https:\/\/economiayviveros.com.ar\/portada\/author\/clara-miguens\/\">\n\t\t\t\t\t\tM\u00e1s notas\t\t\t\t\t<\/a>\n\t\t\t\t\t\t\t<\/div>\n\t\t<\/div>\n\t\t\t\t\t\t<\/div>\n\t\t\t\t<\/div>\n\t\t\t\t\t<\/div>\n\t\t\t\t<\/div>\n\t\t\t\t<\/div>\n\t\t","protected":false},"excerpt":{"rendered":"<p>Entender que ning\u00fan paisaje es aut\u00f3nomo implica reconocer que las transformaciones responden, en gran medida, a din\u00e1micas globales. C\u00f3mo se expresan los procesos globales en la ciudad.<\/p>\n","protected":false},"author":33,"featured_media":3470,"comment_status":"closed","ping_status":"open","sticky":false,"template":"","format":"standard","meta":{"iawp_total_views":0,"footnotes":""},"categories":[5,1],"tags":[],"class_list":["post-3524","post","type-post","status-publish","format-standard","has-post-thumbnail","hentry","category-ciencia-arte","category-uncategorized"],"_links":{"self":[{"href":"https:\/\/economiayviveros.com.ar\/portada\/wp-json\/wp\/v2\/posts\/3524","targetHints":{"allow":["GET"]}}],"collection":[{"href":"https:\/\/economiayviveros.com.ar\/portada\/wp-json\/wp\/v2\/posts"}],"about":[{"href":"https:\/\/economiayviveros.com.ar\/portada\/wp-json\/wp\/v2\/types\/post"}],"author":[{"embeddable":true,"href":"https:\/\/economiayviveros.com.ar\/portada\/wp-json\/wp\/v2\/users\/33"}],"replies":[{"embeddable":true,"href":"https:\/\/economiayviveros.com.ar\/portada\/wp-json\/wp\/v2\/comments?post=3524"}],"version-history":[{"count":7,"href":"https:\/\/economiayviveros.com.ar\/portada\/wp-json\/wp\/v2\/posts\/3524\/revisions"}],"predecessor-version":[{"id":3535,"href":"https:\/\/economiayviveros.com.ar\/portada\/wp-json\/wp\/v2\/posts\/3524\/revisions\/3535"}],"wp:featuredmedia":[{"embeddable":true,"href":"https:\/\/economiayviveros.com.ar\/portada\/wp-json\/wp\/v2\/media\/3470"}],"wp:attachment":[{"href":"https:\/\/economiayviveros.com.ar\/portada\/wp-json\/wp\/v2\/media?parent=3524"}],"wp:term":[{"taxonomy":"category","embeddable":true,"href":"https:\/\/economiayviveros.com.ar\/portada\/wp-json\/wp\/v2\/categories?post=3524"},{"taxonomy":"post_tag","embeddable":true,"href":"https:\/\/economiayviveros.com.ar\/portada\/wp-json\/wp\/v2\/tags?post=3524"}],"curies":[{"name":"wp","href":"https:\/\/api.w.org\/{rel}","templated":true}]}}