{"id":3514,"date":"2026-05-01T13:33:12","date_gmt":"2026-05-01T16:33:12","guid":{"rendered":"https:\/\/economiayviveros.com.ar\/portada\/?p=3514"},"modified":"2026-05-02T13:34:55","modified_gmt":"2026-05-02T16:34:55","slug":"el-inta-avanza-con-el-cierre-de-las-agencias","status":"publish","type":"post","link":"https:\/\/economiayviveros.com.ar\/portada\/el-inta-avanza-con-el-cierre-de-las-agencias\/","title":{"rendered":"EL INTA avanza con el cierre de las agencias"},"content":{"rendered":"\t\t<div data-elementor-type=\"wp-post\" data-elementor-id=\"3514\" class=\"elementor elementor-3514\" data-elementor-post-type=\"post\">\n\t\t\t\t<div class=\"elementor-element elementor-element-3ad8d35c e-flex e-con-boxed e-con e-parent\" data-id=\"3ad8d35c\" data-element_type=\"container\">\n\t\t\t\t\t<div class=\"e-con-inner\">\n\t\t\t\t<div class=\"elementor-element elementor-element-25858336 elementor-widget elementor-widget-text-editor\" data-id=\"25858336\" data-element_type=\"widget\" data-widget_type=\"text-editor.default\">\n\t\t\t\t<div class=\"elementor-widget-container\">\n\t\t\t\t\t\t\t\t\t\n<h4 class=\"wp-block-heading\">IM\u00c1GENES DE NUESTRA FLORICULTURA El Gobierno Nacional comenz\u00f3 a cerrar las agencias de extensi\u00f3n rural del INTA. Operan por medio de su c\u00fapula pol\u00edtica. C\u00f3mo lo hacen.<\/h4>\n\n\n\n<figure class=\"wp-block-image size-large\"><img fetchpriority=\"high\" decoding=\"async\" width=\"1024\" height=\"682\" src=\"https:\/\/economiayviveros.com.ar\/portada\/wp-content\/uploads\/2026\/05\/Imagenes-de-nuestra-floricultura-INTA-0526-G-1024x682.jpg\" alt=\"\" class=\"wp-image-3468\" srcset=\"https:\/\/economiayviveros.com.ar\/portada\/wp-content\/uploads\/2026\/05\/Imagenes-de-nuestra-floricultura-INTA-0526-G-1024x682.jpg 1024w, https:\/\/economiayviveros.com.ar\/portada\/wp-content\/uploads\/2026\/05\/Imagenes-de-nuestra-floricultura-INTA-0526-G-300x200.jpg 300w, https:\/\/economiayviveros.com.ar\/portada\/wp-content\/uploads\/2026\/05\/Imagenes-de-nuestra-floricultura-INTA-0526-G-768x512.jpg 768w, https:\/\/economiayviveros.com.ar\/portada\/wp-content\/uploads\/2026\/05\/Imagenes-de-nuestra-floricultura-INTA-0526-G.jpg 1201w\" sizes=\"(max-width: 1024px) 100vw, 1024px\" \/><figcaption class=\"wp-element-caption\">Marcha en contra de los despidos en el INTA. Foto: gentileza de la ATE<\/figcaption><\/figure>\n\n\n\n<p>Sin el estruendo de un decreto, la c\u00fapula pol\u00edtica del Instituto Nacional de Tecnolog\u00eda Agropecuaria (INTA) ha iniciado una serie de reuniones para comunicar una directiva irreversible: el cierre de agencias de extensi\u00f3n rural en todo el pa\u00eds.<\/p>\n\n\n\n<p>Seg\u00fan informaci\u00f3n que lleg\u00f3 a <em>Econom\u00eda &amp; Viveros<\/em> desde dependencias que asisten al sector flor\u00edcola, la orden es clara: el personal debe aceptar el traslado a sitios como estaciones experimentales o institutos de investigaci\u00f3n. Quienes se resistan a este movimiento quedar\u00e1n expuestos al pase a disponibilidad, un estatus que funciona como antesala del despido.<\/p>\n\n\n\n<p>Esta modalidad de desmantelamiento ya logr\u00f3 cerrar catorce agencias \u2014la mayor\u00eda ubicada en Buenos Aires\u2014. Sin embargo \u2014aclaran\u2014, este es solo un paso en el plan del Gobierno Nacional, que busca una reducci\u00f3n total de 1500 puestos de trabajo en todo el instituto.<\/p>\n\n\n\n<p>Al haber sido rechazada por el Congreso la intervenci\u00f3n directa el a\u00f1o pasado, las autoridades ahora apuestan a una estrategia que, desde el INTA, definen \u201ccomo de desgaste\u201d, basada en acuerdos individuales y presi\u00f3n interna para forzar la reestructuraci\u00f3n. Como parte de este esquema de achique, se ha abierto una nueva ventana para retiros voluntarios que vencer\u00e1 el pr\u00f3ximo 31 de mayo.<\/p>\n\n\n\n<p><\/p>\n\t\t\t\t\t\t\t\t<\/div>\n\t\t\t\t<\/div>\n\t\t\t\t\t<\/div>\n\t\t\t\t<\/div>\n\t\t<div class=\"elementor-element elementor-element-b0adbb0 e-flex e-con-boxed e-con e-parent\" data-id=\"b0adbb0\" data-element_type=\"container\">\n\t\t\t\t\t<div class=\"e-con-inner\">\n\t\t\t\t<div class=\"elementor-element elementor-element-2ddf74e elementor-widget elementor-widget-text-editor\" data-id=\"2ddf74e\" data-element_type=\"widget\" data-widget_type=\"text-editor.default\">\n\t\t\t\t<div class=\"elementor-widget-container\">\n\t\t\t\t\t\t\t\t\t<h1><span style=\"color: #333333;\">Sobre el autor<\/span><\/h1>\t\t\t\t\t\t\t\t<\/div>\n\t\t\t\t<\/div>\n\t\t\t\t\t<\/div>\n\t\t\t\t<\/div>\n\t\t<div class=\"elementor-element elementor-element-0177b18 e-flex e-con-boxed e-con e-parent\" data-id=\"0177b18\" data-element_type=\"container\">\n\t\t\t\t\t<div class=\"e-con-inner\">\n\t\t\t\t<div class=\"elementor-element elementor-element-960bc42 elementor-author-box--link-yes elementor-author-box--avatar-yes elementor-author-box--name-yes elementor-author-box--biography-yes elementor-widget elementor-widget-author-box\" data-id=\"960bc42\" data-element_type=\"widget\" data-widget_type=\"author-box.default\">\n\t\t\t\t<div class=\"elementor-widget-container\">\n\t\t\t\t\t\t\t<div class=\"elementor-author-box\">\n\t\t\t\t\t\t\t<a href=\"https:\/\/economiayviveros.com.ar\/portada\/author\/helena\/\" class=\"elementor-author-box__avatar\">\n\t\t\t\t\t<img decoding=\"async\" src=\"https:\/\/economiayviveros.com.ar\/portada\/wp-content\/uploads\/2024\/12\/Logo-5-hojas-300x300.png\" alt=\"Picture of Econom\u00eda &amp; Viveros\" loading=\"lazy\">\n\t\t\t\t<\/a>\n\t\t\t\n\t\t\t<div class=\"elementor-author-box__text\">\n\t\t\t\t\t\t\t\t\t<a href=\"https:\/\/economiayviveros.com.ar\/portada\/author\/helena\/\">\n\t\t\t\t\t\t<h4 class=\"elementor-author-box__name\">\n\t\t\t\t\t\t\tEconom\u00eda &amp; Viveros\t\t\t\t\t\t<\/h4>\n\t\t\t\t\t<\/a>\n\t\t\t\t\n\t\t\t\t\t\t\t\t\t<div class=\"elementor-author-box__bio\">\n\t\t\t\t\t\tDesde el 2009 brinda toda la informaci\u00f3n sobre la floricultura argentina.\r\n\r\nEdiciones mensuales.\t\t\t\t\t<\/div>\n\t\t\t\t\n\t\t\t\t\t\t\t\t\t<a class=\"elementor-author-box__button elementor-button elementor-size-xs\" href=\"https:\/\/economiayviveros.com.ar\/portada\/author\/helena\/\">\n\t\t\t\t\t\tM\u00e1s notas\t\t\t\t\t<\/a>\n\t\t\t\t\t\t\t<\/div>\n\t\t<\/div>\n\t\t\t\t\t\t<\/div>\n\t\t\t\t<\/div>\n\t\t\t\t\t<\/div>\n\t\t\t\t<\/div>\n\t\t\t\t<\/div>\n\t\t","protected":false},"excerpt":{"rendered":"<p>IM\u00c1GENES DE NUESTRA FLORICULTURA El Gobierno Nacional comenz\u00f3 a cerrar las agencias de extensi\u00f3n rural del INTA. Operan por medio de su c\u00fapula pol\u00edtica. C\u00f3mo lo hacen.<\/p>\n","protected":false},"author":1,"featured_media":3468,"comment_status":"closed","ping_status":"open","sticky":false,"template":"","format":"standard","meta":{"iawp_total_views":1,"footnotes":""},"categories":[4],"tags":[],"class_list":["post-3514","post","type-post","status-publish","format-standard","has-post-thumbnail","hentry","category-entrevistas"],"_links":{"self":[{"href":"https:\/\/economiayviveros.com.ar\/portada\/wp-json\/wp\/v2\/posts\/3514","targetHints":{"allow":["GET"]}}],"collection":[{"href":"https:\/\/economiayviveros.com.ar\/portada\/wp-json\/wp\/v2\/posts"}],"about":[{"href":"https:\/\/economiayviveros.com.ar\/portada\/wp-json\/wp\/v2\/types\/post"}],"author":[{"embeddable":true,"href":"https:\/\/economiayviveros.com.ar\/portada\/wp-json\/wp\/v2\/users\/1"}],"replies":[{"embeddable":true,"href":"https:\/\/economiayviveros.com.ar\/portada\/wp-json\/wp\/v2\/comments?post=3514"}],"version-history":[{"count":4,"href":"https:\/\/economiayviveros.com.ar\/portada\/wp-json\/wp\/v2\/posts\/3514\/revisions"}],"predecessor-version":[{"id":3519,"href":"https:\/\/economiayviveros.com.ar\/portada\/wp-json\/wp\/v2\/posts\/3514\/revisions\/3519"}],"wp:featuredmedia":[{"embeddable":true,"href":"https:\/\/economiayviveros.com.ar\/portada\/wp-json\/wp\/v2\/media\/3468"}],"wp:attachment":[{"href":"https:\/\/economiayviveros.com.ar\/portada\/wp-json\/wp\/v2\/media?parent=3514"}],"wp:term":[{"taxonomy":"category","embeddable":true,"href":"https:\/\/economiayviveros.com.ar\/portada\/wp-json\/wp\/v2\/categories?post=3514"},{"taxonomy":"post_tag","embeddable":true,"href":"https:\/\/economiayviveros.com.ar\/portada\/wp-json\/wp\/v2\/tags?post=3514"}],"curies":[{"name":"wp","href":"https:\/\/api.w.org\/{rel}","templated":true}]}}