{"id":3509,"date":"2026-05-01T13:30:28","date_gmt":"2026-05-01T16:30:28","guid":{"rendered":"https:\/\/economiayviveros.com.ar\/portada\/?p=3509"},"modified":"2026-05-02T13:33:05","modified_gmt":"2026-05-02T16:33:05","slug":"natalia-moreno-un-paisaje-en-san-luis","status":"publish","type":"post","link":"https:\/\/economiayviveros.com.ar\/portada\/natalia-moreno-un-paisaje-en-san-luis\/","title":{"rendered":"Natalia Moreno: un paisaje en San Luis"},"content":{"rendered":"\t\t<div data-elementor-type=\"wp-post\" data-elementor-id=\"3509\" class=\"elementor elementor-3509\" data-elementor-post-type=\"post\">\n\t\t\t\t<div class=\"elementor-element elementor-element-48b6cee3 e-flex e-con-boxed e-con e-parent\" data-id=\"48b6cee3\" data-element_type=\"container\">\n\t\t\t\t\t<div class=\"e-con-inner\">\n\t\t\t\t<div class=\"elementor-element elementor-element-22e30f98 elementor-widget elementor-widget-text-editor\" data-id=\"22e30f98\" data-element_type=\"widget\" data-widget_type=\"text-editor.default\">\n\t\t\t\t<div class=\"elementor-widget-container\">\n\t\t\t\t\t\t\t\t\t\n<h4 class=\"wp-block-heading\">EXPERIENCIAS C\u00f3mo resolvi\u00f3 uno de los puntos m\u00e1s desafiantes: la creaci\u00f3n de un sector de estar en un \u00e1rea al fondo del jard\u00edn, donde no llegaba ning\u00fan tipo de riego.<\/h4>\n\n\n\n<figure class=\"wp-block-image size-large\"><img fetchpriority=\"high\" decoding=\"async\" width=\"1024\" height=\"683\" src=\"https:\/\/economiayviveros.com.ar\/portada\/wp-content\/uploads\/2026\/05\/Experiencias-Morena-0526-G-1024x683.jpg\" alt=\"\" class=\"wp-image-3465\" srcset=\"https:\/\/economiayviveros.com.ar\/portada\/wp-content\/uploads\/2026\/05\/Experiencias-Morena-0526-G-1024x683.jpg 1024w, https:\/\/economiayviveros.com.ar\/portada\/wp-content\/uploads\/2026\/05\/Experiencias-Morena-0526-G-300x200.jpg 300w, https:\/\/economiayviveros.com.ar\/portada\/wp-content\/uploads\/2026\/05\/Experiencias-Morena-0526-G-768x512.jpg 768w, https:\/\/economiayviveros.com.ar\/portada\/wp-content\/uploads\/2026\/05\/Experiencias-Morena-0526-G.jpg 1200w\" sizes=\"(max-width: 1024px) 100vw, 1024px\" \/><figcaption class=\"wp-element-caption\">Natalia Moreno. Foto: gentileza de Natalia Moreno<\/figcaption><\/figure>\n\n\n\n<p>Uno de mis dise\u00f1os favoritos es un jard\u00edn, situado en un barrio, al pie de las sierras de Merlo (San Luis), un paisaje tan imponente como inspirador. La propuesta consisti\u00f3 en integrar el entorno al jard\u00edn, mimetizando colores y especies, y, tambi\u00e9n, priorizando el uso de nativas.<\/p>\n\n\n\n<p>Luego del relevamiento, el anteproyecto se centr\u00f3 en probar colores, texturas y formas. La elecci\u00f3n de la paleta es fundamental en mis dise\u00f1os, ya que define la identidad del espacio. En este jard\u00edn, el desaf\u00edo estuvo dirigido a enmarcar las vistas sin generar un espacio demasiado intervenido. Me gusta que el sitio se vea ordenado y est\u00e9tico y, a la vez, brinde esa sensaci\u00f3n de que las especies siempre estuvieron all\u00ed.<\/p>\n\n\n\n<p>Uno de los puntos m\u00e1s desafiantes fue la creaci\u00f3n de un sector de estar en un \u00e1rea al fondo del jard\u00edn, donde no llegaba ning\u00fan tipo de riego. Pudo resolverse empleando especies nativas como jarava, verbena, glandularia y carquejilla, junto con ex\u00f3ticas no invasoras (santolina y panicum). Se incorpor\u00f3, adem\u00e1s, un banco circular de piedra local, lo que gener\u00f3 un espacio de contemplaci\u00f3n del paisaje.<\/p>\n\n\n\n<p>Este proyecto reafirm\u00f3 mi forma de entender el paisajismo como una pr\u00e1ctica que busca integrarse con el entorno, respetando su esencia y potenciando su car\u00e1cter natural.<\/p>\n\n\n\n<p><strong>Caralina Moreno<\/strong> (33), paisajista. <a href=\"https:\/\/www.instagram.com\/cm.paisajismo\/\" target=\"_blank\" rel=\"noreferrer noopener\">@cm.paisajismo<\/a><\/p>\n\n\n\n<p><a id=\"_msocom_1\"><\/a><\/p>\n\n\n\n<p><\/p>\n\t\t\t\t\t\t\t\t<\/div>\n\t\t\t\t<\/div>\n\t\t\t\t\t<\/div>\n\t\t\t\t<\/div>\n\t\t<div class=\"elementor-element elementor-element-ad6c28c e-flex e-con-boxed e-con e-parent\" data-id=\"ad6c28c\" data-element_type=\"container\">\n\t\t\t\t\t<div class=\"e-con-inner\">\n\t\t\t\t<div class=\"elementor-element elementor-element-c9331f6 elementor-widget elementor-widget-text-editor\" data-id=\"c9331f6\" data-element_type=\"widget\" data-widget_type=\"text-editor.default\">\n\t\t\t\t<div class=\"elementor-widget-container\">\n\t\t\t\t\t\t\t\t\t<h1><span style=\"color: #333333;\">Sobre el autor<\/span><\/h1>\t\t\t\t\t\t\t\t<\/div>\n\t\t\t\t<\/div>\n\t\t\t\t\t<\/div>\n\t\t\t\t<\/div>\n\t\t<div class=\"elementor-element elementor-element-fe22b80 e-flex e-con-boxed e-con e-parent\" data-id=\"fe22b80\" data-element_type=\"container\">\n\t\t\t\t\t<div class=\"e-con-inner\">\n\t\t\t\t<div class=\"elementor-element elementor-element-944035d elementor-author-box--link-yes elementor-author-box--avatar-yes elementor-author-box--name-yes elementor-author-box--biography-yes elementor-widget elementor-widget-author-box\" data-id=\"944035d\" data-element_type=\"widget\" data-widget_type=\"author-box.default\">\n\t\t\t\t<div class=\"elementor-widget-container\">\n\t\t\t\t\t\t\t<div class=\"elementor-author-box\">\n\t\t\t\t\t\t\t<a href=\"https:\/\/economiayviveros.com.ar\/portada\/author\/helena\/\" class=\"elementor-author-box__avatar\">\n\t\t\t\t\t<img decoding=\"async\" src=\"https:\/\/economiayviveros.com.ar\/portada\/wp-content\/uploads\/2024\/12\/Logo-5-hojas-300x300.png\" alt=\"Picture of Econom\u00eda &amp; Viveros\" loading=\"lazy\">\n\t\t\t\t<\/a>\n\t\t\t\n\t\t\t<div class=\"elementor-author-box__text\">\n\t\t\t\t\t\t\t\t\t<a href=\"https:\/\/economiayviveros.com.ar\/portada\/author\/helena\/\">\n\t\t\t\t\t\t<h4 class=\"elementor-author-box__name\">\n\t\t\t\t\t\t\tEconom\u00eda &amp; Viveros\t\t\t\t\t\t<\/h4>\n\t\t\t\t\t<\/a>\n\t\t\t\t\n\t\t\t\t\t\t\t\t\t<div class=\"elementor-author-box__bio\">\n\t\t\t\t\t\tDesde el 2009 brinda toda la informaci\u00f3n sobre la floricultura argentina.\r\n\r\nEdiciones mensuales.\t\t\t\t\t<\/div>\n\t\t\t\t\n\t\t\t\t\t\t\t\t\t<a class=\"elementor-author-box__button elementor-button elementor-size-xs\" href=\"https:\/\/economiayviveros.com.ar\/portada\/author\/helena\/\">\n\t\t\t\t\t\tM\u00e1s notas\t\t\t\t\t<\/a>\n\t\t\t\t\t\t\t<\/div>\n\t\t<\/div>\n\t\t\t\t\t\t<\/div>\n\t\t\t\t<\/div>\n\t\t\t\t\t<\/div>\n\t\t\t\t<\/div>\n\t\t\t\t<\/div>\n\t\t","protected":false},"excerpt":{"rendered":"<p>EXPERIENCIAS C\u00f3mo resolvi\u00f3 uno de los puntos m\u00e1s desafiantes: la creaci\u00f3n de un sector de estar en un \u00e1rea al fondo del jard\u00edn, donde no llegaba ning\u00fan tipo de riego.<\/p>\n","protected":false},"author":1,"featured_media":3466,"comment_status":"closed","ping_status":"open","sticky":false,"template":"","format":"standard","meta":{"iawp_total_views":1,"footnotes":""},"categories":[4],"tags":[],"class_list":["post-3509","post","type-post","status-publish","format-standard","has-post-thumbnail","hentry","category-entrevistas"],"_links":{"self":[{"href":"https:\/\/economiayviveros.com.ar\/portada\/wp-json\/wp\/v2\/posts\/3509","targetHints":{"allow":["GET"]}}],"collection":[{"href":"https:\/\/economiayviveros.com.ar\/portada\/wp-json\/wp\/v2\/posts"}],"about":[{"href":"https:\/\/economiayviveros.com.ar\/portada\/wp-json\/wp\/v2\/types\/post"}],"author":[{"embeddable":true,"href":"https:\/\/economiayviveros.com.ar\/portada\/wp-json\/wp\/v2\/users\/1"}],"replies":[{"embeddable":true,"href":"https:\/\/economiayviveros.com.ar\/portada\/wp-json\/wp\/v2\/comments?post=3509"}],"version-history":[{"count":4,"href":"https:\/\/economiayviveros.com.ar\/portada\/wp-json\/wp\/v2\/posts\/3509\/revisions"}],"predecessor-version":[{"id":3513,"href":"https:\/\/economiayviveros.com.ar\/portada\/wp-json\/wp\/v2\/posts\/3509\/revisions\/3513"}],"wp:featuredmedia":[{"embeddable":true,"href":"https:\/\/economiayviveros.com.ar\/portada\/wp-json\/wp\/v2\/media\/3466"}],"wp:attachment":[{"href":"https:\/\/economiayviveros.com.ar\/portada\/wp-json\/wp\/v2\/media?parent=3509"}],"wp:term":[{"taxonomy":"category","embeddable":true,"href":"https:\/\/economiayviveros.com.ar\/portada\/wp-json\/wp\/v2\/categories?post=3509"},{"taxonomy":"post_tag","embeddable":true,"href":"https:\/\/economiayviveros.com.ar\/portada\/wp-json\/wp\/v2\/tags?post=3509"}],"curies":[{"name":"wp","href":"https:\/\/api.w.org\/{rel}","templated":true}]}}