{"id":3504,"date":"2026-05-01T13:27:44","date_gmt":"2026-05-01T16:27:44","guid":{"rendered":"https:\/\/economiayviveros.com.ar\/portada\/?p=3504"},"modified":"2026-05-02T13:30:16","modified_gmt":"2026-05-02T16:30:16","slug":"vivero-glauco-plantas-que-requieren-poca-agua","status":"publish","type":"post","link":"https:\/\/economiayviveros.com.ar\/portada\/vivero-glauco-plantas-que-requieren-poca-agua\/","title":{"rendered":"Vivero Glauco: plantas que requieren poca agua"},"content":{"rendered":"\t\t<div data-elementor-type=\"wp-post\" data-elementor-id=\"3504\" class=\"elementor elementor-3504\" data-elementor-post-type=\"post\">\n\t\t\t\t<div class=\"elementor-element elementor-element-3fb02dd2 e-flex e-con-boxed e-con e-parent\" data-id=\"3fb02dd2\" data-element_type=\"container\">\n\t\t\t\t\t<div class=\"e-con-inner\">\n\t\t\t\t<div class=\"elementor-element elementor-element-45123af4 elementor-widget elementor-widget-text-editor\" data-id=\"45123af4\" data-element_type=\"widget\" data-widget_type=\"text-editor.default\">\n\t\t\t\t<div class=\"elementor-widget-container\">\n\t\t\t\t\t\t\t\t\t\n<h4 class=\"wp-block-heading\">EMPRESAS Tiene m\u00e1s de trescientas variedades de plantas que comercializa exclusivamente por Internet. Son ideales para zonas \u00e1ridas y semi\u00e1ridas como las de la provincia de Mendoza.<\/h4>\n\n\n\n<figure class=\"wp-block-image size-full\"><img fetchpriority=\"high\" decoding=\"async\" width=\"900\" height=\"600\" src=\"https:\/\/economiayviveros.com.ar\/portada\/wp-content\/uploads\/2026\/05\/Empresas-Glauco-0526-G.jpg\" alt=\"\" class=\"wp-image-3464\" srcset=\"https:\/\/economiayviveros.com.ar\/portada\/wp-content\/uploads\/2026\/05\/Empresas-Glauco-0526-G.jpg 900w, https:\/\/economiayviveros.com.ar\/portada\/wp-content\/uploads\/2026\/05\/Empresas-Glauco-0526-G-300x200.jpg 300w, https:\/\/economiayviveros.com.ar\/portada\/wp-content\/uploads\/2026\/05\/Empresas-Glauco-0526-G-768x512.jpg 768w\" sizes=\"(max-width: 900px) 100vw, 900px\" \/><\/figure>\n\n\n\n<p><strong>Presenta: Ezequiel Romano (37) y Francisco Minati (36)<\/strong><\/p>\n\n\n\n<p>Estamos ubicados en la provincia de Mendoza y, hace aproximadamente siete a\u00f1os, comenzamos a incorporar en nuestros proyectos de paisajismo (somos ingenieros agr\u00f3nomos) especies poco habituales en el mercado local. Entre ellas, herb\u00e1ceas y gram\u00edneas, principalmente. A partir de semillas y ejemplares aislados, iniciamos su reproducci\u00f3n con el objetivo de generar planteles m\u00e1s numerosos.<\/p>\n\n\n\n<p>Con el tiempo, lo que comenz\u00f3 como una colecci\u00f3n de pocas especies fue transform\u00e1ndose en un sistema de m\u00e1s de 300, en proceso de propagaci\u00f3n y ensayo, orientado a evaluar su adaptaci\u00f3n a las condiciones locales.<\/p>\n\n\n\n<p>A partir de ese recorrido, sumado a nuestro inter\u00e9s por este grupo de plantas y a la escasa oferta disponible en el mercado, decidimos, hace dos a\u00f1os, fundar Glauco: un vivero especializado en la producci\u00f3n, ensayo y comercializaci\u00f3n de herb\u00e1ceas y gram\u00edneas adaptadas a ambientes \u00e1ridos y semi\u00e1ridos, con distribuci\u00f3n en todo el pa\u00eds.<\/p>\n\n\n\n<p>En la actualidad, la producci\u00f3n se encuentra expandi\u00e9ndose. Paralelamente, estamos desarrollando un jard\u00edn experimental que permitir\u00e1 a paisajistas y clientes observar las especies en distintas etapas de crecimiento, analizar su comportamiento estacional y evaluar combinaciones de dise\u00f1o orientadas a lograr jardines m\u00e1s sustentables. Este espacio tambi\u00e9n funcionar\u00e1 como base para generar registros detallados de cada especie, incluidos sus requerimientos h\u00eddricos.<\/p>\n\n\n\n<p>La venta se realiza, por el momento, de forma <em>online<\/em> a todo el pa\u00eds, en formato de plantines en envase M12.<\/p>\n\n\n\n<ul class=\"wp-block-list\">\n<li>Con\u00f3celos <a href=\"https:\/\/www.instagram.com\/glauco.herbaceas\/\" target=\"_blank\" rel=\"noreferrer noopener\">@glauco.herbaceas<\/a><\/li>\n<\/ul>\n\n\n\n<p><\/p>\n\t\t\t\t\t\t\t\t<\/div>\n\t\t\t\t<\/div>\n\t\t\t\t\t<\/div>\n\t\t\t\t<\/div>\n\t\t<div class=\"elementor-element elementor-element-23a7439 e-flex e-con-boxed e-con e-parent\" data-id=\"23a7439\" data-element_type=\"container\">\n\t\t\t\t\t<div class=\"e-con-inner\">\n\t\t\t\t<div class=\"elementor-element elementor-element-f0d1076 elementor-widget elementor-widget-text-editor\" data-id=\"f0d1076\" data-element_type=\"widget\" data-widget_type=\"text-editor.default\">\n\t\t\t\t<div class=\"elementor-widget-container\">\n\t\t\t\t\t\t\t\t\t<h1><span style=\"color: #333333;\">Sobre el autor<\/span><\/h1>\t\t\t\t\t\t\t\t<\/div>\n\t\t\t\t<\/div>\n\t\t\t\t\t<\/div>\n\t\t\t\t<\/div>\n\t\t<div class=\"elementor-element elementor-element-553f32f e-flex e-con-boxed e-con e-parent\" data-id=\"553f32f\" data-element_type=\"container\">\n\t\t\t\t\t<div class=\"e-con-inner\">\n\t\t\t\t<div class=\"elementor-element elementor-element-89cf08e elementor-author-box--link-yes elementor-author-box--avatar-yes elementor-author-box--name-yes elementor-author-box--biography-yes elementor-widget elementor-widget-author-box\" data-id=\"89cf08e\" data-element_type=\"widget\" data-widget_type=\"author-box.default\">\n\t\t\t\t<div class=\"elementor-widget-container\">\n\t\t\t\t\t\t\t<div class=\"elementor-author-box\">\n\t\t\t\t\t\t\t<a href=\"https:\/\/economiayviveros.com.ar\/portada\/author\/helena\/\" class=\"elementor-author-box__avatar\">\n\t\t\t\t\t<img decoding=\"async\" src=\"https:\/\/economiayviveros.com.ar\/portada\/wp-content\/uploads\/2024\/12\/Logo-5-hojas-300x300.png\" alt=\"Picture of Econom\u00eda &amp; Viveros\" loading=\"lazy\">\n\t\t\t\t<\/a>\n\t\t\t\n\t\t\t<div class=\"elementor-author-box__text\">\n\t\t\t\t\t\t\t\t\t<a href=\"https:\/\/economiayviveros.com.ar\/portada\/author\/helena\/\">\n\t\t\t\t\t\t<h4 class=\"elementor-author-box__name\">\n\t\t\t\t\t\t\tEconom\u00eda &amp; Viveros\t\t\t\t\t\t<\/h4>\n\t\t\t\t\t<\/a>\n\t\t\t\t\n\t\t\t\t\t\t\t\t\t<div class=\"elementor-author-box__bio\">\n\t\t\t\t\t\tDesde el 2009 brinda toda la informaci\u00f3n sobre la floricultura argentina.\r\n\r\nEdiciones mensuales.\t\t\t\t\t<\/div>\n\t\t\t\t\n\t\t\t\t\t\t\t\t\t<a class=\"elementor-author-box__button elementor-button elementor-size-xs\" href=\"https:\/\/economiayviveros.com.ar\/portada\/author\/helena\/\">\n\t\t\t\t\t\tM\u00e1s notas\t\t\t\t\t<\/a>\n\t\t\t\t\t\t\t<\/div>\n\t\t<\/div>\n\t\t\t\t\t\t<\/div>\n\t\t\t\t<\/div>\n\t\t\t\t\t<\/div>\n\t\t\t\t<\/div>\n\t\t\t\t<\/div>\n\t\t","protected":false},"excerpt":{"rendered":"<p>EMPRESAS Tiene m\u00e1s de trescientas variedades de plantas que comercializa exclusivamente por Internet. Son ideales para zonas \u00e1ridas y semi\u00e1ridas como las de la provincia de Mendoza.<\/p>\n","protected":false},"author":1,"featured_media":3464,"comment_status":"closed","ping_status":"open","sticky":false,"template":"","format":"standard","meta":{"iawp_total_views":1,"footnotes":""},"categories":[4],"tags":[],"class_list":["post-3504","post","type-post","status-publish","format-standard","has-post-thumbnail","hentry","category-entrevistas"],"_links":{"self":[{"href":"https:\/\/economiayviveros.com.ar\/portada\/wp-json\/wp\/v2\/posts\/3504","targetHints":{"allow":["GET"]}}],"collection":[{"href":"https:\/\/economiayviveros.com.ar\/portada\/wp-json\/wp\/v2\/posts"}],"about":[{"href":"https:\/\/economiayviveros.com.ar\/portada\/wp-json\/wp\/v2\/types\/post"}],"author":[{"embeddable":true,"href":"https:\/\/economiayviveros.com.ar\/portada\/wp-json\/wp\/v2\/users\/1"}],"replies":[{"embeddable":true,"href":"https:\/\/economiayviveros.com.ar\/portada\/wp-json\/wp\/v2\/comments?post=3504"}],"version-history":[{"count":4,"href":"https:\/\/economiayviveros.com.ar\/portada\/wp-json\/wp\/v2\/posts\/3504\/revisions"}],"predecessor-version":[{"id":3508,"href":"https:\/\/economiayviveros.com.ar\/portada\/wp-json\/wp\/v2\/posts\/3504\/revisions\/3508"}],"wp:featuredmedia":[{"embeddable":true,"href":"https:\/\/economiayviveros.com.ar\/portada\/wp-json\/wp\/v2\/media\/3464"}],"wp:attachment":[{"href":"https:\/\/economiayviveros.com.ar\/portada\/wp-json\/wp\/v2\/media?parent=3504"}],"wp:term":[{"taxonomy":"category","embeddable":true,"href":"https:\/\/economiayviveros.com.ar\/portada\/wp-json\/wp\/v2\/categories?post=3504"},{"taxonomy":"post_tag","embeddable":true,"href":"https:\/\/economiayviveros.com.ar\/portada\/wp-json\/wp\/v2\/tags?post=3504"}],"curies":[{"name":"wp","href":"https:\/\/api.w.org\/{rel}","templated":true}]}}