{"id":3499,"date":"2026-05-01T13:23:39","date_gmt":"2026-05-01T16:23:39","guid":{"rendered":"https:\/\/economiayviveros.com.ar\/portada\/?p=3499"},"modified":"2026-05-02T13:27:40","modified_gmt":"2026-05-02T16:27:40","slug":"anastasiia-pantielieieva-el-arte-de-ensenar","status":"publish","type":"post","link":"https:\/\/economiayviveros.com.ar\/portada\/anastasiia-pantielieieva-el-arte-de-ensenar\/","title":{"rendered":"Anastasiia Pantielieieva: el arte de ense\u00f1ar"},"content":{"rendered":"\t\t<div data-elementor-type=\"wp-post\" data-elementor-id=\"3499\" class=\"elementor elementor-3499\" data-elementor-post-type=\"post\">\n\t\t\t\t<div class=\"elementor-element elementor-element-1e1d8469 e-flex e-con-boxed e-con e-parent\" data-id=\"1e1d8469\" data-element_type=\"container\">\n\t\t\t\t\t<div class=\"e-con-inner\">\n\t\t\t\t<div class=\"elementor-element elementor-element-1e86f981 elementor-widget elementor-widget-text-editor\" data-id=\"1e86f981\" data-element_type=\"widget\" data-widget_type=\"text-editor.default\">\n\t\t\t\t<div class=\"elementor-widget-container\">\n\t\t\t\t\t\t\t\t\t\n<h4 class=\"wp-block-heading\">CUESTIONARIO E&amp;V Paisajista y fundadora de la escuela de formaci\u00f3n visual Kampanita, comparte experiencias y gustos.<\/h4>\n\n\n\n<figure class=\"wp-block-image size-large\"><img fetchpriority=\"high\" decoding=\"async\" width=\"1024\" height=\"717\" src=\"https:\/\/economiayviveros.com.ar\/portada\/wp-content\/uploads\/2026\/05\/Cuestionario-Pantielieieva-0526-G-1024x717.jpg\" alt=\"\" class=\"wp-image-3462\" srcset=\"https:\/\/economiayviveros.com.ar\/portada\/wp-content\/uploads\/2026\/05\/Cuestionario-Pantielieieva-0526-G-1024x717.jpg 1024w, https:\/\/economiayviveros.com.ar\/portada\/wp-content\/uploads\/2026\/05\/Cuestionario-Pantielieieva-0526-G-300x210.jpg 300w, https:\/\/economiayviveros.com.ar\/portada\/wp-content\/uploads\/2026\/05\/Cuestionario-Pantielieieva-0526-G-768x538.jpg 768w, https:\/\/economiayviveros.com.ar\/portada\/wp-content\/uploads\/2026\/05\/Cuestionario-Pantielieieva-0526-G.jpg 1142w\" sizes=\"(max-width: 1024px) 100vw, 1024px\" \/><figcaption class=\"wp-element-caption\">Anastasiia Pantielieieva. Foto: gentileza de Kampanita<\/figcaption><\/figure>\n\n\n\n<p><strong>Nombre<\/strong>: Anastasiia Pantielieieva<\/p>\n\n\n\n<p><strong>Edad<\/strong>: 36 a\u00f1os<\/p>\n\n\n\n<p><strong>C.V.<\/strong>: Arquitecta del paisaje y fundadora de la escuela de formaci\u00f3n visual Kampanita. <a href=\"https:\/\/www.instagram.com\/kampanita_project\/\">@Kampanita Project<\/a><\/p>\n\n\n\n<p><strong>Un trabajo que me enorgullece<\/strong>: Un parque lineal de 1,3 km en la costa del r\u00edo Uruguay (Paysand\u00fa \u2013 ROU). No por la escala, sino por el cambio de paradigma: c\u00f3mo el paisaje transforma h\u00e1bitos, percepci\u00f3n y calidad de vida, activando una conexi\u00f3n real con la naturaleza.<\/p>\n\n\n\n<p><strong>Si fuera una planta o una flor, ser\u00eda\u2026<\/strong>: El coronillo (<em>Scutia buxifolia<\/em>). Nativo, resiliente y parte de un sistema que sostiene vida.<\/p>\n\n\n\n<p><strong>Si pudiera elegir entre ser experto en alguna disciplina o ser entendido en varias actividades, optar\u00eda por\u2026<\/strong>: Por integrar disciplinas. La especializaci\u00f3n suma; no obstante, la visi\u00f3n integral es lo que permite generar valor real.<\/p>\n\n\n\n<p><strong>A mi yo de dieciocho a\u00f1os le aconsejar\u00eda que: <\/strong>Confiara en su intuici\u00f3n. Nada de lo que experimente es tiempo perdido: todo se incorpora despu\u00e9s en un nivel m\u00e1s profundo.<\/p>\n\n\n\n<p><strong>Mis clientes\/empleadores siempre me dicen<\/strong>: Que nunca imaginaron vivir en un espacio as\u00ed. Y que, una vez que lo experimentan, no pueden volver atr\u00e1s.<\/p>\n\n\n\n<p><strong>Si pudiera sumar otra profesi\u00f3n, ser\u00eda\u2026<\/strong>: Cient\u00edfica. Para entender los sistemas en su esencia, m\u00e1s all\u00e1 de lo visible.<\/p>\n\n\n\n<p><strong>Algo que me gustar\u00eda tener<\/strong>: M\u00e1s tiempo para proyectos territoriales de gran escala y para potenciar mi rol como mentora: ayudar a otros a ver su propio potencial.<\/p>\n\n\n\n<p><strong>Una comida preferida<\/strong>: Simple y natural. Lo m\u00e1s valioso: lo que nace de mi propio entorno.<\/p>\n\n\n\n<p><strong>Creo que el mayor reto de alguien que se inicia en un trabajo como el nuestro es\u2026<\/strong>: Sostener su visi\u00f3n frente a las presiones del mercado. Formarse lo suficiente para expresarla con claridad y, en ese proceso, educar tambi\u00e9n al cliente.<\/p>\n\n\n\n<p><strong>Me mantengo actualizado\/a<\/strong>: Estudiando, observando territorio real y aplicando lo aprendido. El conocimiento solo vale cuando transforma la pr\u00e1ctica.<\/p>\n\n\n\n<p><strong>En relaci\u00f3n con mi sector laboral, me gustar\u00eda que el Estado tomara la siguiente medida<\/strong>: Me agradar\u00eda que profundizara la integraci\u00f3n entre el desarrollo urbano y la naturaleza, con m\u00e1s educaci\u00f3n y regulaciones que aseguraran un equilibrio real.<\/p>\n\n\n\n<p><strong>Una sugerencia<\/strong>: No separar dise\u00f1o, comunicaci\u00f3n y venta. Cuando se integran, el proyecto no solo se crea\u2026, se concreta y transforma.<\/p>\n\t\t\t\t\t\t\t\t<\/div>\n\t\t\t\t<\/div>\n\t\t\t\t\t<\/div>\n\t\t\t\t<\/div>\n\t\t<div class=\"elementor-element elementor-element-3d78220 e-flex e-con-boxed e-con e-parent\" data-id=\"3d78220\" data-element_type=\"container\">\n\t\t\t\t\t<div class=\"e-con-inner\">\n\t\t\t\t<div class=\"elementor-element elementor-element-fa9e15b elementor-widget elementor-widget-text-editor\" data-id=\"fa9e15b\" data-element_type=\"widget\" data-widget_type=\"text-editor.default\">\n\t\t\t\t<div class=\"elementor-widget-container\">\n\t\t\t\t\t\t\t\t\t<h1><span style=\"color: #333333;\">Sobre el autor<\/span><\/h1>\t\t\t\t\t\t\t\t<\/div>\n\t\t\t\t<\/div>\n\t\t\t\t\t<\/div>\n\t\t\t\t<\/div>\n\t\t<div class=\"elementor-element elementor-element-b64464d e-flex e-con-boxed e-con e-parent\" data-id=\"b64464d\" data-element_type=\"container\">\n\t\t\t\t\t<div class=\"e-con-inner\">\n\t\t\t\t<div class=\"elementor-element elementor-element-51aef14 elementor-author-box--link-yes elementor-author-box--avatar-yes elementor-author-box--name-yes elementor-author-box--biography-yes elementor-widget elementor-widget-author-box\" data-id=\"51aef14\" data-element_type=\"widget\" data-widget_type=\"author-box.default\">\n\t\t\t\t<div class=\"elementor-widget-container\">\n\t\t\t\t\t\t\t<div class=\"elementor-author-box\">\n\t\t\t\t\t\t\t<a href=\"https:\/\/economiayviveros.com.ar\/portada\/author\/helena\/\" class=\"elementor-author-box__avatar\">\n\t\t\t\t\t<img decoding=\"async\" src=\"https:\/\/economiayviveros.com.ar\/portada\/wp-content\/uploads\/2024\/12\/Logo-5-hojas-300x300.png\" alt=\"Picture of Econom\u00eda &amp; Viveros\" loading=\"lazy\">\n\t\t\t\t<\/a>\n\t\t\t\n\t\t\t<div class=\"elementor-author-box__text\">\n\t\t\t\t\t\t\t\t\t<a href=\"https:\/\/economiayviveros.com.ar\/portada\/author\/helena\/\">\n\t\t\t\t\t\t<h4 class=\"elementor-author-box__name\">\n\t\t\t\t\t\t\tEconom\u00eda &amp; Viveros\t\t\t\t\t\t<\/h4>\n\t\t\t\t\t<\/a>\n\t\t\t\t\n\t\t\t\t\t\t\t\t\t<div class=\"elementor-author-box__bio\">\n\t\t\t\t\t\tDesde el 2009 brinda toda la informaci\u00f3n sobre la floricultura argentina.\r\n\r\nEdiciones mensuales.\t\t\t\t\t<\/div>\n\t\t\t\t\n\t\t\t\t\t\t\t\t\t<a class=\"elementor-author-box__button elementor-button elementor-size-xs\" href=\"https:\/\/economiayviveros.com.ar\/portada\/author\/helena\/\">\n\t\t\t\t\t\tM\u00e1s notas\t\t\t\t\t<\/a>\n\t\t\t\t\t\t\t<\/div>\n\t\t<\/div>\n\t\t\t\t\t\t<\/div>\n\t\t\t\t<\/div>\n\t\t\t\t\t<\/div>\n\t\t\t\t<\/div>\n\t\t\t\t<\/div>\n\t\t","protected":false},"excerpt":{"rendered":"<p>CUESTIONARIO E&#038;V Paisajista y fundadora de la escuela de formaci\u00f3n visual Kampanita, comparte experiencias y gustos. <\/p>\n","protected":false},"author":1,"featured_media":3463,"comment_status":"closed","ping_status":"open","sticky":false,"template":"","format":"standard","meta":{"iawp_total_views":1,"footnotes":""},"categories":[1],"tags":[],"class_list":["post-3499","post","type-post","status-publish","format-standard","has-post-thumbnail","hentry","category-uncategorized"],"_links":{"self":[{"href":"https:\/\/economiayviveros.com.ar\/portada\/wp-json\/wp\/v2\/posts\/3499","targetHints":{"allow":["GET"]}}],"collection":[{"href":"https:\/\/economiayviveros.com.ar\/portada\/wp-json\/wp\/v2\/posts"}],"about":[{"href":"https:\/\/economiayviveros.com.ar\/portada\/wp-json\/wp\/v2\/types\/post"}],"author":[{"embeddable":true,"href":"https:\/\/economiayviveros.com.ar\/portada\/wp-json\/wp\/v2\/users\/1"}],"replies":[{"embeddable":true,"href":"https:\/\/economiayviveros.com.ar\/portada\/wp-json\/wp\/v2\/comments?post=3499"}],"version-history":[{"count":4,"href":"https:\/\/economiayviveros.com.ar\/portada\/wp-json\/wp\/v2\/posts\/3499\/revisions"}],"predecessor-version":[{"id":3503,"href":"https:\/\/economiayviveros.com.ar\/portada\/wp-json\/wp\/v2\/posts\/3499\/revisions\/3503"}],"wp:featuredmedia":[{"embeddable":true,"href":"https:\/\/economiayviveros.com.ar\/portada\/wp-json\/wp\/v2\/media\/3463"}],"wp:attachment":[{"href":"https:\/\/economiayviveros.com.ar\/portada\/wp-json\/wp\/v2\/media?parent=3499"}],"wp:term":[{"taxonomy":"category","embeddable":true,"href":"https:\/\/economiayviveros.com.ar\/portada\/wp-json\/wp\/v2\/categories?post=3499"},{"taxonomy":"post_tag","embeddable":true,"href":"https:\/\/economiayviveros.com.ar\/portada\/wp-json\/wp\/v2\/tags?post=3499"}],"curies":[{"name":"wp","href":"https:\/\/api.w.org\/{rel}","templated":true}]}}