{"id":3494,"date":"2026-05-01T13:19:17","date_gmt":"2026-05-01T16:19:17","guid":{"rendered":"https:\/\/economiayviveros.com.ar\/portada\/?p=3494"},"modified":"2026-05-02T13:21:29","modified_gmt":"2026-05-02T16:21:29","slug":"la-floricultura-de-vietnam-se-integra-al-mercado-global","status":"publish","type":"post","link":"https:\/\/economiayviveros.com.ar\/portada\/la-floricultura-de-vietnam-se-integra-al-mercado-global\/","title":{"rendered":"La floricultura de Vietnam se integra al mercado global"},"content":{"rendered":"\t\t<div data-elementor-type=\"wp-post\" data-elementor-id=\"3494\" class=\"elementor elementor-3494\" data-elementor-post-type=\"post\">\n\t\t\t\t<div class=\"elementor-element elementor-element-7d1675fe e-flex e-con-boxed e-con e-parent\" data-id=\"7d1675fe\" data-element_type=\"container\">\n\t\t\t\t\t<div class=\"e-con-inner\">\n\t\t\t\t<div class=\"elementor-element elementor-element-5a6c1ceb elementor-widget elementor-widget-text-editor\" data-id=\"5a6c1ceb\" data-element_type=\"widget\" data-widget_type=\"text-editor.default\">\n\t\t\t\t<div class=\"elementor-widget-container\">\n\t\t\t\t\t\t\t\t\t\n<h4 class=\"wp-block-heading\"><strong>MUNDO La Asociaci\u00f3n Vietnamita de Criaturas Ornamentales se incorpor\u00f3 a la Asociaci\u00f3n Internacional de Productores Hort\u00edcolas. Cu\u00e1les son las caracter\u00edsticas de producci\u00f3n y comercializaci\u00f3n de este pa\u00eds.<\/strong><\/h4>\n\n\n\n<figure class=\"wp-block-image size-large\"><img fetchpriority=\"high\" decoding=\"async\" width=\"1024\" height=\"682\" src=\"https:\/\/economiayviveros.com.ar\/portada\/wp-content\/uploads\/2026\/05\/Act.-5-Vietnam-0526-G-1024x682.jpg\" alt=\"\" class=\"wp-image-3460\" srcset=\"https:\/\/economiayviveros.com.ar\/portada\/wp-content\/uploads\/2026\/05\/Act.-5-Vietnam-0526-G-1024x682.jpg 1024w, https:\/\/economiayviveros.com.ar\/portada\/wp-content\/uploads\/2026\/05\/Act.-5-Vietnam-0526-G-300x200.jpg 300w, https:\/\/economiayviveros.com.ar\/portada\/wp-content\/uploads\/2026\/05\/Act.-5-Vietnam-0526-G-768x512.jpg 768w, https:\/\/economiayviveros.com.ar\/portada\/wp-content\/uploads\/2026\/05\/Act.-5-Vietnam-0526-G.jpg 1201w\" sizes=\"(max-width: 1024px) 100vw, 1024px\" \/><figcaption class=\"wp-element-caption\">Cultivo flor\u00edcola vietnamita. Foto: gentileza de la AIPH<\/figcaption><\/figure>\n\n\n\n<p>La creciente industria flor\u00edcola de Vietnam consolida su proyecci\u00f3n internacional tras la incorporaci\u00f3n de la Asociaci\u00f3n Vietnamita de Criaturas Ornamentales a la Asociaci\u00f3n Internacional de Productores Hort\u00edcolas (AIPH).<\/p>\n\n\n\n<p>La admisi\u00f3n fue formalizada durante la Asamblea General celebrada en el marco de la reuni\u00f3n de la AIPH en S\u00eddney 2026 (Australia), en la que se integr\u00f3 el sector ornamental vietnamita en la red global de la industria.<\/p>\n\n\n\n<p>Fundada en 1989 por decisi\u00f3n del Gobierno de Vietnam, la asociaci\u00f3n se ha expandido a nivel nacional durante m\u00e1s de tres d\u00e9cadas. En la actualidad, re\u00fane a m\u00e1s de 700.000 miembros, entre los que se incluyen artesanos, cient\u00edficos y empresarios activos en la producci\u00f3n de plantas ornamentales, el dise\u00f1o paisaj\u00edstico y el comercio hort\u00edcola.<\/p>\n\n\n\n<p><strong>Crecimiento sostenido de la industria de flores y plantas ornamentales<\/strong><\/p>\n\n\n\n<p>La industria vietnamita de flores y plantas ornamentales ha crecido de forma constante durante la \u00faltima d\u00e9cada. El aumento de los ingresos, la urbanizaci\u00f3n y la expansi\u00f3n del turismo han contribuido a una mayor demanda de flores para paisajismo, festivales, celebraciones y decoraci\u00f3n del hogar.<\/p>\n\n\n\n<p>Seg\u00fan estimaciones del sector, la superficie dedicada a flores y plantas ornamentales alcanza unas 60.000 hect\u00e1reas, lo que genera un valor econ\u00f3mico anual aproximado de 2100 millones de d\u00f3lares.<\/p>\n\n\n\n<p>Las pol\u00edticas p\u00fablicas reconocen cada vez m\u00e1s a la floricultura como un importante motor del desarrollo rural. En \u00e1reas especializadas, el cultivo de flores puede generar valores de producci\u00f3n de entre 300 y 500 millones de dongs vietnamitas por hect\u00e1rea \u2014equivalentes a 12.000 y 20.000 d\u00f3lares, aproximadamente\u2014. Dicha condici\u00f3n la convierte en una de las actividades hort\u00edcolas m\u00e1s rentables para muchas comunidades rurales.<\/p>\n\n\n\n<p>La actividad exportadora tambi\u00e9n est\u00e1 en expansi\u00f3n. Durante los dos primeros meses de 2026, las exportaciones de flores frescas y plantas ornamentales superaron los 45 millones de d\u00f3lares, lo que refleja la creciente demanda internacional.<\/p>\n\n\n\n<p><strong>Regiones productivas y diversidad hort\u00edcola<\/strong><\/p>\n\n\n\n<p>La diversidad geogr\u00e1fica de Vietnam permite el cultivo de una amplia variedad de especies ornamentales. Da Lat, en las Tierras Altas Centrales, situada a unos 1500 metros sobre el nivel del mar, se ha consolidado como el principal centro de producci\u00f3n floral del pa\u00eds. Cuenta con cultivos de rosas, lirios y otras flores cortadas, cuyo destino es el l mercado interno, pero tambi\u00e9n, la exportaci\u00f3n.<\/p>\n\n\n\n<p>En el norte, Han\u00f3i y las provincias circundantes mantienen una fuerte tradici\u00f3n en la producci\u00f3n de plantas ornamentales y el cultivo de bons\u00e1is, mientras que algunas regiones, como Hai Phong, Nam Dinh y Lao Cai, contribuyen a ampliar la oferta regional.<\/p>\n\n\n\n<p>En todo el pa\u00eds, el sector combina la producci\u00f3n moderna en invernaderos con tradiciones hort\u00edcolas arraigadas. Y estas van desde explotaciones en altura hasta pueblos florales tradicionales y sistemas de producci\u00f3n de peque\u00f1os agricultores.<\/p>\n\n\n\n<p><strong>Una nueva etapa para el sector ornamental<\/strong><\/p>\n\n\n\n<p>Dang Van Dong, jefe del Comit\u00e9 de Plantas y Flores Ornamentales de la asociaci\u00f3n, afirma que el sector est\u00e1 entrando en una nueva fase de desarrollo.<\/p>\n\n\n\n<p><em>La industria vietnamita de plantas ornamentales y flores ha crecido r\u00e1pidamente en los \u00faltimos a\u00f1os. Con una demanda creciente y la expansi\u00f3n de las regiones de producci\u00f3n, el sector se est\u00e1 convirtiendo en una parte cada vez m\u00e1s importante del desarrollo econ\u00f3mico rural<\/em>.<\/p>\n\n\n\n<p><strong>Proyecci\u00f3n internacional y eventos del sector flor\u00edcola<\/strong><\/p>\n\n\n\n<p>La incorporaci\u00f3n a la AIPH representa una oportunidad para fortalecer el intercambio internacional y elevar el perfil del sector flor\u00edcola vietnamita en la industria global.<\/p>\n\n\n\n<p>En este contexto, el pa\u00eds se prepara para acoger, en 2027, la 18.\u00aa Convenci\u00f3n de Bons\u00e1i y Suiseki de Asia Pac\u00edfico (ASPAC) en Han\u00f3i, lo que refleja su creciente participaci\u00f3n internacional.<\/p>\n\n\n\n<p>Finalmente, la entrada de la Asociaci\u00f3n Vietnamita de Criaturas Ornamentales en la red de la AIPH pone de relieve la creciente importancia del sudeste asi\u00e1tico dentro de la industria internacional de la horticultura ornamental.<\/p>\n\t\t\t\t\t\t\t\t<\/div>\n\t\t\t\t<\/div>\n\t\t\t\t\t<\/div>\n\t\t\t\t<\/div>\n\t\t<div class=\"elementor-element elementor-element-611eadb e-flex e-con-boxed e-con e-parent\" data-id=\"611eadb\" data-element_type=\"container\">\n\t\t\t\t\t<div class=\"e-con-inner\">\n\t\t\t\t<div class=\"elementor-element elementor-element-b30b515 elementor-widget elementor-widget-text-editor\" data-id=\"b30b515\" data-element_type=\"widget\" data-widget_type=\"text-editor.default\">\n\t\t\t\t<div class=\"elementor-widget-container\">\n\t\t\t\t\t\t\t\t\t<h1><span style=\"color: #333333;\">Sobre el autor<\/span><\/h1>\t\t\t\t\t\t\t\t<\/div>\n\t\t\t\t<\/div>\n\t\t\t\t\t<\/div>\n\t\t\t\t<\/div>\n\t\t<div class=\"elementor-element elementor-element-e7aff0c e-flex e-con-boxed e-con e-parent\" data-id=\"e7aff0c\" data-element_type=\"container\">\n\t\t\t\t\t<div class=\"e-con-inner\">\n\t\t\t\t<div class=\"elementor-element elementor-element-9aa5b6e elementor-author-box--link-yes elementor-author-box--avatar-yes elementor-author-box--name-yes elementor-author-box--biography-yes elementor-widget elementor-widget-author-box\" data-id=\"9aa5b6e\" data-element_type=\"widget\" data-widget_type=\"author-box.default\">\n\t\t\t\t<div class=\"elementor-widget-container\">\n\t\t\t\t\t\t\t<div class=\"elementor-author-box\">\n\t\t\t\t\t\t\t<a href=\"https:\/\/economiayviveros.com.ar\/portada\/author\/helena\/\" class=\"elementor-author-box__avatar\">\n\t\t\t\t\t<img decoding=\"async\" src=\"https:\/\/economiayviveros.com.ar\/portada\/wp-content\/uploads\/2024\/12\/Logo-5-hojas-300x300.png\" alt=\"Picture of Econom\u00eda &amp; Viveros\" loading=\"lazy\">\n\t\t\t\t<\/a>\n\t\t\t\n\t\t\t<div class=\"elementor-author-box__text\">\n\t\t\t\t\t\t\t\t\t<a href=\"https:\/\/economiayviveros.com.ar\/portada\/author\/helena\/\">\n\t\t\t\t\t\t<h4 class=\"elementor-author-box__name\">\n\t\t\t\t\t\t\tEconom\u00eda &amp; Viveros\t\t\t\t\t\t<\/h4>\n\t\t\t\t\t<\/a>\n\t\t\t\t\n\t\t\t\t\t\t\t\t\t<div class=\"elementor-author-box__bio\">\n\t\t\t\t\t\tDesde el 2009 brinda toda la informaci\u00f3n sobre la floricultura argentina.\r\n\r\nEdiciones mensuales.\t\t\t\t\t<\/div>\n\t\t\t\t\n\t\t\t\t\t\t\t\t\t<a class=\"elementor-author-box__button elementor-button elementor-size-xs\" href=\"https:\/\/economiayviveros.com.ar\/portada\/author\/helena\/\">\n\t\t\t\t\t\tM\u00e1s notas\t\t\t\t\t<\/a>\n\t\t\t\t\t\t\t<\/div>\n\t\t<\/div>\n\t\t\t\t\t\t<\/div>\n\t\t\t\t<\/div>\n\t\t\t\t\t<\/div>\n\t\t\t\t<\/div>\n\t\t\t\t<\/div>\n\t\t","protected":false},"excerpt":{"rendered":"<p>MUNDO La Asociaci\u00f3n Vietnamita de Criaturas Ornamentales se incorpor\u00f3 a la Asociaci\u00f3n Internacional de Productores Hort\u00edcolas. Cu\u00e1les son las caracter\u00edsticas de producci\u00f3n y comercializaci\u00f3n de este pa\u00eds.<\/p>\n","protected":false},"author":1,"featured_media":3460,"comment_status":"closed","ping_status":"open","sticky":false,"template":"","format":"standard","meta":{"iawp_total_views":1,"footnotes":""},"categories":[3],"tags":[],"class_list":["post-3494","post","type-post","status-publish","format-standard","has-post-thumbnail","hentry","category-actualidad"],"_links":{"self":[{"href":"https:\/\/economiayviveros.com.ar\/portada\/wp-json\/wp\/v2\/posts\/3494","targetHints":{"allow":["GET"]}}],"collection":[{"href":"https:\/\/economiayviveros.com.ar\/portada\/wp-json\/wp\/v2\/posts"}],"about":[{"href":"https:\/\/economiayviveros.com.ar\/portada\/wp-json\/wp\/v2\/types\/post"}],"author":[{"embeddable":true,"href":"https:\/\/economiayviveros.com.ar\/portada\/wp-json\/wp\/v2\/users\/1"}],"replies":[{"embeddable":true,"href":"https:\/\/economiayviveros.com.ar\/portada\/wp-json\/wp\/v2\/comments?post=3494"}],"version-history":[{"count":4,"href":"https:\/\/economiayviveros.com.ar\/portada\/wp-json\/wp\/v2\/posts\/3494\/revisions"}],"predecessor-version":[{"id":3498,"href":"https:\/\/economiayviveros.com.ar\/portada\/wp-json\/wp\/v2\/posts\/3494\/revisions\/3498"}],"wp:featuredmedia":[{"embeddable":true,"href":"https:\/\/economiayviveros.com.ar\/portada\/wp-json\/wp\/v2\/media\/3460"}],"wp:attachment":[{"href":"https:\/\/economiayviveros.com.ar\/portada\/wp-json\/wp\/v2\/media?parent=3494"}],"wp:term":[{"taxonomy":"category","embeddable":true,"href":"https:\/\/economiayviveros.com.ar\/portada\/wp-json\/wp\/v2\/categories?post=3494"},{"taxonomy":"post_tag","embeddable":true,"href":"https:\/\/economiayviveros.com.ar\/portada\/wp-json\/wp\/v2\/tags?post=3494"}],"curies":[{"name":"wp","href":"https:\/\/api.w.org\/{rel}","templated":true}]}}