{"id":3489,"date":"2026-05-01T13:15:52","date_gmt":"2026-05-01T16:15:52","guid":{"rendered":"https:\/\/economiayviveros.com.ar\/portada\/?p=3489"},"modified":"2026-05-02T13:19:08","modified_gmt":"2026-05-02T16:19:08","slug":"cosas-del-jardin-particularidades-de-su-negocio-en-youtube","status":"publish","type":"post","link":"https:\/\/economiayviveros.com.ar\/portada\/cosas-del-jardin-particularidades-de-su-negocio-en-youtube\/","title":{"rendered":"Cosas del jard\u00edn: particularidades de su negocio en YouTube"},"content":{"rendered":"\t\t<div data-elementor-type=\"wp-post\" data-elementor-id=\"3489\" class=\"elementor elementor-3489\" data-elementor-post-type=\"post\">\n\t\t\t\t<div class=\"elementor-element elementor-element-55d90349 e-flex e-con-boxed e-con e-parent\" data-id=\"55d90349\" data-element_type=\"container\">\n\t\t\t\t\t<div class=\"e-con-inner\">\n\t\t\t\t<div class=\"elementor-element elementor-element-45be5a45 elementor-widget elementor-widget-text-editor\" data-id=\"45be5a45\" data-element_type=\"widget\" data-widget_type=\"text-editor.default\">\n\t\t\t\t<div class=\"elementor-widget-container\">\n\t\t\t\t\t\t\t\t\t\n<h4 class=\"wp-block-heading\">Gabriel Ferrise cuenta sobre la rentabilidad de su canal. La relaci\u00f3n con las empresas, cu\u00e1ndo es exitosa una publicidad, su perfil ante viveristas y paisajistas.<\/h4>\n\n\n\n<figure class=\"wp-block-image size-large\"><img fetchpriority=\"high\" decoding=\"async\" width=\"1024\" height=\"683\" src=\"https:\/\/economiayviveros.com.ar\/portada\/wp-content\/uploads\/2026\/05\/Act.-4-Cosas-del-jardin-0526-G-1024x683.jpg\" alt=\"\" class=\"wp-image-3459\" srcset=\"https:\/\/economiayviveros.com.ar\/portada\/wp-content\/uploads\/2026\/05\/Act.-4-Cosas-del-jardin-0526-G-1024x683.jpg 1024w, https:\/\/economiayviveros.com.ar\/portada\/wp-content\/uploads\/2026\/05\/Act.-4-Cosas-del-jardin-0526-G-300x200.jpg 300w, https:\/\/economiayviveros.com.ar\/portada\/wp-content\/uploads\/2026\/05\/Act.-4-Cosas-del-jardin-0526-G-768x512.jpg 768w, https:\/\/economiayviveros.com.ar\/portada\/wp-content\/uploads\/2026\/05\/Act.-4-Cosas-del-jardin-0526-G.jpg 1199w\" sizes=\"(max-width: 1024px) 100vw, 1024px\" \/><figcaption class=\"wp-element-caption\">Gabriel Ferrise. Foto: gentileza de Gabriel Ferrise<\/figcaption><\/figure>\n\n\n\n<p><em>Mi nombre es Gabriel Ferrise; tengo 53 a\u00f1os. Soy ingeniero industrial, aunque hace m\u00e1s de quince a\u00f1os me dedico a ense\u00f1ar sobre huerta y jardiner\u00eda<\/em>, se presenta. <em>Toda mi vida tuve jard\u00edn, influenciado por mi madre, que era una apasionada de las plantas. Empec\u00e9 como muchos: sin saber, leyendo, mirando videos y probando.<\/em><\/p>\n\n\n\n<p><em>Hoy tengo un canal de YouTube que se llama \u201c<a href=\"https:\/\/www.youtube.com\/cosasdeljardin\" target=\"_blank\" rel=\"noreferrer noopener\">Cosas del Jard\u00edn<\/a>\u201d, con m\u00e1s de tres millones de seguidores y m\u00e1s de ochocientos videos publicados. Mi enfoque siempre fue ense\u00f1ar desde lo simple; es decir, no como un experto, sino como alguien que pas\u00f3 por ese proceso de aprendizaje.<\/em><\/p>\n\n\n\n<p><strong>\u00bfPor qu\u00e9 decides apostar por videos largos en YouTube cuando hoy parece que todo se orienta a formatos de pocos segundos?<\/strong><\/p>\n\n\n\n<p><em>Porque cumplen funciones distintas. Los videos cortos sirven para publicidad, y los videos largos, para aprender.<\/em><\/p>\n\n\n\n<p><em>En mi caso, al tratarse de la huerta, se requiere explicaci\u00f3n, contexto y mostrar procesos. Todo eso no entra en quince segundos. Adem\u00e1s, es algo valorado por mi comunidad y, en consecuencia, sigo vigente despu\u00e9s de tantos a\u00f1os haciendo contenido.<\/em><\/p>\n\n\n\n<p><em>Por otro lado, tampoco le veo sentido a hacer videos de quince segundos. Porque los algoritmos tambi\u00e9n saben que el contenido educativo no sirve para un video corto. Entonces, cuando muestran videos cortos, en general, ofrecen otro tipo de contenido. No se trata de aquellos con contenido educativo. Muestran contenido \u201cviral\u201d o de entretenimiento.<\/em><\/p>\n\n\n\n<p><em>As\u00ed que, de una forma u otra, no me conviene perder el tiempo haciendo videos cortos. Los hago, pero no le dedico mucho tiempo; los hago con una IA.<\/em><\/p>\n\n\n\n<p><strong>Cuando una marca quiere educar a su audiencia, \u00bfqu\u00e9 suele hacer mal?<\/strong><\/p>\n\n\n\n<p><em>Una marca que quiere educar tiene que dejar de hablar todo el tiempo de sus productos y, en cambio, aportar valor real. La idea ser\u00eda mejorar el alcance y, adem\u00e1s, ganar confianza, porque para aprender, primero es necesario confiar en la persona que ense\u00f1a.<\/em><\/p>\n\n\n\n<p><em>Igualmente, veo un problema importante, sobre todo en jardiner\u00eda, y es que muchas marcas no tienen audiencia. Entonces suben un <\/em>reel,<em> llega a mil personas, y la mayor\u00eda ya est\u00e1 <\/em>scrolleando<em> en dos segundos. Y si suben contenido largo, el algoritmo no se lo muestra a nadie.<\/em><\/p>\n\n\n\n<p><em>Si igual quieren ir por ese camino, tienen que pensar a largo plazo. Este tipo de estrategia requiere tiempo, consistencia y, probablemente, contratar talentos que se dediquen en exclusivo, a hacer este contenido.<\/em><\/p>\n\n\n\n<p><em>La verdad, siendo pr\u00e1ctico, no creo que sea lo m\u00e1s eficiente. Armar una audiencia desde cero lleva tiempo y plata. Yo creo que va a funcionar mejor si se apoyan en creadores que ya tienen la confianza de la gente (y audiencia), y despu\u00e9s, si quieren, usan ese contenido en las redes.<\/em><\/p>\n\n\n\n<p><strong>\u00bfC\u00f3mo gestionas la relaci\u00f3n con tu comunidad y utilizas sus comentarios para generar contenido o ideas \u00fatiles para las empresas?<\/strong><\/p>\n\n\n\n<p><em>No leo todo, ser\u00eda imposible, pero s\u00ed detecto patrones. Cuando muchas personas preguntan lo mismo o tienen el mismo problema, ah\u00ed hay una se\u00f1al clara.<\/em><\/p>\n\n\n\n<p><em>Tambi\u00e9n presto atenci\u00f3n a lo que no se entiende, a los errores recurrentes y a las frustraciones. Ah\u00ed es donde aparecen oportunidades para mejorar productos o comunicar mejor su uso.<\/em><\/p>\n\n\n\n<p><strong>\u00bfHas visto casos en los que esos patrones hayan influido en el desarrollo o en la mejora de un producto?<\/strong><\/p>\n\n\n\n<p><em>En el caso de productos de terceros,<\/em> <em>no; por lo menos que yo me acuerde. Pero s\u00ed lo uso para mejorar o adaptar mi contenido.<\/em><\/p>\n\n\n\n<p><strong>Adem\u00e1s de los ingresos que genera YouTube, \u00bfc\u00f3mo consigues que el canal sea rentable? \u00bfQu\u00e9 es lo que mejor funciona hoy?<\/strong><\/p>\n\n\n\n<p><em>El canal es rentable porque trabajo solo. Yo hago todo, desde la producci\u00f3n hasta la edici\u00f3n y las redes sociales. Mi desaf\u00edo no est\u00e1 en la rentabilidad sino en el crecimiento. A veces creo que necesito un socio que me ayude con lo comercial.<\/em><\/p>\n\n\n\n<p><strong>Cuando trabajas con marcas, \u00bfen qu\u00e9 te fijas antes de aceptar una colaboraci\u00f3n?<\/strong><\/p>\n\n\n\n<p><em>En cuanto a la empresa, me tiene que dar confianza de que trabaja honestamente. En cuanto a los productos, tiene que ser algo \u00fatil y tengo que estar tranquilo recomend\u00e1ndolo. Tiene que ser algo que yo comprar\u00eda.<\/em><\/p>\n\n\n\n<p><strong>\u00bfHas rechazado alguna vez colaborar con una marca?<\/strong><\/p>\n\n\n\n<p><em>S\u00ed, una vez, una marca de herramientas conocida me ofreci\u00f3 un canje; me dio un mont\u00f3n de herramientas de jardiner\u00eda y eran tan truchas que se las devolv\u00ed.<\/em><\/p>\n\n\n\n<p><em>Despu\u00e9s me pasa todo el tiempo con un gigante del<\/em> e-commerce <em>asi\u00e1tico, que cada dos meses me contacta para que le haga videos y paga muy bien. Pero es tan mala la calidad que no se puede recomendar, ser\u00eda abusar de mi comunidad.<\/em><\/p>\n\n\n\n<p><strong>Cuando trabajas con una marca, \u00bfc\u00f3mo eval\u00faas si un contenido ha funcionado?<\/strong><\/p>\n\n\n\n<p><em>Ese es el gran error de algunas marcas que piensan que es posible contratar a un referente para que muestre su producto en un video. Mi experiencia es que eso no sirve.<\/em><\/p>\n\n\n\n<p><em>El impacto se logra a trav\u00e9s del mensaje repetido a lo largo de un ciclo. Hacer una serie de videos sobre alg\u00fan tema en el que el producto o la marca sea protagonista. Lo que funciona, realmente, es que la comunidad asocie la marca con su referente o su <\/em>influencer.<\/p>\n\n\n\n<p><em>Hay empresas que lo entienden as\u00ed; otras que siguen ofreciendo un canje para que se muestre el producto en un video. Para m\u00ed, eso es tirar el dinero.<\/em><\/p>\n\n\n\n<p><strong>\u00bfQu\u00e9 indicadores o se\u00f1ales tomas como referencia para saber si una campa\u00f1a est\u00e1 funcionando?<\/strong><\/p>\n\n\n\n<p><em>Para responder esto, disculpa, pero va a salir mi parte de ingeniero: depende del objetivo (\u00bfse quiere vender, aumentar el n\u00famero de seguidores, dar a conocer una marca o productos?). Sobre la base de esto se establecen indicadores y se mide el resultado.<\/em><\/p>\n\n\n\n<p><strong>\u00bfC\u00f3mo te diriges a viveristas o paisajistas para generar confianza en tus recomendaciones?<\/strong><\/p>\n\n\n\n<p><em>Siendo transparente. Siempre entend\u00ed que muchos de ellos saben m\u00e1s que yo, as\u00ed que nunca hablo desde un lugar t\u00e9cnico que no me corresponde, sino desde mi experiencia real.<\/em><\/p>\n\n\n\n<p><strong>Seg\u00fan tu comunidad, \u00bfqu\u00e9 es lo que realmente valoran de una marca en relaci\u00f3n con el cuidado del medio ambiente?<\/strong><\/p>\n\n\n\n<p><em>A la gente no le importa el discurso, lo que valora es la coherencia. A las personas les importa que el producto realmente funcione, que no tenga un impacto innecesario y que la marca no \u201csobreact\u00fae\u201d lo ecol\u00f3gico solo como <\/em>marketing.<\/p>\n\n\n\n<p><em>Tambi\u00e9n aparece mucho el inter\u00e9s por lo simple: menos pl\u00e1stico, menos qu\u00edmicos innecesarios, productos durables y que tengan sentido en la huerta real, no tanto en la huerta de Instagram.<\/em><\/p>\n\n\n\n<p><strong>A futuro, \u00bfte planteas complementar la creaci\u00f3n de contenido con asesoramiento directo a empresas o fabricantes?<\/strong><\/p>\n\n\n\n<p><em>No lo veo como un reemplazo sino como algo complementario. Me interesa mucho el puente entre lo que necesita la gente y lo que desarrollan las empresas.<\/em><\/p>\n\n\n\n<p><em>Si puedo aportar desde ese lugar, bienvenido. Pero el contenido siempre va a seguir siendo parte de lo que hago, porque es lo que m\u00e1s me gusta hacer.<\/em><\/p>\n\n\n\n<p><strong>\u00bfCu\u00e1l crees que podr\u00eda ser el pr\u00f3ximo gran \u00e9xito en tiendas de jardiner\u00eda?<\/strong><\/p>\n\n\n\n<p><em>No s\u00e9 cu\u00e1l va a ser, pero deseo que no tenga ni pantallas ni inteligencia artificial.<\/em><\/p>\n\t\t\t\t\t\t\t\t<\/div>\n\t\t\t\t<\/div>\n\t\t\t\t\t<\/div>\n\t\t\t\t<\/div>\n\t\t<div class=\"elementor-element elementor-element-40495dd e-flex e-con-boxed e-con e-parent\" data-id=\"40495dd\" data-element_type=\"container\">\n\t\t\t\t\t<div class=\"e-con-inner\">\n\t\t\t\t<div class=\"elementor-element elementor-element-1d76651 elementor-widget elementor-widget-text-editor\" data-id=\"1d76651\" data-element_type=\"widget\" data-widget_type=\"text-editor.default\">\n\t\t\t\t<div class=\"elementor-widget-container\">\n\t\t\t\t\t\t\t\t\t<h1><span style=\"color: #333333;\">Sobre el autor<\/span><\/h1>\t\t\t\t\t\t\t\t<\/div>\n\t\t\t\t<\/div>\n\t\t\t\t\t<\/div>\n\t\t\t\t<\/div>\n\t\t<div class=\"elementor-element elementor-element-51d3127 e-flex e-con-boxed e-con e-parent\" data-id=\"51d3127\" data-element_type=\"container\">\n\t\t\t\t\t<div class=\"e-con-inner\">\n\t\t\t\t<div class=\"elementor-element elementor-element-f24f031 elementor-author-box--link-yes elementor-author-box--avatar-yes elementor-author-box--name-yes elementor-author-box--biography-yes elementor-widget elementor-widget-author-box\" data-id=\"f24f031\" data-element_type=\"widget\" data-widget_type=\"author-box.default\">\n\t\t\t\t<div class=\"elementor-widget-container\">\n\t\t\t\t\t\t\t<div class=\"elementor-author-box\">\n\t\t\t\t\t\t\t<a href=\"https:\/\/economiayviveros.com.ar\/portada\/author\/helena\/\" class=\"elementor-author-box__avatar\">\n\t\t\t\t\t<img decoding=\"async\" src=\"https:\/\/economiayviveros.com.ar\/portada\/wp-content\/uploads\/2024\/12\/Logo-5-hojas-300x300.png\" alt=\"Picture of Econom\u00eda &amp; Viveros\" loading=\"lazy\">\n\t\t\t\t<\/a>\n\t\t\t\n\t\t\t<div class=\"elementor-author-box__text\">\n\t\t\t\t\t\t\t\t\t<a href=\"https:\/\/economiayviveros.com.ar\/portada\/author\/helena\/\">\n\t\t\t\t\t\t<h4 class=\"elementor-author-box__name\">\n\t\t\t\t\t\t\tEconom\u00eda &amp; Viveros\t\t\t\t\t\t<\/h4>\n\t\t\t\t\t<\/a>\n\t\t\t\t\n\t\t\t\t\t\t\t\t\t<div class=\"elementor-author-box__bio\">\n\t\t\t\t\t\tDesde el 2009 brinda toda la informaci\u00f3n sobre la floricultura argentina.\r\n\r\nEdiciones mensuales.\t\t\t\t\t<\/div>\n\t\t\t\t\n\t\t\t\t\t\t\t\t\t<a class=\"elementor-author-box__button elementor-button elementor-size-xs\" href=\"https:\/\/economiayviveros.com.ar\/portada\/author\/helena\/\">\n\t\t\t\t\t\tM\u00e1s notas\t\t\t\t\t<\/a>\n\t\t\t\t\t\t\t<\/div>\n\t\t<\/div>\n\t\t\t\t\t\t<\/div>\n\t\t\t\t<\/div>\n\t\t\t\t\t<\/div>\n\t\t\t\t<\/div>\n\t\t\t\t<\/div>\n\t\t","protected":false},"excerpt":{"rendered":"<p>Gabriel Ferrise cuenta sobre la rentabilidad de su canal. La relaci\u00f3n con las empresas, cu\u00e1ndo es exitosa una publicidad, su perfil ante viveristas y paisajistas.<\/p>\n","protected":false},"author":1,"featured_media":3459,"comment_status":"closed","ping_status":"open","sticky":false,"template":"","format":"standard","meta":{"iawp_total_views":1,"footnotes":""},"categories":[3,4],"tags":[],"class_list":["post-3489","post","type-post","status-publish","format-standard","has-post-thumbnail","hentry","category-actualidad","category-entrevistas"],"_links":{"self":[{"href":"https:\/\/economiayviveros.com.ar\/portada\/wp-json\/wp\/v2\/posts\/3489","targetHints":{"allow":["GET"]}}],"collection":[{"href":"https:\/\/economiayviveros.com.ar\/portada\/wp-json\/wp\/v2\/posts"}],"about":[{"href":"https:\/\/economiayviveros.com.ar\/portada\/wp-json\/wp\/v2\/types\/post"}],"author":[{"embeddable":true,"href":"https:\/\/economiayviveros.com.ar\/portada\/wp-json\/wp\/v2\/users\/1"}],"replies":[{"embeddable":true,"href":"https:\/\/economiayviveros.com.ar\/portada\/wp-json\/wp\/v2\/comments?post=3489"}],"version-history":[{"count":4,"href":"https:\/\/economiayviveros.com.ar\/portada\/wp-json\/wp\/v2\/posts\/3489\/revisions"}],"predecessor-version":[{"id":3493,"href":"https:\/\/economiayviveros.com.ar\/portada\/wp-json\/wp\/v2\/posts\/3489\/revisions\/3493"}],"wp:featuredmedia":[{"embeddable":true,"href":"https:\/\/economiayviveros.com.ar\/portada\/wp-json\/wp\/v2\/media\/3459"}],"wp:attachment":[{"href":"https:\/\/economiayviveros.com.ar\/portada\/wp-json\/wp\/v2\/media?parent=3489"}],"wp:term":[{"taxonomy":"category","embeddable":true,"href":"https:\/\/economiayviveros.com.ar\/portada\/wp-json\/wp\/v2\/categories?post=3489"},{"taxonomy":"post_tag","embeddable":true,"href":"https:\/\/economiayviveros.com.ar\/portada\/wp-json\/wp\/v2\/tags?post=3489"}],"curies":[{"name":"wp","href":"https:\/\/api.w.org\/{rel}","templated":true}]}}