{"id":3484,"date":"2026-05-01T13:13:49","date_gmt":"2026-05-01T16:13:49","guid":{"rendered":"https:\/\/economiayviveros.com.ar\/portada\/?p=3484"},"modified":"2026-05-02T13:15:44","modified_gmt":"2026-05-02T16:15:44","slug":"que-piden-hoy-los-paisajistas","status":"publish","type":"post","link":"https:\/\/economiayviveros.com.ar\/portada\/que-piden-hoy-los-paisajistas\/","title":{"rendered":"Qu\u00e9 piden hoy los paisajistas"},"content":{"rendered":"\t\t<div data-elementor-type=\"wp-post\" data-elementor-id=\"3484\" class=\"elementor elementor-3484\" data-elementor-post-type=\"post\">\n\t\t\t\t<div class=\"elementor-element elementor-element-7424271d e-flex e-con-boxed e-con e-parent\" data-id=\"7424271d\" data-element_type=\"container\">\n\t\t\t\t\t<div class=\"e-con-inner\">\n\t\t\t\t<div class=\"elementor-element elementor-element-6c105d87 elementor-widget elementor-widget-text-editor\" data-id=\"6c105d87\" data-element_type=\"widget\" data-widget_type=\"text-editor.default\">\n\t\t\t\t<div class=\"elementor-widget-container\">\n\t\t\t\t\t\t\t\t\t\n<h4 class=\"wp-block-heading\">El 1.\u00b0 Encuentro de Intercambio \u201cDe la Ciencia a los Paisajistas y de los Paisajistas a la Ciencia\u201d, realizado por el Instituto de Floricultura del INTA, ofrece informaci\u00f3n sobre el uso de plantas nativas.\u00a0\u00a0\u00a0\u00a0\u00a0<\/h4>\n\n\n\n<figure class=\"wp-block-image size-large\"><img fetchpriority=\"high\" decoding=\"async\" width=\"1024\" height=\"683\" src=\"https:\/\/economiayviveros.com.ar\/portada\/wp-content\/uploads\/2026\/05\/Act.-3-IF-0526-G-1024x683.jpg\" alt=\"\" class=\"wp-image-3458\" srcset=\"https:\/\/economiayviveros.com.ar\/portada\/wp-content\/uploads\/2026\/05\/Act.-3-IF-0526-G-1024x683.jpg 1024w, https:\/\/economiayviveros.com.ar\/portada\/wp-content\/uploads\/2026\/05\/Act.-3-IF-0526-G-300x200.jpg 300w, https:\/\/economiayviveros.com.ar\/portada\/wp-content\/uploads\/2026\/05\/Act.-3-IF-0526-G-768x512.jpg 768w, https:\/\/economiayviveros.com.ar\/portada\/wp-content\/uploads\/2026\/05\/Act.-3-IF-0526-G.jpg 1200w\" sizes=\"(max-width: 1024px) 100vw, 1024px\" \/><figcaption class=\"wp-element-caption\">1.\u00b0 Encuentro de Intercambio \u201cDe la Ciencia a los Paisajistas y de los Paisajistas a la Ciencia\u201d. Foto: gentileza del IF-INTA<\/figcaption><\/figure>\n\n\n\n<p>El Instituto de Floricultura del INTA realiz\u00f3 el 18 de marzo el 1.\u00b0 Encuentro de Intercambio \u201cDe la Ciencia a los Paisajistas y de los Paisajistas a la Ciencia\u201d, una iniciativa orientada a fortalecer el v\u00ednculo entre la investigaci\u00f3n cient\u00edfica y la pr\u00e1ctica profesional del paisajismo.<\/p>\n\n\n\n<p>A casi dos meses de su realizaci\u00f3n, se conocen los resultados del relevamiento realizado durante la jornada, cuyo procesamiento y cuyos an\u00e1lisis permiten ahora dimensionar con mayor precisi\u00f3n las demandas del sector.<\/p>\n\n\n\n<p><strong>Un puente entre ciencia y paisajismo profesional<\/strong><\/p>\n\n\n\n<p>La propuesta fue dise\u00f1ada como un espacio de di\u00e1logo abierto, en el que investigadores y paisajistas pudieron compartir miradas, experiencias y saberes, con el objetivo de generar un enriquecimiento mutuo y avanzar hacia una agenda com\u00fan.<\/p>\n\n\n\n<p>Participaron cuarenta y cinco profesionales del paisajismo, quienes aportaron su experiencia pr\u00e1ctica y su visi\u00f3n sobre las demandas actuales del sector. El encuentro busc\u00f3 consolidar un intercambio que acerque la ciencia al trabajo cotidiano de los paisajistas y, al mismo tiempo, permita que sus necesidades lleguen a la comunidad cient\u00edfica, fortaleciendo as\u00ed un v\u00ednculo bidireccional.<\/p>\n\n\n\n<p><strong>Recorrida t\u00e9cnica por \u00e1reas de investigaci\u00f3n<\/strong><\/p>\n\n\n\n<p>La jornada comenz\u00f3 con un recorrido guiado por los distintos sectores del Instituto. Durante la visita, los participantes conocieron en detalle:<\/p>\n\n\n\n<p>&#8211; Praderas experimentales<\/p>\n\n\n\n<p>&#8211; Invern\u00e1culos de investigaci\u00f3n<\/p>\n\n\n\n<p>&#8211; Jardines verticales<\/p>\n\n\n\n<p>&#8211; Canteros de plantas nativas<\/p>\n\n\n\n<p>&#8211; Helechos nativos<\/p>\n\n\n\n<p>&#8211; Nuevas variedades desarrolladas por INTA<\/p>\n\n\n\n<p>Este acercamiento permiti\u00f3 visibilizar las principales l\u00edneas de trabajo del Instituto y, a la vez, generar nuevas ideas sobre la transferencia de estos avances al dise\u00f1o y la gesti\u00f3n de espacios verdes.<\/p>\n\n\n\n<p><strong>Plantas nativas: inter\u00e9s alto, baja incorporaci\u00f3n<\/strong><\/p>\n\n\n\n<p>Uno de los puntos m\u00e1s relevantes surgi\u00f3 de la encuesta realizada durante la jornada. Si bien los participantes manifestaron conocer, en promedio, 8 de las 10 especies nativas presentadas, m\u00e1s del 70 % indic\u00f3 que no las incorpora en sus dise\u00f1os.<\/p>\n\n\n\n<p>Sin embargo, el inter\u00e9s potencial es elevado: el 85 % expres\u00f3 su intenci\u00f3n de utilizarlas. La principal barrera identificada es la disponibilidad, ya que el 90 % de los paisajistas se\u00f1al\u00f3 que no encuentran estas especies en viveros comerciales.<\/p>\n\n\n\n<p>Estos datos refuerzan la necesidad de trabajar en la gesti\u00f3n, producci\u00f3n y acceso a recursos gen\u00e9ticos nativos, como condici\u00f3n imprescindible para que sean adoptadas en el paisajismo profesional.<\/p>\n\n\n\n<p><strong>Evaluaci\u00f3n del encuentro y proyecci\u00f3n futura<\/strong><\/p>\n\n\n\n<p>Los participantes calificaron la jornada como excelente, destacaron la iniciativa y manifestaron inter\u00e9s en la continuidad de este tipo de espacios. Asimismo, valoraron el trabajo del equipo organizador y promovieron la difusi\u00f3n y el uso de plantas nativas como eje del paisajismo sostenible.<\/p>\n\n\n\n<p>La informaci\u00f3n relevada permitir\u00e1 orientar las futuras l\u00edneas de investigaci\u00f3n del Instituto, as\u00ed como tambi\u00e9n, planificar nuevos encuentros con foco en las necesidades del sector.<\/p>\n\n\n\n<p><strong>Espacio de intercambio y colaboraci\u00f3n<\/strong><\/p>\n\n\n\n<p>El evento concluy\u00f3 con una conversaci\u00f3n abierta que funcion\u00f3 como foro de intercambio. En este espacio se abordaron desaf\u00edos comunes, se compartieron inquietudes surgidas de la pr\u00e1ctica cotidiana y se exploraron oportunidades de colaboraci\u00f3n entre el \u00e1mbito cient\u00edfico y el profesional.<\/p>\n\n\n\n<p><em>Este tipo de iniciativas consolida un modelo de trabajo colaborativo, clave para impulsar innovaciones aplicadas y responder de manera m\u00e1s eficiente a las demandas del paisajismo contempor\u00e1neo<\/em>, finaliz\u00f3 la directora del Instituto de Floricultura Silvina Soto.<\/p>\n\t\t\t\t\t\t\t\t<\/div>\n\t\t\t\t<\/div>\n\t\t\t\t\t<\/div>\n\t\t\t\t<\/div>\n\t\t<div class=\"elementor-element elementor-element-44a9708 e-flex e-con-boxed e-con e-parent\" data-id=\"44a9708\" data-element_type=\"container\">\n\t\t\t\t\t<div class=\"e-con-inner\">\n\t\t\t\t<div class=\"elementor-element elementor-element-4200ee7 elementor-widget elementor-widget-text-editor\" data-id=\"4200ee7\" data-element_type=\"widget\" data-widget_type=\"text-editor.default\">\n\t\t\t\t<div class=\"elementor-widget-container\">\n\t\t\t\t\t\t\t\t\t<h1><span style=\"color: #333333;\">Sobre el autor<\/span><\/h1>\t\t\t\t\t\t\t\t<\/div>\n\t\t\t\t<\/div>\n\t\t\t\t\t<\/div>\n\t\t\t\t<\/div>\n\t\t<div class=\"elementor-element elementor-element-a9af799 e-flex e-con-boxed e-con e-parent\" data-id=\"a9af799\" data-element_type=\"container\">\n\t\t\t\t\t<div class=\"e-con-inner\">\n\t\t\t\t<div class=\"elementor-element elementor-element-b22cd7f elementor-author-box--link-yes elementor-author-box--avatar-yes elementor-author-box--name-yes elementor-author-box--biography-yes elementor-widget elementor-widget-author-box\" data-id=\"b22cd7f\" data-element_type=\"widget\" data-widget_type=\"author-box.default\">\n\t\t\t\t<div class=\"elementor-widget-container\">\n\t\t\t\t\t\t\t<div class=\"elementor-author-box\">\n\t\t\t\t\t\t\t<a href=\"https:\/\/economiayviveros.com.ar\/portada\/author\/helena\/\" class=\"elementor-author-box__avatar\">\n\t\t\t\t\t<img decoding=\"async\" src=\"https:\/\/economiayviveros.com.ar\/portada\/wp-content\/uploads\/2024\/12\/Logo-5-hojas-300x300.png\" alt=\"Picture of Econom\u00eda &amp; Viveros\" loading=\"lazy\">\n\t\t\t\t<\/a>\n\t\t\t\n\t\t\t<div class=\"elementor-author-box__text\">\n\t\t\t\t\t\t\t\t\t<a href=\"https:\/\/economiayviveros.com.ar\/portada\/author\/helena\/\">\n\t\t\t\t\t\t<h4 class=\"elementor-author-box__name\">\n\t\t\t\t\t\t\tEconom\u00eda &amp; Viveros\t\t\t\t\t\t<\/h4>\n\t\t\t\t\t<\/a>\n\t\t\t\t\n\t\t\t\t\t\t\t\t\t<div class=\"elementor-author-box__bio\">\n\t\t\t\t\t\tDesde el 2009 brinda toda la informaci\u00f3n sobre la floricultura argentina.\r\n\r\nEdiciones mensuales.\t\t\t\t\t<\/div>\n\t\t\t\t\n\t\t\t\t\t\t\t\t\t<a class=\"elementor-author-box__button elementor-button elementor-size-xs\" href=\"https:\/\/economiayviveros.com.ar\/portada\/author\/helena\/\">\n\t\t\t\t\t\tM\u00e1s notas\t\t\t\t\t<\/a>\n\t\t\t\t\t\t\t<\/div>\n\t\t<\/div>\n\t\t\t\t\t\t<\/div>\n\t\t\t\t<\/div>\n\t\t\t\t\t<\/div>\n\t\t\t\t<\/div>\n\t\t\t\t<\/div>\n\t\t","protected":false},"excerpt":{"rendered":"<p>El 1.\u00b0 Encuentro de Intercambio \u201cDe la Ciencia a los Paisajistas y de los Paisajistas a la Ciencia\u201d, realizado por el Instituto de Floricultura del INTA, ofrece informaci\u00f3n sobre el uso de plantas nativas.\t<\/p>\n","protected":false},"author":1,"featured_media":3458,"comment_status":"closed","ping_status":"open","sticky":false,"template":"","format":"standard","meta":{"iawp_total_views":1,"footnotes":""},"categories":[3],"tags":[],"class_list":["post-3484","post","type-post","status-publish","format-standard","has-post-thumbnail","hentry","category-actualidad"],"_links":{"self":[{"href":"https:\/\/economiayviveros.com.ar\/portada\/wp-json\/wp\/v2\/posts\/3484","targetHints":{"allow":["GET"]}}],"collection":[{"href":"https:\/\/economiayviveros.com.ar\/portada\/wp-json\/wp\/v2\/posts"}],"about":[{"href":"https:\/\/economiayviveros.com.ar\/portada\/wp-json\/wp\/v2\/types\/post"}],"author":[{"embeddable":true,"href":"https:\/\/economiayviveros.com.ar\/portada\/wp-json\/wp\/v2\/users\/1"}],"replies":[{"embeddable":true,"href":"https:\/\/economiayviveros.com.ar\/portada\/wp-json\/wp\/v2\/comments?post=3484"}],"version-history":[{"count":4,"href":"https:\/\/economiayviveros.com.ar\/portada\/wp-json\/wp\/v2\/posts\/3484\/revisions"}],"predecessor-version":[{"id":3488,"href":"https:\/\/economiayviveros.com.ar\/portada\/wp-json\/wp\/v2\/posts\/3484\/revisions\/3488"}],"wp:featuredmedia":[{"embeddable":true,"href":"https:\/\/economiayviveros.com.ar\/portada\/wp-json\/wp\/v2\/media\/3458"}],"wp:attachment":[{"href":"https:\/\/economiayviveros.com.ar\/portada\/wp-json\/wp\/v2\/media?parent=3484"}],"wp:term":[{"taxonomy":"category","embeddable":true,"href":"https:\/\/economiayviveros.com.ar\/portada\/wp-json\/wp\/v2\/categories?post=3484"},{"taxonomy":"post_tag","embeddable":true,"href":"https:\/\/economiayviveros.com.ar\/portada\/wp-json\/wp\/v2\/tags?post=3484"}],"curies":[{"name":"wp","href":"https:\/\/api.w.org\/{rel}","templated":true}]}}