{"id":3479,"date":"2026-05-01T13:01:01","date_gmt":"2026-05-01T16:01:01","guid":{"rendered":"https:\/\/economiayviveros.com.ar\/portada\/?p=3479"},"modified":"2026-05-02T13:13:45","modified_gmt":"2026-05-02T16:13:45","slug":"inase-cambio-en-su-estructura","status":"publish","type":"post","link":"https:\/\/economiayviveros.com.ar\/portada\/inase-cambio-en-su-estructura\/","title":{"rendered":"INASE: cambio en su estructura"},"content":{"rendered":"\t\t<div data-elementor-type=\"wp-post\" data-elementor-id=\"3479\" class=\"elementor elementor-3479\" data-elementor-post-type=\"post\">\n\t\t\t\t<div class=\"elementor-element elementor-element-365069b e-flex e-con-boxed e-con e-parent\" data-id=\"365069b\" data-element_type=\"container\">\n\t\t\t\t\t<div class=\"e-con-inner\">\n\t\t\t\t<div class=\"elementor-element elementor-element-651cddf1 elementor-widget elementor-widget-text-editor\" data-id=\"651cddf1\" data-element_type=\"widget\" data-widget_type=\"text-editor.default\">\n\t\t\t\t<div class=\"elementor-widget-container\">\n\t\t\t\t\t\t\t\t\t\n<h4 class=\"wp-block-heading\">El Decreto 205\/2026 simplifica \u00e1reas y concentra funciones. No se modifican la Ley de Semillas, los requisitos de registro de variedades ni las condiciones de fiscalizaci\u00f3n y comercializaci\u00f3n. Cu\u00e1les son las claves para el productor flor\u00edcola.\u00a0<\/h4>\n\n\n\n<figure class=\"wp-block-image size-large\"><img fetchpriority=\"high\" decoding=\"async\" width=\"1024\" height=\"623\" src=\"https:\/\/economiayviveros.com.ar\/portada\/wp-content\/uploads\/2026\/05\/Act.-2-INASE-0526-G-1024x623.jpg\" alt=\"\" class=\"wp-image-3457\" srcset=\"https:\/\/economiayviveros.com.ar\/portada\/wp-content\/uploads\/2026\/05\/Act.-2-INASE-0526-G-1024x623.jpg 1024w, https:\/\/economiayviveros.com.ar\/portada\/wp-content\/uploads\/2026\/05\/Act.-2-INASE-0526-G-300x183.jpg 300w, https:\/\/economiayviveros.com.ar\/portada\/wp-content\/uploads\/2026\/05\/Act.-2-INASE-0526-G-768x468.jpg 768w, https:\/\/economiayviveros.com.ar\/portada\/wp-content\/uploads\/2026\/05\/Act.-2-INASE-0526-G.jpg 1314w\" sizes=\"(max-width: 1024px) 100vw, 1024px\" \/><figcaption class=\"wp-element-caption\">Foto: <em>Econom\u00eda &amp; Viveros<\/em><\/figcaption><\/figure>\n\n\n\n<p>El <a href=\"https:\/\/www.boletinoficial.gob.ar\/detalleAviso\/primera\/340063\/20260330\" target=\"_blank\" rel=\"noreferrer noopener\">Decreto 205\/2026<\/a>, publicado en abril, reestructura el Instituto Nacional de Semillas (INASE) con cambios administrativos que, sin alterar las reglas de producci\u00f3n o comercializaci\u00f3n, inciden en la relaci\u00f3n del productor con el organismo y en la din\u00e1mica futura del sistema de semillas en la Argentina. La nueva estructura simplifica \u00e1reas y concentra funciones.<\/p>\n\n\n\n<p><strong>Eliminaci\u00f3n de niveles intermedios<\/strong><\/p>\n\n\n\n<p>Se suprimen unidades departamentales que funcionaban como instancias intermedias. Esto podr\u00eda acelerar tr\u00e1mites como la inscripci\u00f3n de variedades, la fiscalizaci\u00f3n o las certificaciones. Sin embargo, tambi\u00e9n plantea el riesgo de perder especializaci\u00f3n si las funciones no se redistribuyen adecuadamente.<\/p>\n\n\n\n<p>En t\u00e9rminos concretos, se eliminan \u00e1reas como los departamentos de compras, tesorer\u00eda, presupuesto, certificaci\u00f3n de semillas, control de calidad y biotecnolog\u00eda, adem\u00e1s de unidades de sistemas.<\/p>\n\n\n\n<p><strong>Reasignaci\u00f3n de cargos<\/strong><\/p>\n\n\n\n<p>El reordenamiento dentro del sistema SINEP implica cambios en responsabilidades, nuevos perfiles en puestos clave y una posible redefinici\u00f3n de prioridades. Para los multiplicadores, esto puede reflejarse en variaciones en los criterios de auditor\u00eda, control y validaci\u00f3n.<\/p>\n\n\n\n<p>Entre los cambios espec\u00edficos, se elevan a rango de direcciones nacionales \u00e1reas fundamentales como fiscalizaci\u00f3n y registro de variedades.<\/p>\n\n\n\n<p><strong>Sin ampliaci\u00f3n de recursos<\/strong><\/p>\n\n\n\n<p>La medida no contempla incrementos en la estructura ni en el presupuesto. El objetivo es optimizar los recursos existentes, lo que genera expectativas de mayor eficiencia, aunque tambi\u00e9n interrogantes sobre la capacidad operativa en momentos de alta demanda.<\/p>\n\n\n\n<p>En este marco, tambi\u00e9n se incorporan nuevas \u00e1reas estrat\u00e9gicas, como una Direcci\u00f3n Nacional de Laboratorios de calidad f\u00edsica y molecular de semillas y una coordinaci\u00f3n espec\u00edfica de tecnolog\u00edas de la informaci\u00f3n, orientadas a fortalecer el control t\u00e9cnico y avanzar en la digitalizaci\u00f3n de procesos.<\/p>\n\n\n\n<p>El Directorio queda habilitado para modificar el segundo nivel operativo sin necesidad de un nuevo decreto, siempre que no implique mayor gasto.<\/p>\n\n\n\n<p><strong>Aspectos sin cambios<\/strong><\/p>\n\n\n\n<p>No se modifican la Ley de Semillas, los requisitos de registro de variedades ni las condiciones de fiscalizaci\u00f3n y comercializaci\u00f3n. Los cambios son exclusivamente organizativos.<\/p>\n\n\n\n<p><strong>Claves para el productor<\/strong><\/p>\n\n\n\n<p>En los pr\u00f3ximos meses, ser\u00e1 importante observar:<\/p>\n\n\n\n<p>&#8211; Los tiempos de respuesta del organismo.<\/p>\n\n\n\n<p>&#8211; Posibles cambios en criterios t\u00e9cnicos.<\/p>\n\n\n\n<p>&#8211; La evoluci\u00f3n de la relaci\u00f3n institucional.<\/p>\n\n\n\n<p>En particular, ser\u00e1 relevante seguir el curso de los acontecimientos a fin de advertir c\u00f3mo impacta la mayor centralizaci\u00f3n en los procesos de fiscalizaci\u00f3n, registro y certificaci\u00f3n, y si la digitalizaci\u00f3n anunciada se traduce en tr\u00e1mites m\u00e1s \u00e1giles o en nuevas exigencias operativas.<\/p>\n\t\t\t\t\t\t\t\t<\/div>\n\t\t\t\t<\/div>\n\t\t\t\t\t<\/div>\n\t\t\t\t<\/div>\n\t\t<div class=\"elementor-element elementor-element-5dff15d e-flex e-con-boxed e-con e-parent\" data-id=\"5dff15d\" data-element_type=\"container\">\n\t\t\t\t\t<div class=\"e-con-inner\">\n\t\t\t\t<div class=\"elementor-element elementor-element-703e12b elementor-widget elementor-widget-text-editor\" data-id=\"703e12b\" data-element_type=\"widget\" data-widget_type=\"text-editor.default\">\n\t\t\t\t<div class=\"elementor-widget-container\">\n\t\t\t\t\t\t\t\t\t<h1><span style=\"color: #333333;\">Sobre el autor<\/span><\/h1>\t\t\t\t\t\t\t\t<\/div>\n\t\t\t\t<\/div>\n\t\t\t\t\t<\/div>\n\t\t\t\t<\/div>\n\t\t<div class=\"elementor-element elementor-element-955ae90 e-flex e-con-boxed e-con e-parent\" data-id=\"955ae90\" data-element_type=\"container\">\n\t\t\t\t\t<div class=\"e-con-inner\">\n\t\t\t\t<div class=\"elementor-element elementor-element-b1fd4d7 elementor-author-box--link-yes elementor-author-box--avatar-yes elementor-author-box--name-yes elementor-author-box--biography-yes elementor-widget elementor-widget-author-box\" data-id=\"b1fd4d7\" data-element_type=\"widget\" data-widget_type=\"author-box.default\">\n\t\t\t\t<div class=\"elementor-widget-container\">\n\t\t\t\t\t\t\t<div class=\"elementor-author-box\">\n\t\t\t\t\t\t\t<a href=\"https:\/\/economiayviveros.com.ar\/portada\/author\/helena\/\" class=\"elementor-author-box__avatar\">\n\t\t\t\t\t<img decoding=\"async\" src=\"https:\/\/economiayviveros.com.ar\/portada\/wp-content\/uploads\/2024\/12\/Logo-5-hojas-300x300.png\" alt=\"Picture of Econom\u00eda &amp; Viveros\" loading=\"lazy\">\n\t\t\t\t<\/a>\n\t\t\t\n\t\t\t<div class=\"elementor-author-box__text\">\n\t\t\t\t\t\t\t\t\t<a href=\"https:\/\/economiayviveros.com.ar\/portada\/author\/helena\/\">\n\t\t\t\t\t\t<h4 class=\"elementor-author-box__name\">\n\t\t\t\t\t\t\tEconom\u00eda &amp; Viveros\t\t\t\t\t\t<\/h4>\n\t\t\t\t\t<\/a>\n\t\t\t\t\n\t\t\t\t\t\t\t\t\t<div class=\"elementor-author-box__bio\">\n\t\t\t\t\t\tDesde el 2009 brinda toda la informaci\u00f3n sobre la floricultura argentina.\r\n\r\nEdiciones mensuales.\t\t\t\t\t<\/div>\n\t\t\t\t\n\t\t\t\t\t\t\t\t\t<a class=\"elementor-author-box__button elementor-button elementor-size-xs\" href=\"https:\/\/economiayviveros.com.ar\/portada\/author\/helena\/\">\n\t\t\t\t\t\tM\u00e1s notas\t\t\t\t\t<\/a>\n\t\t\t\t\t\t\t<\/div>\n\t\t<\/div>\n\t\t\t\t\t\t<\/div>\n\t\t\t\t<\/div>\n\t\t\t\t\t<\/div>\n\t\t\t\t<\/div>\n\t\t\t\t<\/div>\n\t\t","protected":false},"excerpt":{"rendered":"<p>El Decreto 205\/2026 simplifica \u00e1reas y concentra funciones. No se modifican la Ley de Semillas, los requisitos de registro de variedades ni las condiciones de fiscalizaci\u00f3n y comercializaci\u00f3n. Cu\u00e1les son las claves para el productor flor\u00edcola.  <\/p>\n","protected":false},"author":1,"featured_media":3457,"comment_status":"closed","ping_status":"open","sticky":false,"template":"","format":"standard","meta":{"iawp_total_views":2,"footnotes":""},"categories":[3],"tags":[],"class_list":["post-3479","post","type-post","status-publish","format-standard","has-post-thumbnail","hentry","category-actualidad"],"_links":{"self":[{"href":"https:\/\/economiayviveros.com.ar\/portada\/wp-json\/wp\/v2\/posts\/3479","targetHints":{"allow":["GET"]}}],"collection":[{"href":"https:\/\/economiayviveros.com.ar\/portada\/wp-json\/wp\/v2\/posts"}],"about":[{"href":"https:\/\/economiayviveros.com.ar\/portada\/wp-json\/wp\/v2\/types\/post"}],"author":[{"embeddable":true,"href":"https:\/\/economiayviveros.com.ar\/portada\/wp-json\/wp\/v2\/users\/1"}],"replies":[{"embeddable":true,"href":"https:\/\/economiayviveros.com.ar\/portada\/wp-json\/wp\/v2\/comments?post=3479"}],"version-history":[{"count":4,"href":"https:\/\/economiayviveros.com.ar\/portada\/wp-json\/wp\/v2\/posts\/3479\/revisions"}],"predecessor-version":[{"id":3483,"href":"https:\/\/economiayviveros.com.ar\/portada\/wp-json\/wp\/v2\/posts\/3479\/revisions\/3483"}],"wp:featuredmedia":[{"embeddable":true,"href":"https:\/\/economiayviveros.com.ar\/portada\/wp-json\/wp\/v2\/media\/3457"}],"wp:attachment":[{"href":"https:\/\/economiayviveros.com.ar\/portada\/wp-json\/wp\/v2\/media?parent=3479"}],"wp:term":[{"taxonomy":"category","embeddable":true,"href":"https:\/\/economiayviveros.com.ar\/portada\/wp-json\/wp\/v2\/categories?post=3479"},{"taxonomy":"post_tag","embeddable":true,"href":"https:\/\/economiayviveros.com.ar\/portada\/wp-json\/wp\/v2\/tags?post=3479"}],"curies":[{"name":"wp","href":"https:\/\/api.w.org\/{rel}","templated":true}]}}