{"id":3474,"date":"2026-05-01T12:54:20","date_gmt":"2026-05-01T15:54:20","guid":{"rendered":"https:\/\/economiayviveros.com.ar\/portada\/?p=3474"},"modified":"2026-05-02T13:00:53","modified_gmt":"2026-05-02T16:00:53","slug":"mendoza-se-prepara-para-recibir-al-sector-floricola","status":"publish","type":"post","link":"https:\/\/economiayviveros.com.ar\/portada\/mendoza-se-prepara-para-recibir-al-sector-floricola\/","title":{"rendered":"Mendoza se prepara para recibir al sector flor\u00edcola"},"content":{"rendered":"\t\t<div data-elementor-type=\"wp-post\" data-elementor-id=\"3474\" class=\"elementor elementor-3474\" data-elementor-post-type=\"post\">\n\t\t\t\t<div class=\"elementor-element elementor-element-3181d97f e-flex e-con-boxed e-con e-parent\" data-id=\"3181d97f\" data-element_type=\"container\">\n\t\t\t\t\t<div class=\"e-con-inner\">\n\t\t\t\t<div class=\"elementor-element elementor-element-77e47a34 elementor-widget elementor-widget-text-editor\" data-id=\"77e47a34\" data-element_type=\"widget\" data-widget_type=\"text-editor.default\">\n\t\t\t\t<div class=\"elementor-widget-container\">\n\t\t\t\t\t\t\t\t\t\n<h4 class=\"wp-block-heading\">El presidente de la Asociaci\u00f3n de Viveristas de Mendoza, \u00c1ngel Fern\u00e1ndez, anticipa qu\u00e9 van a encontrar quienes se sumen al 2.\u00b0 Congreso Itinerante de Viveristas.<\/h4>\n\n\n\n<figure class=\"wp-block-image size-large\"><img fetchpriority=\"high\" decoding=\"async\" width=\"1024\" height=\"683\" src=\"https:\/\/economiayviveros.com.ar\/portada\/wp-content\/uploads\/2026\/05\/Act.-1-Congreso-0526-G-1024x683.jpg\" alt=\"\" class=\"wp-image-3455\" srcset=\"https:\/\/economiayviveros.com.ar\/portada\/wp-content\/uploads\/2026\/05\/Act.-1-Congreso-0526-G-1024x683.jpg 1024w, https:\/\/economiayviveros.com.ar\/portada\/wp-content\/uploads\/2026\/05\/Act.-1-Congreso-0526-G-300x200.jpg 300w, https:\/\/economiayviveros.com.ar\/portada\/wp-content\/uploads\/2026\/05\/Act.-1-Congreso-0526-G-768x512.jpg 768w, https:\/\/economiayviveros.com.ar\/portada\/wp-content\/uploads\/2026\/05\/Act.-1-Congreso-0526-G.jpg 1200w\" sizes=\"(max-width: 1024px) 100vw, 1024px\" \/><figcaption class=\"wp-element-caption\">\u00c1ngel Fern\u00e1ndez. Foto: gentileza de la Asociaci\u00f3n de Viveristas de Mendoza<\/figcaption><\/figure>\n\n\n\n<p><em>La Asociaci\u00f3n de Viveristas de Mendoza naci\u00f3 en 2013, en un contexto en el que la actividad flor\u00edcola <\/em>(plantas ornamentales y flores de corte) <em>ya ten\u00eda incidencia territorial en el Gran Mendoza, pero carec\u00eda de una articulaci\u00f3n sectorial<\/em>, explica el presidente de esta instituci\u00f3n, \u00c1ngel Fern\u00e1ndez. Desde entonces, la entidad nuclea a productores de plantas ornamentales, revendedores y actores vinculados al paisajismo.<\/p>\n\n\n\n<p><strong>Congreso Itinerante de Viveristas: entre la repetici\u00f3n de agenda y la adaptaci\u00f3n local<\/strong><\/p>\n\n\n\n<p>El 2.\u00ba Congreso Itinerante de Viveristas \u2014previsto para el 28 y 29 de mayo en la capital de la provincia de Mendoza\u2014 retoma, en gran medida, los contenidos ya presentados el a\u00f1o pasado en el Congreso Nacional realizado en Buenos Aires.<\/p>\n\n\n\n<p><em>Es un hito estrat\u00e9gico, porque moviliza a todo el ecosistema local<\/em>, explican desde la Asociaci\u00f3n. Esta funciona como instituci\u00f3n anfitriona del citado evento que organiza la Asociaci\u00f3n Argentina de Floricultores y Viveristas.<\/p>\n\n\n\n<p>La base de la agenda se repite: inteligencia artificial aplicada a ventas, empresas familiares, dise\u00f1o de espacios verdes y nichos en crecimiento como flores comestibles o arte floral. Explican que el objetivo es llevar estos conocimientos a quienes no pudieron asistir al evento nacional.<\/p>\n\n\n\n<p>No obstante, en el aspecto en que busca diferenciarse el formato itinerante es en el aterrizaje territorial. En Mendoza, esa adaptaci\u00f3n se hace evidente en el foco sobre la crisis h\u00eddrica, el avance del xeripaisajismo y el desarrollo de sustratos a partir del orujo de uva.<\/p>\n\n\n\n<p><strong>M\u00e1s all\u00e1 del evento: una estrategia de largo plazo para el sector<\/strong><\/p>\n\n\n\n<p>Desde la asociaci\u00f3n mendocina insisten en que el congreso forma parte de una estrategia m\u00e1s amplia, que incluye capacitaciones, articulaci\u00f3n institucional y el desarrollo de herramientas digitales propias.<\/p>\n\n\n\n<p>Uno de los objetivos en marcha es la creaci\u00f3n de un ecosistema digital que logre integrar formaci\u00f3n, vinculaci\u00f3n y acceso a informaci\u00f3n, con la intenci\u00f3n de sostener el crecimiento del sector en el tiempo. De hecho, es su Web la que aloja toda la informaci\u00f3n referida a este evento: <a href=\"https:\/\/viveristasmendoza.org.ar\/congreso\/?utm_source=ig&amp;utm_medium=social&amp;utm_content=link_in_bio&amp;fbclid=PAZXh0bgNhZW0CMTEAc3J0YwZhcHBfaWQMMjU2MjgxMDQwNTU4AAGnS9t_3SiK8jUsvYzeirt79XeZQPpNKAyQn1Ab1025TWL8OT_nu_fbokIZLR8_aem_Ey1u5EqvcceDxIayyy1zmQ\" target=\"_blank\" rel=\"noreferrer noopener\">2\u00b0. Congreso Itinerante de Viveristas<\/a><\/p>\n\n\n\n<p><em>El Congreso Itinerante es una actividad m\u00e1s para posicionar a la Asociaci\u00f3n como un actor clave dentro de la floricultura argentina<\/em>, concluyen.<\/p>\n\n\n\n<p><strong>Empresas asociadas: qui\u00e9nes integran hoy el viverismo mendocino<\/strong><\/p>\n\n\n\n<p>El siguiente listado refleja la diversidad de actores que conforman actualmente la Asociaci\u00f3n de Viveristas de Mendoza:<\/p>\n\n\n\n<p><strong>Arabia Gardens<\/strong> (productor\/VAP -vivero de atenci\u00f3n al p\u00fablico-), <strong>Arte Natural<\/strong> (VAP), <strong>Bio Chacras<\/strong> (VAP), <strong>Cactus Mendoza <\/strong>(productor), <strong>Cultivo RG Guevara<\/strong> (productor), <strong>De Cuyo<\/strong> (VAP), <strong>Decoplant <\/strong>(VAP), <strong>Del Prado<\/strong> (VAP), <strong>Deserta<\/strong> (paisajista), <strong>Distrogarden<\/strong> (distribuidor), <strong>El Aljibe<\/strong> (VAP<strong>), El Milagro <\/strong>(VAP), <strong>Estaci\u00f3n Verde<\/strong> (productor), <strong>Ghretek <\/strong>(productor), <strong>La Botica<\/strong> (VAP), <strong>Las Candelas<\/strong> (VAP), <strong>Las Gram\u00edneas<\/strong> (VAP), <strong>Las Mar\u00edas<\/strong> (productor), <strong>Lunta<\/strong> (productor), <strong>Nuevos Verdes<\/strong> (productor), <strong>Nutrigea<\/strong> (productor), <strong>Paesaggio<\/strong> (VAP), <strong>San Cayetano<\/strong> (productor\/VAP), <strong>Silvestra<\/strong> (productor\/VAP), <strong>Terraiz <\/strong>(productor), <strong>Vivero Productor Rodr\u00edguez<\/strong> (productor), <strong>Xeros<\/strong> (productor), <strong>Yunka<\/strong> (productor).<\/p>\n\n\n\n<p><\/p>\n\t\t\t\t\t\t\t\t<\/div>\n\t\t\t\t<\/div>\n\t\t\t\t\t<\/div>\n\t\t\t\t<\/div>\n\t\t<div class=\"elementor-element elementor-element-1a9c221 e-flex e-con-boxed e-con e-parent\" data-id=\"1a9c221\" data-element_type=\"container\">\n\t\t\t\t\t<div class=\"e-con-inner\">\n\t\t\t\t<div class=\"elementor-element elementor-element-24edcfb elementor-widget elementor-widget-text-editor\" data-id=\"24edcfb\" data-element_type=\"widget\" data-widget_type=\"text-editor.default\">\n\t\t\t\t<div class=\"elementor-widget-container\">\n\t\t\t\t\t\t\t\t\t<h1><span style=\"color: #333333;\">Sobre el autor<\/span><\/h1>\t\t\t\t\t\t\t\t<\/div>\n\t\t\t\t<\/div>\n\t\t\t\t\t<\/div>\n\t\t\t\t<\/div>\n\t\t<div class=\"elementor-element elementor-element-5254142 e-flex e-con-boxed e-con e-parent\" data-id=\"5254142\" data-element_type=\"container\">\n\t\t\t\t\t<div class=\"e-con-inner\">\n\t\t\t\t<div class=\"elementor-element elementor-element-a4b29c6 elementor-author-box--link-yes elementor-author-box--avatar-yes elementor-author-box--name-yes elementor-author-box--biography-yes elementor-widget elementor-widget-author-box\" data-id=\"a4b29c6\" data-element_type=\"widget\" data-widget_type=\"author-box.default\">\n\t\t\t\t<div class=\"elementor-widget-container\">\n\t\t\t\t\t\t\t<div class=\"elementor-author-box\">\n\t\t\t\t\t\t\t<a href=\"https:\/\/economiayviveros.com.ar\/portada\/author\/helena\/\" class=\"elementor-author-box__avatar\">\n\t\t\t\t\t<img decoding=\"async\" src=\"https:\/\/economiayviveros.com.ar\/portada\/wp-content\/uploads\/2024\/12\/Logo-5-hojas-300x300.png\" alt=\"Picture of Econom\u00eda &amp; Viveros\" loading=\"lazy\">\n\t\t\t\t<\/a>\n\t\t\t\n\t\t\t<div class=\"elementor-author-box__text\">\n\t\t\t\t\t\t\t\t\t<a href=\"https:\/\/economiayviveros.com.ar\/portada\/author\/helena\/\">\n\t\t\t\t\t\t<h4 class=\"elementor-author-box__name\">\n\t\t\t\t\t\t\tEconom\u00eda &amp; Viveros\t\t\t\t\t\t<\/h4>\n\t\t\t\t\t<\/a>\n\t\t\t\t\n\t\t\t\t\t\t\t\t\t<div class=\"elementor-author-box__bio\">\n\t\t\t\t\t\tDesde el 2009 brinda toda la informaci\u00f3n sobre la floricultura argentina.\r\n\r\nEdiciones mensuales.\t\t\t\t\t<\/div>\n\t\t\t\t\n\t\t\t\t\t\t\t\t\t<a class=\"elementor-author-box__button elementor-button elementor-size-xs\" href=\"https:\/\/economiayviveros.com.ar\/portada\/author\/helena\/\">\n\t\t\t\t\t\tM\u00e1s notas\t\t\t\t\t<\/a>\n\t\t\t\t\t\t\t<\/div>\n\t\t<\/div>\n\t\t\t\t\t\t<\/div>\n\t\t\t\t<\/div>\n\t\t\t\t\t<\/div>\n\t\t\t\t<\/div>\n\t\t\t\t<\/div>\n\t\t","protected":false},"excerpt":{"rendered":"<p>El presidente de la Asociaci\u00f3n de Viveristas de Mendoza, \u00c1ngel Fern\u00e1ndez, anticipa qu\u00e9 van a encontrar quienes se sumen al 2.\u00b0 Congreso Itinerante de Viveristas.<\/p>\n","protected":false},"author":1,"featured_media":3456,"comment_status":"closed","ping_status":"open","sticky":false,"template":"","format":"standard","meta":{"iawp_total_views":1,"footnotes":""},"categories":[3],"tags":[],"class_list":["post-3474","post","type-post","status-publish","format-standard","has-post-thumbnail","hentry","category-actualidad"],"_links":{"self":[{"href":"https:\/\/economiayviveros.com.ar\/portada\/wp-json\/wp\/v2\/posts\/3474","targetHints":{"allow":["GET"]}}],"collection":[{"href":"https:\/\/economiayviveros.com.ar\/portada\/wp-json\/wp\/v2\/posts"}],"about":[{"href":"https:\/\/economiayviveros.com.ar\/portada\/wp-json\/wp\/v2\/types\/post"}],"author":[{"embeddable":true,"href":"https:\/\/economiayviveros.com.ar\/portada\/wp-json\/wp\/v2\/users\/1"}],"replies":[{"embeddable":true,"href":"https:\/\/economiayviveros.com.ar\/portada\/wp-json\/wp\/v2\/comments?post=3474"}],"version-history":[{"count":4,"href":"https:\/\/economiayviveros.com.ar\/portada\/wp-json\/wp\/v2\/posts\/3474\/revisions"}],"predecessor-version":[{"id":3478,"href":"https:\/\/economiayviveros.com.ar\/portada\/wp-json\/wp\/v2\/posts\/3474\/revisions\/3478"}],"wp:featuredmedia":[{"embeddable":true,"href":"https:\/\/economiayviveros.com.ar\/portada\/wp-json\/wp\/v2\/media\/3456"}],"wp:attachment":[{"href":"https:\/\/economiayviveros.com.ar\/portada\/wp-json\/wp\/v2\/media?parent=3474"}],"wp:term":[{"taxonomy":"category","embeddable":true,"href":"https:\/\/economiayviveros.com.ar\/portada\/wp-json\/wp\/v2\/categories?post=3474"},{"taxonomy":"post_tag","embeddable":true,"href":"https:\/\/economiayviveros.com.ar\/portada\/wp-json\/wp\/v2\/tags?post=3474"}],"curies":[{"name":"wp","href":"https:\/\/api.w.org\/{rel}","templated":true}]}}