{"id":2988,"date":"2026-02-01T14:04:52","date_gmt":"2026-02-01T17:04:52","guid":{"rendered":"https:\/\/economiayviveros.com.ar\/portada\/?p=2988"},"modified":"2026-04-02T20:42:35","modified_gmt":"2026-04-02T23:42:35","slug":"rafael-dodera-siempre-quise-ser-paisajista","status":"publish","type":"post","link":"https:\/\/economiayviveros.com.ar\/portada\/rafael-dodera-siempre-quise-ser-paisajista\/","title":{"rendered":"Rafael Dodera: Siempre quise ser paisajista"},"content":{"rendered":"\t\t<div data-elementor-type=\"wp-post\" data-elementor-id=\"2988\" class=\"elementor elementor-2988\" data-elementor-post-type=\"post\">\n\t\t\t\t<div class=\"elementor-element elementor-element-1b9bba02 e-flex e-con-boxed e-con e-parent\" data-id=\"1b9bba02\" data-element_type=\"container\">\n\t\t\t\t\t<div class=\"e-con-inner\">\n\t\t\t\t<div class=\"elementor-element elementor-element-1a45d1d2 elementor-widget elementor-widget-text-editor\" data-id=\"1a45d1d2\" data-element_type=\"widget\" data-widget_type=\"text-editor.default\">\n\t\t\t\t<div class=\"elementor-widget-container\">\n\t\t\t\t\t\t\t\t\t\n<h4 class=\"wp-block-heading\">EXPERIENCIAS (Uruguay) Coordinador de la IFLA Am\u00e9rica, se suma a esta propuesta y comparte c\u00f3mo es que de estudiar una ingenier\u00eda agron\u00f3mica forestal lleg\u00f3 a ser referente del paisajismo en el continente.<\/h4>\n\n\n\n<figure class=\"wp-block-image size-large\"><img fetchpriority=\"high\" decoding=\"async\" width=\"1024\" height=\"683\" src=\"https:\/\/economiayviveros.com.ar\/portada\/wp-content\/uploads\/2026\/02\/Experiencias-Rafael-Dodera-0226-G-1024x683.jpg\" alt=\"\" class=\"wp-image-2950\" srcset=\"https:\/\/economiayviveros.com.ar\/portada\/wp-content\/uploads\/2026\/02\/Experiencias-Rafael-Dodera-0226-G-1024x683.jpg 1024w, https:\/\/economiayviveros.com.ar\/portada\/wp-content\/uploads\/2026\/02\/Experiencias-Rafael-Dodera-0226-G-300x200.jpg 300w, https:\/\/economiayviveros.com.ar\/portada\/wp-content\/uploads\/2026\/02\/Experiencias-Rafael-Dodera-0226-G-768x512.jpg 768w, https:\/\/economiayviveros.com.ar\/portada\/wp-content\/uploads\/2026\/02\/Experiencias-Rafael-Dodera-0226-G.jpg 1200w\" sizes=\"(max-width: 1024px) 100vw, 1024px\" \/><figcaption class=\"wp-element-caption\">Rafael Dodera. Foto: gentileza de IFLA Am\u00e9ricas<\/figcaption><\/figure>\n\n\n\n<p>La vida es elecci\u00f3n, y una de las decisiones con efectos m\u00e1s duraderos es la profesi\u00f3n. Algunas personas lo saben desde muy temprano; otras, lo descubren en el camino. En mi caso fue as\u00ed. Estudi\u00e9 Agronom\u00eda, me recib\u00ed de Ingeniero Agr\u00f3nomo Forestal, pero tambi\u00e9n me atra\u00edan las artes. En el paisajismo, o arquitectura del paisaje, encontr\u00e9 el lugar donde esas miradas pod\u00edan convivir.<\/p>\n\n\n\n<p>Siempre me interesaron las formas de la tierra: las rocas, los suelos, las monta\u00f1as abruptas y las llanuras extensas; el agua en sus distintas expresiones, las plantas y los animales que habitan esos sistemas. Pero tambi\u00e9n me llam\u00f3 la atenci\u00f3n c\u00f3mo el ser humano ocupa esos espacios, les da nombre, los transforma y los incorpora a su historia.<\/p>\n\n\n\n<p>Con el tiempo entend\u00ed que todo eso era paisaje. Aprend\u00ed a recorrerlo y a leerlo, como se lee un texto, comprendiendo que no alcanza con identificar una especie o conocer una t\u00e9cnica: es necesario entender los procesos, las relaciones, los cambios a lo largo del tiempo y los efectos que esos entornos producen en las personas.<\/p>\n\n\n\n<p>El ser humano modifica su entorno desde siempre, creando nuevas realidades; a veces, arm\u00f3nicas, y otras, conflictivas. El trabajo del arquitecto del paisaje consiste en interpretar esas din\u00e1micas y proponer proyectos, estrategias y planes que busquen equilibrio entre las necesidades humanas y los sistemas naturales. Es una tarea necesariamente interdisciplinaria, construida junto a agr\u00f3nomos, viveristas, ingenieros, ge\u00f3grafos, arquitectos y muchos otros saberes.<\/p>\n\n\n\n<p>Hoy, desde mi rol en la Federaci\u00f3n Internacional de Arquitectura del Paisaje (IFLA), trabajo para fomentar la educaci\u00f3n en todos los niveles, consolidar una oferta acad\u00e9mica de calidad y dar mayor visibilidad a la profesi\u00f3n. El paisaje como categor\u00eda de an\u00e1lisis debe incorporarse a las pol\u00edticas p\u00fablicas, porque proyectar paisaje es, en definitiva, proyectar nuestra forma de habitar el planeta.<\/p>\n\n\n\n<p><strong>Rafael Dodera<\/strong> (57), Ingeniero Agr\u00f3nomo Forestal. Presidente de la IFLA Am\u00e9ricas. <a href=\"mailto:rafaeldodera@gmail.com\">rafaeldodera@gmail.com<\/a><\/p>\n\n\n\n<p><\/p>\n\t\t\t\t\t\t\t\t<\/div>\n\t\t\t\t<\/div>\n\t\t\t\t\t<\/div>\n\t\t\t\t<\/div>\n\t\t<div class=\"elementor-element elementor-element-4ca0ff3 e-flex e-con-boxed e-con e-parent\" data-id=\"4ca0ff3\" data-element_type=\"container\">\n\t\t\t\t\t<div class=\"e-con-inner\">\n\t\t\t\t<div class=\"elementor-element elementor-element-2a2cdca elementor-widget elementor-widget-text-editor\" data-id=\"2a2cdca\" data-element_type=\"widget\" data-widget_type=\"text-editor.default\">\n\t\t\t\t<div class=\"elementor-widget-container\">\n\t\t\t\t\t\t\t\t\t<h1><span style=\"color: #333333;\">Sobre el autor<\/span><\/h1>\t\t\t\t\t\t\t\t<\/div>\n\t\t\t\t<\/div>\n\t\t\t\t\t<\/div>\n\t\t\t\t<\/div>\n\t\t<div class=\"elementor-element elementor-element-1f0b074 e-flex e-con-boxed e-con e-parent\" data-id=\"1f0b074\" data-element_type=\"container\">\n\t\t\t\t\t<div class=\"e-con-inner\">\n\t\t\t\t<div class=\"elementor-element elementor-element-302beda elementor-author-box--link-yes elementor-author-box--avatar-yes elementor-author-box--name-yes elementor-author-box--biography-yes elementor-widget elementor-widget-author-box\" data-id=\"302beda\" data-element_type=\"widget\" data-widget_type=\"author-box.default\">\n\t\t\t\t<div class=\"elementor-widget-container\">\n\t\t\t\t\t\t\t<div class=\"elementor-author-box\">\n\t\t\t\t\t\t\t<a href=\"https:\/\/economiayviveros.com.ar\/portada\/author\/helena\/\" class=\"elementor-author-box__avatar\">\n\t\t\t\t\t<img decoding=\"async\" src=\"https:\/\/economiayviveros.com.ar\/portada\/wp-content\/uploads\/2024\/12\/Logo-5-hojas-300x300.png\" alt=\"Picture of Econom\u00eda &amp; Viveros\" loading=\"lazy\">\n\t\t\t\t<\/a>\n\t\t\t\n\t\t\t<div class=\"elementor-author-box__text\">\n\t\t\t\t\t\t\t\t\t<a href=\"https:\/\/economiayviveros.com.ar\/portada\/author\/helena\/\">\n\t\t\t\t\t\t<h4 class=\"elementor-author-box__name\">\n\t\t\t\t\t\t\tEconom\u00eda &amp; Viveros\t\t\t\t\t\t<\/h4>\n\t\t\t\t\t<\/a>\n\t\t\t\t\n\t\t\t\t\t\t\t\t\t<div class=\"elementor-author-box__bio\">\n\t\t\t\t\t\tDesde el 2009 brinda toda la informaci\u00f3n sobre la floricultura argentina.\r\n\r\nEdiciones mensuales.\t\t\t\t\t<\/div>\n\t\t\t\t\n\t\t\t\t\t\t\t\t\t<a class=\"elementor-author-box__button elementor-button elementor-size-xs\" href=\"https:\/\/economiayviveros.com.ar\/portada\/author\/helena\/\">\n\t\t\t\t\t\tM\u00e1s notas\t\t\t\t\t<\/a>\n\t\t\t\t\t\t\t<\/div>\n\t\t<\/div>\n\t\t\t\t\t\t<\/div>\n\t\t\t\t<\/div>\n\t\t\t\t\t<\/div>\n\t\t\t\t<\/div>\n\t\t\t\t<\/div>\n\t\t","protected":false},"excerpt":{"rendered":"<p>EXPERIENCIAS (Uruguay) Coordinador de la IFLA Am\u00e9rica, se suma a esta propuesta y comparte c\u00f3mo es que de estudiar una ingenier\u00eda agron\u00f3mica forestal lleg\u00f3 a ser referente del paisajismo en el continente.<\/p>\n","protected":false},"author":1,"featured_media":2950,"comment_status":"closed","ping_status":"closed","sticky":false,"template":"","format":"standard","meta":{"iawp_total_views":112,"footnotes":""},"categories":[4],"tags":[],"class_list":["post-2988","post","type-post","status-publish","format-standard","has-post-thumbnail","hentry","category-entrevistas"],"_links":{"self":[{"href":"https:\/\/economiayviveros.com.ar\/portada\/wp-json\/wp\/v2\/posts\/2988","targetHints":{"allow":["GET"]}}],"collection":[{"href":"https:\/\/economiayviveros.com.ar\/portada\/wp-json\/wp\/v2\/posts"}],"about":[{"href":"https:\/\/economiayviveros.com.ar\/portada\/wp-json\/wp\/v2\/types\/post"}],"author":[{"embeddable":true,"href":"https:\/\/economiayviveros.com.ar\/portada\/wp-json\/wp\/v2\/users\/1"}],"replies":[{"embeddable":true,"href":"https:\/\/economiayviveros.com.ar\/portada\/wp-json\/wp\/v2\/comments?post=2988"}],"version-history":[{"count":4,"href":"https:\/\/economiayviveros.com.ar\/portada\/wp-json\/wp\/v2\/posts\/2988\/revisions"}],"predecessor-version":[{"id":3001,"href":"https:\/\/economiayviveros.com.ar\/portada\/wp-json\/wp\/v2\/posts\/2988\/revisions\/3001"}],"wp:featuredmedia":[{"embeddable":true,"href":"https:\/\/economiayviveros.com.ar\/portada\/wp-json\/wp\/v2\/media\/2950"}],"wp:attachment":[{"href":"https:\/\/economiayviveros.com.ar\/portada\/wp-json\/wp\/v2\/media?parent=2988"}],"wp:term":[{"taxonomy":"category","embeddable":true,"href":"https:\/\/economiayviveros.com.ar\/portada\/wp-json\/wp\/v2\/categories?post=2988"},{"taxonomy":"post_tag","embeddable":true,"href":"https:\/\/economiayviveros.com.ar\/portada\/wp-json\/wp\/v2\/tags?post=2988"}],"curies":[{"name":"wp","href":"https:\/\/api.w.org\/{rel}","templated":true}]}}