{"id":2818,"date":"2026-01-01T13:22:18","date_gmt":"2026-01-01T16:22:18","guid":{"rendered":"https:\/\/economiayviveros.com.ar\/portada\/?p=2818"},"modified":"2026-01-02T13:24:34","modified_gmt":"2026-01-02T16:24:34","slug":"faitful-vivero","status":"publish","type":"post","link":"https:\/\/economiayviveros.com.ar\/portada\/faitful-vivero\/","title":{"rendered":"Faitful Vivero"},"content":{"rendered":"\t\t<div data-elementor-type=\"wp-post\" data-elementor-id=\"2818\" class=\"elementor elementor-2818\" data-elementor-post-type=\"post\">\n\t\t\t\t<div class=\"elementor-element elementor-element-568e9a08 e-flex e-con-boxed e-con e-parent\" data-id=\"568e9a08\" data-element_type=\"container\">\n\t\t\t\t\t<div class=\"e-con-inner\">\n\t\t\t\t<div class=\"elementor-element elementor-element-4af5b82 elementor-widget elementor-widget-text-editor\" data-id=\"4af5b82\" data-element_type=\"widget\" data-widget_type=\"text-editor.default\">\n\t\t\t\t<div class=\"elementor-widget-container\">\n\t\t\t\t\t\t\t\t\t\n<h4 class=\"wp-block-heading\">EMPRESAS Roberto Marani presenta a esta empresa con cultivos en Corrientes y Misiones, un centro log\u00edstico en Buenos Aires y un punto de venta al p\u00fablico en la Ciudad Aut\u00f3noma de Buenos Aires.<\/h4>\n\n\n\n<figure class=\"wp-block-image size-large\"><img fetchpriority=\"high\" decoding=\"async\" width=\"1024\" height=\"683\" src=\"https:\/\/economiayviveros.com.ar\/portada\/wp-content\/uploads\/2026\/01\/Empresas-Faitful-0126-G-1024x683.jpg\" alt=\"\" class=\"wp-image-2777\" srcset=\"https:\/\/economiayviveros.com.ar\/portada\/wp-content\/uploads\/2026\/01\/Empresas-Faitful-0126-G-1024x683.jpg 1024w, https:\/\/economiayviveros.com.ar\/portada\/wp-content\/uploads\/2026\/01\/Empresas-Faitful-0126-G-300x200.jpg 300w, https:\/\/economiayviveros.com.ar\/portada\/wp-content\/uploads\/2026\/01\/Empresas-Faitful-0126-G-768x512.jpg 768w, https:\/\/economiayviveros.com.ar\/portada\/wp-content\/uploads\/2026\/01\/Empresas-Faitful-0126-G.jpg 1200w\" sizes=\"(max-width: 1024px) 100vw, 1024px\" \/><\/figure>\n\n\n\n<p><\/p>\n\n\n\n<p><strong>Presenta: Roberto Marani (61)<\/strong><\/p>\n\n\n\n<p>Faitful Viveros cuenta con m\u00e1s de cuarenta y cinco a\u00f1os de trayectoria. Y es reconocida por su integraci\u00f3n vertical, su capacidad productiva a gran escala y por dirigir su foco en construir un modelo de abastecimiento s\u00f3lido para el canal mayorista argentino. Hoy, en Faitful, combinamos producci\u00f3n propia, log\u00edstica nacional y experiencia comercial, abasteciendo a viveros de todo el pa\u00eds.<\/p>\n\n\n\n<p>Contamos con veinticuatro hect\u00e1reas productivas en Misiones y Corrientes, donde desarrollamos plantas adaptadas a las condiciones del mercado argentino. Este modelo nos permite controlar calidad, tiempos y vol\u00famenes, asegurando, de esa manera, una oferta constante y homog\u00e9nea durante todo el a\u00f1o.<\/p>\n\n\n\n<p>Operamos nuestro centro de distribuci\u00f3n en Escobar (Buenos Aires), con log\u00edstica propia, que abastece a viveros en la totalidad de nuestra Rep\u00fablica.<\/p>\n\n\n\n<p>En Faitful, no nos posicionamos solo como proveedores, sino como socios comerciales del vivero. Nuestra experiencia en retail propio y en el canal mayorista nos permite comprender la rotaci\u00f3n, el armado de surtido y las necesidades reales del punto de venta.<\/p>\n\n\n\n<p>Adem\u00e1s de la producci\u00f3n, desarrollamos una fuerte capacidad comercial y de exhibici\u00f3n, con 1000 m\u00b2 cubiertos en CABA, que funcionan como laboratorio de tendencias, an\u00e1lisis del comportamiento del consumidor y presentaci\u00f3n de producto.<\/p>\n\n\n\n<p>Con presencia productiva en el NEA, log\u00edstica en Buenos Aires y clientes en todo el pa\u00eds, en Faitful apostamos a profesionalizar el mercado viverista argentino, combinando escala, calidad y una mirada moderna del negocio.<\/p>\n\n\n\n<p>\u2022\u00a0\u00a0\u00a0\u00a0\u00a0\u00a0\u00a0 Con\u00f3celos <a href=\"https:\/\/www.plantasfaitful.com.ar\" target=\"_blank\" rel=\"noreferrer noopener\">www.plantasfaitful.com.ar<\/a><\/p>\n\n\n\n<p><\/p>\n\t\t\t\t\t\t\t\t<\/div>\n\t\t\t\t<\/div>\n\t\t\t\t\t<\/div>\n\t\t\t\t<\/div>\n\t\t<div class=\"elementor-element elementor-element-870f78b e-flex e-con-boxed e-con e-parent\" data-id=\"870f78b\" data-element_type=\"container\">\n\t\t\t\t\t<div class=\"e-con-inner\">\n\t\t\t\t<div class=\"elementor-element elementor-element-bda0e5c elementor-widget elementor-widget-text-editor\" data-id=\"bda0e5c\" data-element_type=\"widget\" data-widget_type=\"text-editor.default\">\n\t\t\t\t<div class=\"elementor-widget-container\">\n\t\t\t\t\t\t\t\t\t<h1><span style=\"color: #333333;\">Sobre el autor<\/span><\/h1>\t\t\t\t\t\t\t\t<\/div>\n\t\t\t\t<\/div>\n\t\t\t\t\t<\/div>\n\t\t\t\t<\/div>\n\t\t<div class=\"elementor-element elementor-element-c16adf4 e-flex e-con-boxed e-con e-parent\" data-id=\"c16adf4\" data-element_type=\"container\">\n\t\t\t\t\t<div class=\"e-con-inner\">\n\t\t\t\t<div class=\"elementor-element elementor-element-51f45a3 elementor-author-box--link-yes elementor-author-box--avatar-yes elementor-author-box--name-yes elementor-author-box--biography-yes elementor-widget elementor-widget-author-box\" data-id=\"51f45a3\" data-element_type=\"widget\" data-widget_type=\"author-box.default\">\n\t\t\t\t<div class=\"elementor-widget-container\">\n\t\t\t\t\t\t\t<div class=\"elementor-author-box\">\n\t\t\t\t\t\t\t<a href=\"https:\/\/economiayviveros.com.ar\/portada\/author\/helena\/\" class=\"elementor-author-box__avatar\">\n\t\t\t\t\t<img decoding=\"async\" src=\"https:\/\/economiayviveros.com.ar\/portada\/wp-content\/uploads\/2024\/12\/Logo-5-hojas-300x300.png\" alt=\"Picture of Econom\u00eda &amp; Viveros\" loading=\"lazy\">\n\t\t\t\t<\/a>\n\t\t\t\n\t\t\t<div class=\"elementor-author-box__text\">\n\t\t\t\t\t\t\t\t\t<a href=\"https:\/\/economiayviveros.com.ar\/portada\/author\/helena\/\">\n\t\t\t\t\t\t<h4 class=\"elementor-author-box__name\">\n\t\t\t\t\t\t\tEconom\u00eda &amp; Viveros\t\t\t\t\t\t<\/h4>\n\t\t\t\t\t<\/a>\n\t\t\t\t\n\t\t\t\t\t\t\t\t\t<div class=\"elementor-author-box__bio\">\n\t\t\t\t\t\tDesde el 2009 brinda toda la informaci\u00f3n sobre la floricultura argentina.\r\n\r\nEdiciones mensuales.\t\t\t\t\t<\/div>\n\t\t\t\t\n\t\t\t\t\t\t\t\t\t<a class=\"elementor-author-box__button elementor-button elementor-size-xs\" href=\"https:\/\/economiayviveros.com.ar\/portada\/author\/helena\/\">\n\t\t\t\t\t\tM\u00e1s notas\t\t\t\t\t<\/a>\n\t\t\t\t\t\t\t<\/div>\n\t\t<\/div>\n\t\t\t\t\t\t<\/div>\n\t\t\t\t<\/div>\n\t\t\t\t\t<\/div>\n\t\t\t\t<\/div>\n\t\t\t\t<\/div>\n\t\t","protected":false},"excerpt":{"rendered":"<p>EMPRESAS Roberto Marani presenta a esta empresa con cultivos en Corrientes y Misiones, un centro log\u00edstico en Buenos Aires y un punto de venta al p\u00fablico en la Ciudad Aut\u00f3noma de Buenos Aires.<\/p>\n","protected":false},"author":1,"featured_media":2777,"comment_status":"closed","ping_status":"open","sticky":false,"template":"","format":"standard","meta":{"iawp_total_views":68,"footnotes":""},"categories":[4],"tags":[],"class_list":["post-2818","post","type-post","status-publish","format-standard","has-post-thumbnail","hentry","category-entrevistas"],"_links":{"self":[{"href":"https:\/\/economiayviveros.com.ar\/portada\/wp-json\/wp\/v2\/posts\/2818","targetHints":{"allow":["GET"]}}],"collection":[{"href":"https:\/\/economiayviveros.com.ar\/portada\/wp-json\/wp\/v2\/posts"}],"about":[{"href":"https:\/\/economiayviveros.com.ar\/portada\/wp-json\/wp\/v2\/types\/post"}],"author":[{"embeddable":true,"href":"https:\/\/economiayviveros.com.ar\/portada\/wp-json\/wp\/v2\/users\/1"}],"replies":[{"embeddable":true,"href":"https:\/\/economiayviveros.com.ar\/portada\/wp-json\/wp\/v2\/comments?post=2818"}],"version-history":[{"count":4,"href":"https:\/\/economiayviveros.com.ar\/portada\/wp-json\/wp\/v2\/posts\/2818\/revisions"}],"predecessor-version":[{"id":2822,"href":"https:\/\/economiayviveros.com.ar\/portada\/wp-json\/wp\/v2\/posts\/2818\/revisions\/2822"}],"wp:featuredmedia":[{"embeddable":true,"href":"https:\/\/economiayviveros.com.ar\/portada\/wp-json\/wp\/v2\/media\/2777"}],"wp:attachment":[{"href":"https:\/\/economiayviveros.com.ar\/portada\/wp-json\/wp\/v2\/media?parent=2818"}],"wp:term":[{"taxonomy":"category","embeddable":true,"href":"https:\/\/economiayviveros.com.ar\/portada\/wp-json\/wp\/v2\/categories?post=2818"},{"taxonomy":"post_tag","embeddable":true,"href":"https:\/\/economiayviveros.com.ar\/portada\/wp-json\/wp\/v2\/tags?post=2818"}],"curies":[{"name":"wp","href":"https:\/\/api.w.org\/{rel}","templated":true}]}}