{"id":2690,"date":"2025-11-30T21:22:45","date_gmt":"2025-12-01T00:22:45","guid":{"rendered":"https:\/\/economiayviveros.com.ar\/portada\/?p=2690"},"modified":"2025-11-30T22:05:15","modified_gmt":"2025-12-01T01:05:15","slug":"cual-es-el-verdadero-mercado-de-las-suculentas","status":"publish","type":"post","link":"https:\/\/economiayviveros.com.ar\/portada\/cual-es-el-verdadero-mercado-de-las-suculentas\/","title":{"rendered":"Cu\u00e1l es el verdadero mercado de las suculentas"},"content":{"rendered":"\t\t<div data-elementor-type=\"wp-post\" data-elementor-id=\"2690\" class=\"elementor elementor-2690\" data-elementor-post-type=\"post\">\n\t\t\t\t<div class=\"elementor-element elementor-element-2813b158 e-flex e-con-boxed e-con e-parent\" data-id=\"2813b158\" data-element_type=\"container\">\n\t\t\t\t\t<div class=\"e-con-inner\">\n\t\t\t\t<div class=\"elementor-element elementor-element-2fc31b1 elementor-widget elementor-widget-text-editor\" data-id=\"2fc31b1\" data-element_type=\"widget\" data-widget_type=\"text-editor.default\">\n\t\t\t\t<div class=\"elementor-widget-container\">\n\t\t\t\t\t\t\t\t\t\n<h4 class=\"wp-block-heading\">Paula Freire -socia de Cactus Mendoza- habla sobre la demanda, los precios y la rentabilidad en la producci\u00f3n de cactus y suculentas no cact\u00e1ceas. Las plantas preferidas por los paisajistas<\/h4>\n\n\n\n<figure class=\"wp-block-image size-full\"><img fetchpriority=\"high\" decoding=\"async\" width=\"1024\" height=\"682\" src=\"https:\/\/economiayviveros.com.ar\/portada\/wp-content\/uploads\/2025\/11\/Act.-4-Cactus-1225-G.jpg\" alt=\"\" class=\"wp-image-2635\" srcset=\"https:\/\/economiayviveros.com.ar\/portada\/wp-content\/uploads\/2025\/11\/Act.-4-Cactus-1225-G.jpg 1024w, https:\/\/economiayviveros.com.ar\/portada\/wp-content\/uploads\/2025\/11\/Act.-4-Cactus-1225-G-300x200.jpg 300w, https:\/\/economiayviveros.com.ar\/portada\/wp-content\/uploads\/2025\/11\/Act.-4-Cactus-1225-G-768x512.jpg 768w\" sizes=\"(max-width: 1024px) 100vw, 1024px\" \/><figcaption class=\"wp-element-caption\">Paula Freire (izquierda), junto a su socia, Marcela Prado. Foto: gentileza de Cactus Mendoza<\/figcaption><\/figure>\n\n\n\n<p>Para <strong>Paula Freire<\/strong> (Cactus Mendoza), productora especializada en cactus y suculentas no cact\u00e1ceas, la venta de estas plantas no se detiene. <em>La demanda de paisajistas por cactus y especies de bajo requerimiento h\u00eddrico sigue aumentando, sobre todo en la zona oeste del pa\u00eds, donde el agua es un recurso escaso que cuidamos de manera consciente<\/em>, explica desde su cultivo ubicado en la provincia de Mendoza.<\/p>\n\n\n\n<p>Las tendencias, afirma, se mueven desde Buenos Aires hacia el resto del pa\u00eds, y lo hacen de forma sostenida. As\u00ed, lo que antes pod\u00eda considerarse un nicho \u2014estas plantas\u2014, hoy forma parte del nuevo paradigma de dise\u00f1o.<\/p>\n\n\n\n<p><em>Estamos hablando de paisajes ecosist\u00e9micos. El clima y los recursos del lugar determinan las obras paisaj\u00edsticas con conciencia. No es una moda: es un cambio que lleg\u00f3 para quedarse, <\/em>sostiene.<\/p>\n\n\n\n<p><strong>Demanda, precios y rentabilidad: una ecuaci\u00f3n que exige ajustes<\/strong><\/p>\n\n\n\n<p>En los viveros, la demanda de cactus y suculentas no cact\u00e1ceas volvi\u00f3 a niveles de prepandemia. A su vez, la relaci\u00f3n entre precios y costos est\u00e1 lejos de ser ideal.<\/p>\n\n\n\n<p><em>El aumento de precios no acompa\u00f1\u00f3 a la inflaci\u00f3n. Un producto que necesita tres a\u00f1os desde la siembra para llegar al tama\u00f1o m\u00e1s peque\u00f1o no es rentable. Tenemos que automatizar y bajar costos, todo lo que podamos<\/em>, resume, sin rodeos, la productora<em>.<\/em><\/p>\n\n\n\n<p><strong>Las especies elegidas por los paisajistas<\/strong><\/p>\n\n\n\n<p>En regiones como el Cuyo, los paisajistas piden plantas \u201ctodo terreno\u201d: resistentes al fr\u00edo, al calor y con bajo consumo de agua.<\/p>\n\n\n\n<p>Su empresa se concentra en producir unas diez especies representativas de las tres formas b\u00e1sicas \u2014columnares, paletas y esf\u00e9ricos\u2014; se priorizan las que ofrecen impacto visual no solo por su forma, sino tambi\u00e9n por su color.<\/p>\n\n\n\n<p>Entre las favoritas menciona: <em>Cleistocactus strausii, Echinocactus grusonii, Opuntia santa rita<\/em> y <em>Agave xylonacantha<\/em>.<\/p>\n\n\n\n<p>A la vez, destaca que trabajan tanto con macetas N.\u00ba 6 y 8, que son las de mayor rotaci\u00f3n, como con ejemplares de gran porte, que pueden requerir entre 8 y 15 a\u00f1os de cultivo. Y que, adem\u00e1s de cactus y suculentas, ya avanzan en sumar a su cat\u00e1logo \u00e1rboles y arbustos de bajo requerimiento h\u00eddrico.<\/p>\n\n\n\n<p><strong>Clientes m\u00e1s exigentes y pedidos m\u00e1s espec\u00edficos<\/strong><\/p>\n\n\n\n<p>El comportamiento de los viveros tambi\u00e9n cambi\u00f3. <em>Cada vez los pedidos son m\u00e1s espec\u00edficos. Hay capacitaci\u00f3n en el rubro y se vende m\u00e1s por especie. Eso implica mayor tiempo para preparar pedidos y ajustar el<\/em> mix <em>de producci\u00f3n<\/em>, detalla.<\/p>\n\n\n\n<p>Incluso, en el segmento \u201cinstagramable\u201d, el criterio no siempre es la belleza cl\u00e1sica. <em>Los coleccionistas queremos mostrar nuestros tesoros. Lo raro se vuelve atractivo, aunque no sea est\u00e9tico para la foto.<\/em><\/p>\n\n\n\n<p><strong>Producci\u00f3n desde la semilla y b\u00fasqueda de nuevas variedades<\/strong><\/p>\n\n\n\n<p>La empresa que dirige produce el 90 % de sus plantas desde semilla, con polinizaciones cruzadas controladas.<\/p>\n\n\n\n<p>Describe con entusiasmo ese proceso: <em>Los resultados son a largo plazo, porque hay que esperar la maduraci\u00f3n para obtener floraciones. Muchas veces encontramos bellezas sorprendentes.<\/em><\/p>\n\n\n\n<p>La siembra se realiza en un contenedor refrigerado con temperatura, luz y humedad controladas. Y a\u00f1o tras a\u00f1o, se vuelven m\u00e1s selectivos: dejan atr\u00e1s especies con menor demanda y ampl\u00edan las \u201cmadres\u201d de aquellas con tendencia de crecimiento.<\/p>\n\n\n\n<p><strong>El sustrato mendocino: el orujo como secreto local<\/strong><\/p>\n\n\n\n<p>En Mendoza, el cultivo tiene su particularidad. Al respecto, ampl\u00eda: <em>Trabajamos mayormente con orujo, el remanente de la vinificaci\u00f3n. El secreto es no apurar los tiempos. Hay que usarlo cuando est\u00e1 bien compostado. Y hay que airear y dar humedad suficiente en cada etapa<\/em>.<\/p>\n\n\n\n<p>Durante ese proceso, la temperatura del material puede llegar a 65 \u00b0C, lo que ayuda al saneamiento del sustrato.<\/p>\n\n\n\n<p><strong>Plagas, riego y manejo tecnol\u00f3gico<\/strong><\/p>\n\n\n\n<p>La plaga m\u00e1s problem\u00e1tica es la cochinilla. Su control implica un enfoque integral. <em>Rotamos productos y hacemos aplicaciones puntuales. Contamos con la visita semanal de un ingeniero agr\u00f3nomo especializado en manejo integral. No hay productos espec\u00edficos para cactus y suculentas, as\u00ed que debemos ir probando<\/em>, aclara.<\/p>\n\n\n\n<p>En cuanto al riego, la innovaci\u00f3n ya dio resultados: <em>Las barras de riego nos permitieron reducir un 50 % del tiempo de trabajo. Para las alm\u00e1cigas usamos aspersi\u00f3n hace a\u00f1os y ahora estamos ampliando el cultivo para ejemplares grandes, que ir\u00e1n por goteo.<\/em><\/p>\n\n\n\n<figure class=\"wp-block-image size-large\"><img decoding=\"async\" width=\"1024\" height=\"683\" src=\"https:\/\/economiayviveros.com.ar\/portada\/wp-content\/uploads\/2025\/11\/Act.-4-Cactus-2-1225-G-1024x683.jpg\" alt=\"\" class=\"wp-image-2636\" srcset=\"https:\/\/economiayviveros.com.ar\/portada\/wp-content\/uploads\/2025\/11\/Act.-4-Cactus-2-1225-G-1024x683.jpg 1024w, https:\/\/economiayviveros.com.ar\/portada\/wp-content\/uploads\/2025\/11\/Act.-4-Cactus-2-1225-G-300x200.jpg 300w, https:\/\/economiayviveros.com.ar\/portada\/wp-content\/uploads\/2025\/11\/Act.-4-Cactus-2-1225-G-768x512.jpg 768w, https:\/\/economiayviveros.com.ar\/portada\/wp-content\/uploads\/2025\/11\/Act.-4-Cactus-2-1225-G.jpg 1199w\" sizes=\"(max-width: 1024px) 100vw, 1024px\" \/><figcaption class=\"wp-element-caption\">Cactus Mendoza. Foto: gentileza de Cactus Mendoza<\/figcaption><\/figure>\n\n\n\n<p><strong>Exhibidores, <em>packaging <\/em>y estrategias comerciales<\/strong><\/p>\n\n\n\n<p>El negocio no termina en la planta. Freire explica que tambi\u00e9n est\u00e1n desarrollando l\u00edneas de exhibidores espec\u00edficas para viveros de Cuyo, con <em>packing<\/em> diferenciado y ediciones pensadas para las distintas efem\u00e9rides.<\/p>\n\n\n\n<p>Hoy la oficina, cuenta entre risas, <em>est\u00e1 poblada de gorritos de Pap\u00e1 Noel, ciervos y estrellas<\/em> por la campa\u00f1a de Navidad. Y a\u00f1ade: <em>No solo evaluamos especies y macetas. Trabajamos mucho en la presentaci\u00f3n y escuchamos las sugerencias de los viveristas<\/em>.<\/p>\n\n\n\n<p><strong>Mirada a futuro: selectividad, crecimiento y esperanza<\/strong><\/p>\n\n\n\n<p>Pese al contexto econ\u00f3mico variable, la productora mantiene una visi\u00f3n constructiva:<\/p>\n\n\n\n<p><em>Esperamos que la Argentina recupere cierta estabilidad para que la m\u00e1quina empiece a funcionar nuevamente. No ser\u00e1 r\u00e1pido, pero confiamos en que, con trabajo y mejora continua, creceremos como personas y como empresas.<\/em><\/p>\n\n\n\n<ul class=\"wp-block-list\">\n<li>En agosto de este a\u00f1o, abrieron una distribuidora de insumos (macetas, sustratos, agroqu\u00edmicos e incluso, plantas de interior) para atender la demanda de sus clientes en Cuyo.<\/li>\n<\/ul>\n\n\n\n<p>Y concluye con un mensaje que resume su filosof\u00eda productiva y humana: <em>Los que seguimos apostando a la producci\u00f3n creemos en el esfuerzo sostenido. Los pr\u00f3ximos a\u00f1os ser\u00e1n de crecimiento.<\/em><\/p>\n\t\t\t\t\t\t\t\t<\/div>\n\t\t\t\t<\/div>\n\t\t\t\t\t<\/div>\n\t\t\t\t<\/div>\n\t\t<div class=\"elementor-element elementor-element-272e839 e-flex e-con-boxed e-con e-parent\" data-id=\"272e839\" data-element_type=\"container\">\n\t\t\t\t\t<div class=\"e-con-inner\">\n\t\t\t\t<div class=\"elementor-element elementor-element-0b56292 elementor-widget elementor-widget-text-editor\" data-id=\"0b56292\" data-element_type=\"widget\" data-widget_type=\"text-editor.default\">\n\t\t\t\t<div class=\"elementor-widget-container\">\n\t\t\t\t\t\t\t\t\t<h1><span style=\"color: #333333;\">Sobre el autor<\/span><\/h1>\t\t\t\t\t\t\t\t<\/div>\n\t\t\t\t<\/div>\n\t\t\t\t\t<\/div>\n\t\t\t\t<\/div>\n\t\t<div class=\"elementor-element elementor-element-13248f4 e-flex e-con-boxed e-con e-parent\" data-id=\"13248f4\" data-element_type=\"container\">\n\t\t\t\t\t<div class=\"e-con-inner\">\n\t\t\t\t<div class=\"elementor-element elementor-element-b2d8036 elementor-author-box--link-yes elementor-author-box--avatar-yes elementor-author-box--name-yes elementor-author-box--biography-yes elementor-widget elementor-widget-author-box\" data-id=\"b2d8036\" data-element_type=\"widget\" data-widget_type=\"author-box.default\">\n\t\t\t\t<div class=\"elementor-widget-container\">\n\t\t\t\t\t\t\t<div class=\"elementor-author-box\">\n\t\t\t\t\t\t\t<a href=\"https:\/\/economiayviveros.com.ar\/portada\/author\/helena\/\" class=\"elementor-author-box__avatar\">\n\t\t\t\t\t<img decoding=\"async\" src=\"https:\/\/economiayviveros.com.ar\/portada\/wp-content\/uploads\/2024\/12\/Logo-5-hojas-300x300.png\" alt=\"Picture of Econom\u00eda &amp; Viveros\" loading=\"lazy\">\n\t\t\t\t<\/a>\n\t\t\t\n\t\t\t<div class=\"elementor-author-box__text\">\n\t\t\t\t\t\t\t\t\t<a href=\"https:\/\/economiayviveros.com.ar\/portada\/author\/helena\/\">\n\t\t\t\t\t\t<h4 class=\"elementor-author-box__name\">\n\t\t\t\t\t\t\tEconom\u00eda &amp; Viveros\t\t\t\t\t\t<\/h4>\n\t\t\t\t\t<\/a>\n\t\t\t\t\n\t\t\t\t\t\t\t\t\t<div class=\"elementor-author-box__bio\">\n\t\t\t\t\t\tDesde el 2009 brinda toda la informaci\u00f3n sobre la floricultura argentina.\r\n\r\nEdiciones mensuales.\t\t\t\t\t<\/div>\n\t\t\t\t\n\t\t\t\t\t\t\t\t\t<a class=\"elementor-author-box__button elementor-button elementor-size-xs\" href=\"https:\/\/economiayviveros.com.ar\/portada\/author\/helena\/\">\n\t\t\t\t\t\tM\u00e1s notas\t\t\t\t\t<\/a>\n\t\t\t\t\t\t\t<\/div>\n\t\t<\/div>\n\t\t\t\t\t\t<\/div>\n\t\t\t\t<\/div>\n\t\t\t\t\t<\/div>\n\t\t\t\t<\/div>\n\t\t\t\t<\/div>\n\t\t","protected":false},"excerpt":{"rendered":"<p>Paula Freire -socia de Cactus Mendoza- habla sobre la demanda, los precios y la rentabilidad en la producci\u00f3n de cactus y suculentas no cact\u00e1ceas. Las plantas preferidas por los paisajistas<\/p>\n","protected":false},"author":1,"featured_media":2635,"comment_status":"closed","ping_status":"open","sticky":false,"template":"","format":"standard","meta":{"iawp_total_views":72,"footnotes":""},"categories":[3,4],"tags":[],"class_list":["post-2690","post","type-post","status-publish","format-standard","has-post-thumbnail","hentry","category-actualidad","category-entrevistas"],"_links":{"self":[{"href":"https:\/\/economiayviveros.com.ar\/portada\/wp-json\/wp\/v2\/posts\/2690","targetHints":{"allow":["GET"]}}],"collection":[{"href":"https:\/\/economiayviveros.com.ar\/portada\/wp-json\/wp\/v2\/posts"}],"about":[{"href":"https:\/\/economiayviveros.com.ar\/portada\/wp-json\/wp\/v2\/types\/post"}],"author":[{"embeddable":true,"href":"https:\/\/economiayviveros.com.ar\/portada\/wp-json\/wp\/v2\/users\/1"}],"replies":[{"embeddable":true,"href":"https:\/\/economiayviveros.com.ar\/portada\/wp-json\/wp\/v2\/comments?post=2690"}],"version-history":[{"count":4,"href":"https:\/\/economiayviveros.com.ar\/portada\/wp-json\/wp\/v2\/posts\/2690\/revisions"}],"predecessor-version":[{"id":2700,"href":"https:\/\/economiayviveros.com.ar\/portada\/wp-json\/wp\/v2\/posts\/2690\/revisions\/2700"}],"wp:featuredmedia":[{"embeddable":true,"href":"https:\/\/economiayviveros.com.ar\/portada\/wp-json\/wp\/v2\/media\/2635"}],"wp:attachment":[{"href":"https:\/\/economiayviveros.com.ar\/portada\/wp-json\/wp\/v2\/media?parent=2690"}],"wp:term":[{"taxonomy":"category","embeddable":true,"href":"https:\/\/economiayviveros.com.ar\/portada\/wp-json\/wp\/v2\/categories?post=2690"},{"taxonomy":"post_tag","embeddable":true,"href":"https:\/\/economiayviveros.com.ar\/portada\/wp-json\/wp\/v2\/tags?post=2690"}],"curies":[{"name":"wp","href":"https:\/\/api.w.org\/{rel}","templated":true}]}}