{"id":2677,"date":"2025-11-30T21:12:07","date_gmt":"2025-12-01T00:12:07","guid":{"rendered":"https:\/\/economiayviveros.com.ar\/portada\/?p=2677"},"modified":"2025-11-30T22:21:14","modified_gmt":"2025-12-01T01:21:14","slug":"aiph-igoty-el-termometro-global-que-tambien-mira-a-la-argentina","status":"publish","type":"post","link":"https:\/\/economiayviveros.com.ar\/portada\/aiph-igoty-el-termometro-global-que-tambien-mira-a-la-argentina\/","title":{"rendered":"AIPH IGOTY: el term\u00f3metro global que tambi\u00e9n mira a la Argentina"},"content":{"rendered":"\t\t<div data-elementor-type=\"wp-post\" data-elementor-id=\"2677\" class=\"elementor elementor-2677\" data-elementor-post-type=\"post\">\n\t\t\t\t<div class=\"elementor-element elementor-element-839db76 e-flex e-con-boxed e-con e-parent\" data-id=\"839db76\" data-element_type=\"container\">\n\t\t\t\t\t<div class=\"e-con-inner\">\n\t\t\t\t<div class=\"elementor-element elementor-element-27806a0a elementor-widget elementor-widget-text-editor\" data-id=\"27806a0a\" data-element_type=\"widget\" data-widget_type=\"text-editor.default\">\n\t\t\t\t<div class=\"elementor-widget-container\">\n\t\t\t\t\t\t\t\t\t\n<h4 class=\"wp-block-heading\">Vivero de Lobos lleg\u00f3 a cumplir todos los requisitos para competir. Qu\u00e9 dijo la organizaci\u00f3n sobre la primera participaci\u00f3n de nuestro pa\u00eds. Qui\u00e9nes son los diez finalistas de estos premios internacionales.<\/h4>\n\n<figure class=\"wp-block-image size-large\"><img fetchpriority=\"high\" decoding=\"async\" width=\"1024\" height=\"683\" class=\"wp-image-2637\" src=\"https:\/\/economiayviveros.com.ar\/portada\/wp-content\/uploads\/2025\/11\/Act.-5-Lobos-1225-G-1024x683.jpg\" alt=\"\" srcset=\"https:\/\/economiayviveros.com.ar\/portada\/wp-content\/uploads\/2025\/11\/Act.-5-Lobos-1225-G-1024x683.jpg 1024w, https:\/\/economiayviveros.com.ar\/portada\/wp-content\/uploads\/2025\/11\/Act.-5-Lobos-1225-G-300x200.jpg 300w, https:\/\/economiayviveros.com.ar\/portada\/wp-content\/uploads\/2025\/11\/Act.-5-Lobos-1225-G-768x512.jpg 768w, https:\/\/economiayviveros.com.ar\/portada\/wp-content\/uploads\/2025\/11\/Act.-5-Lobos-1225-G.jpg 1200w\" sizes=\"(max-width: 1024px) 100vw, 1024px\" \/>\n<figcaption class=\"wp-element-caption\">Micaela Proietto (Vivero de Lobos). Foto: gentileza de Vivero de Lobos<\/figcaption>\n<\/figure>\n\n<p>Los Premios AIPH al Productor Internacional del A\u00f1o (IGOTY) 2026 ya cuentan con sus diez finalistas. Y las distinciones volver\u00e1n a entregarse en enero, en la IPM Essen (Alemania), uno de los escenarios primordiales de la floricultura mundial.<\/p>\n\n<p>Lejos de ser solo una gala de premios, el IGOTY se ha convertido en un referente t\u00e9cnico y comercial. El evento reconoce a los productores de plantas ornamentales que marcan la agenda en innovaci\u00f3n, sostenibilidad, gesti\u00f3n de mercados y organizaci\u00f3n del negocio, y sirve como bar\u00f3metro de hacia d\u00f3nde se est\u00e1 moviendo la competencia internacional.<\/p>\n\n<p><strong>Qu\u00e9 premian los IGOTY 2026<\/strong><\/p>\n\n<p>Organizados por la Asociaci\u00f3n Internacional de Productores Hort\u00edcolas (AIPH), con MPS como patrocinador principal, los premios distinguen la excelencia en cuatro categor\u00edas:<\/p>\n\n<p>&#8211; Plantas y \u00e1rboles terminados.<\/p>\n\n<p>&#8211; Plantas j\u00f3venes.<\/p>\n\n<p>&#8211; Flores cortadas y bulbos.<\/p>\n\n<p>&#8211; Sostenibilidad.<\/p>\n\n<p>De entre estas categor\u00edas, solo una empresa recibir\u00e1 la \u201cRosa de Oro\u201d y ser\u00e1 nombrada AIPH International Grower of the Year 2026, el reconocimiento m\u00e1s codiciado para un cultivo ornamental a escala global.<\/p>\n\n<p>Los diez finalistas de IGOTY 2026 son:<\/p>\n\n<p>-Chengdu Yimei Horticultural Technology Development Co., Ltd. (China)<\/p>\n\n<p>-Fitoralia (Espa\u00f1a)<\/p>\n\n<p>-Flores El Capiro S.A. (Colombia)<\/p>\n\n<p>-Herburg Roses Group (Pa\u00edses Bajos)<\/p>\n\n<p>-Hillier Nurseries Ltd (Reino Unido)<\/p>\n\n<p>-Jiuquan Lanxiang Horticultural Seedling Co., Ltd. (China)<\/p>\n\n<p>-Kisima Farm Ltd. (Kenia)<\/p>\n\n<p>-Kwekerij Dirk Mermans (B\u00e9lgica)<\/p>\n\n<p>-Longchi Mudan Industrial Co., Ltd. (China)<\/p>\n\n<p>-Yunnan Holyflora Horticulture Co., Ltd. (China)<\/p>\n\n<p>Las candidaturas fueron evaluadas por un jurado internacional de expertos seg\u00fan criterios de desempe\u00f1o econ\u00f3mico, innovaci\u00f3n, conocimiento del mercado, sostenibilidad y gesti\u00f3n de recursos humanos.<\/p>\n\n<p><span style=\"color: #800080;\"><strong>Vivero de Lobos: una nominaci\u00f3n que coloca a la Argentina en el mapa<\/strong><\/span><\/p>\n\n<p>En la edici\u00f3n 2026, la organizaci\u00f3n de los Premios AIPH IGOTY invit\u00f3 a Ver\u00f3nica Lang\u00e9, editora de <em>Econom\u00eda &amp; Viveros<\/em> y colaboradora de la revista <em>FloraCulture International<\/em> (AIPH), a proponer cultivos flor\u00edcolas de la Argentina como posibles candidatos. Se sugirieron varias empresas y, finalmente, Vivero de Lobos (<a href=\"https:\/\/viverodelobos.com\/\" target=\"_blank\" rel=\"noopener\">www.viverodelobos.com<\/a>) avanz\u00f3 en el proceso de nominaci\u00f3n internacional, cumpliendo con los requisitos de documentaci\u00f3n t\u00e9cnica y aval profesional que exige el concurso.<\/p>\n\n<p>Si bien la firma citada -exportador de \u00e1rboles y palmeras- no lleg\u00f3 a integrar la lista de los diez finalistas, haber sido evaluado en la etapa de nominaciones lo ubica en un grupo reducido de empresas analizadas a escala internacional, en una edici\u00f3n particularmente competitiva.<\/p>\n\n<p>Desde la organizaci\u00f3n de este premio, se\u00f1alaron que <em>la competencia estuvo muy re\u00f1ida este a\u00f1o.<\/em> Y agregaron, en relaci\u00f3n con Vivero de Lobos, que, <em>aun as\u00ed, llegar a la ronda de nominaciones ya es un logro en s\u00ed mismo; no todos llegan tan lejos, as\u00ed que deber\u00edan estar orgullosos<\/em>.<\/p>\n\n<p>Micaela Proietto, responsable de <em>marketing<\/em> de Vivero de Lobos: <em>Estamos muy orgullosos de haber alcanzado esta etapa. Que nos vean y nos reconozcan es un sue\u00f1o cumplido. Ahora, ampliamos horizontes y vamos a ir en b\u00fasqueda de m\u00e1s logros internacionales. Agradecemos a la organizaci\u00f3n y especialmente a Ver\u00f3nica, que nos propuso. Sin ella, esto no habr\u00eda sido posible.<\/em><\/p>\n\n<p>En t\u00e9rminos de posicionamiento sectorial, una nominaci\u00f3n a los Premios AIPH IGOTY indica que la empresa ya se est\u00e1 midiendo con est\u00e1ndares globales en gesti\u00f3n productiva, consistencia de la calidad, trazabilidad, sostenibilidad y profesionalizaci\u00f3n de su equipo.<\/p>\n\n<p><strong>&#8211; Qu\u00e9 le deja todo esto al productor argentino de flores de corte y plantas ornamentales<\/strong><\/p>\n\n<p>Para los cultivadores argentinos, seguir de cerca los Premios AIPH IGOTY no significa, \u00fanicamente, una curiosidad internacional. Constituye una forma de tomar referencia de qu\u00e9 se est\u00e1 premiando, qui\u00e9nes marcan el ritmo y qu\u00e9 competencias ser\u00e1n esenciales para seguir siendo relevantes en la pr\u00f3xima d\u00e9cada.<\/p>\n\t\t\t\t\t\t\t\t<\/div>\n\t\t\t\t<\/div>\n\t\t\t\t\t<\/div>\n\t\t\t\t<\/div>\n\t\t<div class=\"elementor-element elementor-element-03e499d e-flex e-con-boxed e-con e-parent\" data-id=\"03e499d\" data-element_type=\"container\">\n\t\t\t\t\t<div class=\"e-con-inner\">\n\t\t\t\t<div class=\"elementor-element elementor-element-f8857fa elementor-widget elementor-widget-text-editor\" data-id=\"f8857fa\" data-element_type=\"widget\" data-widget_type=\"text-editor.default\">\n\t\t\t\t<div class=\"elementor-widget-container\">\n\t\t\t\t\t\t\t\t\t<h1><span style=\"color: #333333;\">Sobre el autor<\/span><\/h1>\t\t\t\t\t\t\t\t<\/div>\n\t\t\t\t<\/div>\n\t\t\t\t\t<\/div>\n\t\t\t\t<\/div>\n\t\t<div class=\"elementor-element elementor-element-6076256 e-flex e-con-boxed e-con e-parent\" data-id=\"6076256\" data-element_type=\"container\">\n\t\t\t\t\t<div class=\"e-con-inner\">\n\t\t\t\t<div class=\"elementor-element elementor-element-89a1527 elementor-author-box--link-yes elementor-author-box--avatar-yes elementor-author-box--name-yes elementor-author-box--biography-yes elementor-widget elementor-widget-author-box\" data-id=\"89a1527\" data-element_type=\"widget\" data-widget_type=\"author-box.default\">\n\t\t\t\t<div class=\"elementor-widget-container\">\n\t\t\t\t\t\t\t<div class=\"elementor-author-box\">\n\t\t\t\t\t\t\t<a href=\"https:\/\/economiayviveros.com.ar\/portada\/author\/helena\/\" class=\"elementor-author-box__avatar\">\n\t\t\t\t\t<img decoding=\"async\" src=\"https:\/\/economiayviveros.com.ar\/portada\/wp-content\/uploads\/2024\/12\/Logo-5-hojas-300x300.png\" alt=\"Picture of Econom\u00eda &amp; Viveros\" loading=\"lazy\">\n\t\t\t\t<\/a>\n\t\t\t\n\t\t\t<div class=\"elementor-author-box__text\">\n\t\t\t\t\t\t\t\t\t<a href=\"https:\/\/economiayviveros.com.ar\/portada\/author\/helena\/\">\n\t\t\t\t\t\t<h4 class=\"elementor-author-box__name\">\n\t\t\t\t\t\t\tEconom\u00eda &amp; Viveros\t\t\t\t\t\t<\/h4>\n\t\t\t\t\t<\/a>\n\t\t\t\t\n\t\t\t\t\t\t\t\t\t<div class=\"elementor-author-box__bio\">\n\t\t\t\t\t\tDesde el 2009 brinda toda la informaci\u00f3n sobre la floricultura argentina.\r\n\r\nEdiciones mensuales.\t\t\t\t\t<\/div>\n\t\t\t\t\n\t\t\t\t\t\t\t\t\t<a class=\"elementor-author-box__button elementor-button elementor-size-xs\" href=\"https:\/\/economiayviveros.com.ar\/portada\/author\/helena\/\">\n\t\t\t\t\t\tM\u00e1s notas\t\t\t\t\t<\/a>\n\t\t\t\t\t\t\t<\/div>\n\t\t<\/div>\n\t\t\t\t\t\t<\/div>\n\t\t\t\t<\/div>\n\t\t\t\t\t<\/div>\n\t\t\t\t<\/div>\n\t\t\t\t<\/div>\n\t\t","protected":false},"excerpt":{"rendered":"<p>Vivero de Lobos lleg\u00f3 a cumplir todos los requisitos para competir. Qu\u00e9 dijo la organizaci\u00f3n sobre la primera participaci\u00f3n de nuestro pa\u00eds. Qui\u00e9nes son los diez finalistas de estos premios internacionales.<\/p>\n","protected":false},"author":1,"featured_media":2637,"comment_status":"closed","ping_status":"open","sticky":false,"template":"","format":"standard","meta":{"iawp_total_views":34,"footnotes":""},"categories":[3],"tags":[],"class_list":["post-2677","post","type-post","status-publish","format-standard","has-post-thumbnail","hentry","category-actualidad"],"_links":{"self":[{"href":"https:\/\/economiayviveros.com.ar\/portada\/wp-json\/wp\/v2\/posts\/2677","targetHints":{"allow":["GET"]}}],"collection":[{"href":"https:\/\/economiayviveros.com.ar\/portada\/wp-json\/wp\/v2\/posts"}],"about":[{"href":"https:\/\/economiayviveros.com.ar\/portada\/wp-json\/wp\/v2\/types\/post"}],"author":[{"embeddable":true,"href":"https:\/\/economiayviveros.com.ar\/portada\/wp-json\/wp\/v2\/users\/1"}],"replies":[{"embeddable":true,"href":"https:\/\/economiayviveros.com.ar\/portada\/wp-json\/wp\/v2\/comments?post=2677"}],"version-history":[{"count":4,"href":"https:\/\/economiayviveros.com.ar\/portada\/wp-json\/wp\/v2\/posts\/2677\/revisions"}],"predecessor-version":[{"id":2688,"href":"https:\/\/economiayviveros.com.ar\/portada\/wp-json\/wp\/v2\/posts\/2677\/revisions\/2688"}],"wp:featuredmedia":[{"embeddable":true,"href":"https:\/\/economiayviveros.com.ar\/portada\/wp-json\/wp\/v2\/media\/2637"}],"wp:attachment":[{"href":"https:\/\/economiayviveros.com.ar\/portada\/wp-json\/wp\/v2\/media?parent=2677"}],"wp:term":[{"taxonomy":"category","embeddable":true,"href":"https:\/\/economiayviveros.com.ar\/portada\/wp-json\/wp\/v2\/categories?post=2677"},{"taxonomy":"post_tag","embeddable":true,"href":"https:\/\/economiayviveros.com.ar\/portada\/wp-json\/wp\/v2\/tags?post=2677"}],"curies":[{"name":"wp","href":"https:\/\/api.w.org\/{rel}","templated":true}]}}