{"id":2669,"date":"2025-11-30T20:57:22","date_gmt":"2025-11-30T23:57:22","guid":{"rendered":"https:\/\/economiayviveros.com.ar\/portada\/?p=2669"},"modified":"2025-12-01T20:22:34","modified_gmt":"2025-12-01T23:22:34","slug":"como-cuidar-la-orquidea-phalaenopsis","status":"publish","type":"post","link":"https:\/\/economiayviveros.com.ar\/portada\/como-cuidar-la-orquidea-phalaenopsis\/","title":{"rendered":"C\u00f3mo cuidar la orqu\u00eddea Phalaenopsis"},"content":{"rendered":"\t\t<div data-elementor-type=\"wp-post\" data-elementor-id=\"2669\" class=\"elementor elementor-2669\" data-elementor-post-type=\"post\">\n\t\t\t\t<div class=\"elementor-element elementor-element-591214c7 e-flex e-con-boxed e-con e-parent\" data-id=\"591214c7\" data-element_type=\"container\">\n\t\t\t\t\t<div class=\"e-con-inner\">\n\t\t\t\t<div class=\"elementor-element elementor-element-590f4200 elementor-widget elementor-widget-text-editor\" data-id=\"590f4200\" data-element_type=\"widget\" data-widget_type=\"text-editor.default\">\n\t\t\t\t<div class=\"elementor-widget-container\">\n\t\t\t\t\t\t\t\t\t\n<h4 class=\"wp-block-heading\">Revendedores viveristas y floristas: qu\u00e9 consejos darles a los clientes de una orqu\u00eddea <em>Phalaenopsis <\/em>para que logren una experiencia exitosa. Manejo h\u00eddrico en el hogar: riego y s\u00edntomas de exceso o de d\u00e9ficit.<\/h4>\n\n<figure class=\"wp-block-image size-large\"><img fetchpriority=\"high\" decoding=\"async\" width=\"1024\" height=\"683\" class=\"wp-image-2643\" src=\"https:\/\/economiayviveros.com.ar\/portada\/wp-content\/uploads\/2025\/11\/Nota-2-Orquidea-1225-G-1024x683.jpg\" alt=\"\" srcset=\"https:\/\/economiayviveros.com.ar\/portada\/wp-content\/uploads\/2025\/11\/Nota-2-Orquidea-1225-G-1024x683.jpg 1024w, https:\/\/economiayviveros.com.ar\/portada\/wp-content\/uploads\/2025\/11\/Nota-2-Orquidea-1225-G-300x200.jpg 300w, https:\/\/economiayviveros.com.ar\/portada\/wp-content\/uploads\/2025\/11\/Nota-2-Orquidea-1225-G-768x512.jpg 768w, https:\/\/economiayviveros.com.ar\/portada\/wp-content\/uploads\/2025\/11\/Nota-2-Orquidea-1225-G.jpg 1200w\" sizes=\"(max-width: 1024px) 100vw, 1024px\" \/>\n<figcaption class=\"wp-element-caption\"><em>Phalaenopsis<\/em>. Foto: Adobe Stock<\/figcaption>\n<\/figure>\n\n<p>La orqu\u00eddea\u00a0<em>Phalaenopsis<\/em>\u00a0ocupa un lugar destacado en la fitodecoraci\u00f3n gracias a su elegancia, resistencia, buena adaptaci\u00f3n a interiores y exteriores protegidos, y floraci\u00f3n prolongada (2\u20133 meses).<\/p>\n\n<p><strong>Origen y h\u00e1bitat natural de la <em>Phalaenopsis<\/em>: claves para reproducir sus condiciones<\/strong><\/p>\n\n<p>Provienen de las selvas tropicales del Sudeste Asi\u00e1tico, donde se desarrollan como plantas ep\u00edfitas. Crecen sobre troncos y ramas sin parasitar, lo que les permite acceder a luz difusa bajo el dosel forestal.<\/p>\n\n<p>El h\u00e1bitat se caracteriza por las siguientes condiciones:<\/p>\n\n<p>&#8211; Temperaturas diurnas entre 24 \u00b0C y 33 \u00b0C (con picos de hasta 35 \u00b0C), y nocturnas entre 16 \u00b0C y 24 \u00b0C, que generan un gradiente t\u00e9rmico favorable a los procesos como la inducci\u00f3n floral.<\/p>\n\n<p>&#8211; Lluvias frecuentes, con pluviometr\u00eda anual entre 1500\u20133000 mm, y humedad relativa promedio del 75\u201385 %.<\/p>\n\n<p>&#8211; Buena ventilaci\u00f3n, con circulaci\u00f3n libre de aire entre las ra\u00edces.<\/p>\n\n<p><strong>Caracter\u00edsticas bot\u00e1nicas de la <em>Phalaenopsis<\/em>: c\u00f3mo reconocer plantas sanas<\/strong><\/p>\n\n<p>Las caracter\u00edsticas bot\u00e1nicas de la <em>Phalaenopsis<\/em> son, al mismo tiempo, su carta de presentaci\u00f3n comercial y una gu\u00eda r\u00e1pida para evaluar su estado sanitario.<\/p>\n\n<p>&#8211; Ra\u00edces a\u00e9reas gruesas y carnosas, recubiertas por velamen.<\/p>\n\n<p>&#8211; Hojas alternas y suculentas.<\/p>\n\n<p>&#8211; Inflorescencias arqueadas, con flores sim\u00e9tricas de larga duraci\u00f3n.<\/p>\n\n<p>&#8211; Ciclo de vida perenne, con alternancia entre fases de crecimiento activo y reposo vegetativo.<\/p>\n\n<ul class=\"wp-block-list\">\n<li><strong>Adaptaciones al estr\u00e9s h\u00eddrico y a la vida ep\u00edfita<\/strong><\/li>\n<\/ul>\n\n<p>Como plantas ep\u00edfitas, no cuentan con un sustrato que retenga agua. Dependen directamente de la captaci\u00f3n de humedad ambiental, las lluvias y la capacidad de sus tejidos para conservarla.<\/p>\n\n<p>&#8211; <strong>Hojas capaces de almacenar agua<\/strong>, con cut\u00edcula cerosa que limita la transpiraci\u00f3n.<\/p>\n\n<p>&#8211; <strong>Estomas deprimidos en la epidermis<\/strong>, que reducen la exposici\u00f3n directa al flujo de aire y disminuyen la velocidad de transpiraci\u00f3n.<\/p>\n\n<p>&#8211; <strong>Fotos\u00edntesis CAM<\/strong> (metabolismo \u00e1cido de las crasul\u00e1ceas), observada en h\u00edbridos comerciales de\u00a0<em>Phalaenopsis<\/em>\u00a0bajo condiciones de estr\u00e9s h\u00eddrico.<\/p>\n\n<p>Este tipo de metabolismo permite la apertura estom\u00e1tica durante la noche, cuando la humedad ambiental es mayor, lo que reduce significativamente la p\u00e9rdida de agua durante el intercambio gaseoso.<\/p>\n\n<p>&#8211; <strong>Velamen radicular<\/strong>: tejido esponjoso que recubre las ra\u00edces. Su funci\u00f3n es absorber r\u00e1pidamente la humedad del aire y la lluvia, y reducir la evaporaci\u00f3n. Aunque no realiza fotos\u00edntesis, protege las c\u00e9lulas internas que s\u00ed pueden participar en ese proceso.\u00a0<\/p>\n<p>Entonces, \u00bfpor qu\u00e9 las ra\u00edces se ven verdes? Al humedecerse, el velamen se vuelve trasl\u00facido y deja ver el c\u00f3rtex subyacente, una regi\u00f3n con clorofila capaz de realizar fotos\u00edntesis, aunque con una contribuci\u00f3n energ\u00e9tica m\u00ednima.\u00a0La funci\u00f3n principal de las ra\u00edces es estructural e hidr\u00e1ulica, por lo que el uso de envases transparentes no es esencial desde el punto de vista fisiol\u00f3gico.<\/p>\n\n<p><strong>Manejo h\u00eddrico en el hogar: riego y s\u00edntomas de exceso o d\u00e9ficit<\/strong><\/p>\n\n<p>Al momento de asesorar a los clientes, se recomienda recordarles que el exceso de humedad en la zona radicular es la causa principal de fracaso en el cultivo dom\u00e9stico de <em>Phalaenopsis<\/em>.<\/p>\n\n<p>El desequilibrio entre la evapotranspiraci\u00f3n de la planta, la frecuencia de riego, la composici\u00f3n del sustrato y el tipo de maceta puede reducir la oxigenaci\u00f3n de las ra\u00edces. Esta condici\u00f3n provoca asfixia radicular, desarrollo de hongos y deterioro general de la planta.<\/p>\n\n<p>El riego debe ser moderado y controlado. Se respetar\u00e1n los ciclos de humedad seguidos por breves per\u00edodos de sequedad. Es fundamental evitar la saturaci\u00f3n continua.\u00a0Frecuencia sugerida: cada 7 a 10 d\u00edas en climas templados; se ajustar\u00e1 la frecuencia seg\u00fan estaci\u00f3n y condiciones ambientales.<\/p>\n\n<p>Indicadores visuales del estado h\u00eddrico:<\/p>\n\n<p>&#8211; <strong>Ra\u00edces verdes<\/strong>: humedad adecuada en el sustrato.<br \/>&#8211; <strong>Ra\u00edces plateadas o gris\u00e1ceas<\/strong>: d\u00e9ficit h\u00eddrico; necesidad de riego.<br \/>&#8211; <strong>Hojas amarillentas o fl\u00e1cidas<\/strong>: posible exceso de agua o estr\u00e9s h\u00eddrico.<br \/>&#8211; <strong>Ra\u00edces blandas, marrones o negras<\/strong>: pudrici\u00f3n radicular por exceso de agua.<br \/>&#8211; <strong>Hojas con p\u00e9rdida de turgencia<\/strong>: saturaci\u00f3n h\u00eddrica prolongada.<br \/>&#8211; <strong>Hongos, mal olor o pudrici\u00f3n<\/strong>: riego excesivo.<\/p>\n\n<p><strong>Sustratos y tipos de macetas recomendados para las orqu\u00eddeas ep\u00edfitas<\/strong><\/p>\n\n<p>El sustrato debe priorizar drenaje, aireaci\u00f3n y retenci\u00f3n moderada de humedad, sin compactaci\u00f3n.<\/p>\n\n<p>&#8211; <strong>Corteza de madera<\/strong>: aireaci\u00f3n; drenaje; soporte para ra\u00edces. Porcentaje sugerido: 50-60.<br \/>&#8211; <strong>Musgo sphagnum<\/strong>: retenci\u00f3n de humedad sin encharcar. Porcentaje sugerido: 20-30.<br \/>&#8211; <strong>Carb\u00f3n vegetal<\/strong>: absorbe impurezas; previene hogos. Porcentaje sugerido: 10-15.<br \/>&#8211; <strong>Perlita<\/strong>: mejora aireaci\u00f3n y drenaje; evita compactaci\u00f3n. Porcentaje sugerido: 10-15.<br \/>&#8211; <strong>Fibra de coco<\/strong> (opcional): retiene humedad y mejora la estructura del sustrato\u00a0-porcentaje sugerido: variable, seg\u00fan necesidad-.<\/p>\n\n<p>El recipiente debe priorizar el drenaje libre y favorecer una humedad controlada del sustrato.<\/p>\n\n<p>&#8211; <strong>Pl\u00e1stico transparente<\/strong>: permite observar ra\u00edces y humedad. Puede retener humedad excesiva si no tiene buen drenaje y orificios laterales.<br \/>&#8211; <strong>Arcilla<\/strong>: buena aireaci\u00f3n y evaporaci\u00f3n del exceso de humedad. Puede secarse demasiado r\u00e1pido o retener mucha humedad si es esmaltada.<br \/>&#8211; <strong>De rejilla<\/strong>: m\u00e1xima aireaci\u00f3n. Requiere control riguroso del riego.<br \/>&#8211; <strong>Con fibra de coco<\/strong>: buen drenaje y aireaci\u00f3n. Las ra\u00edces atraviesan el material y se exponen al aire. Dif\u00edcil extracci\u00f3n en trasplantes.<br \/>&#8211; <strong>Vidrio<\/strong>: est\u00e9tica moderna. Retenci\u00f3n excesiva de humedad; cambios t\u00e9rmicos bruscos.<\/p>\n\n<p><strong>Conclusi\u00f3n<\/strong><\/p>\n\n<p>El cultivo dom\u00e9stico de\u00a0<em>Phalaenopsis<\/em>\u00a0re\u00fane arte y t\u00e9cnica; conocimiento e intuici\u00f3n. Adem\u00e1s de embellecer los espacios con su elegancia natural, invita a desarrollar una sensibilidad bot\u00e1nica que conecta al cultivador con los ritmos de la planta y su entorno, de forma consciente y respetuosa.<\/p>\n\t\t\t\t\t\t\t\t<\/div>\n\t\t\t\t<\/div>\n\t\t\t\t\t<\/div>\n\t\t\t\t<\/div>\n\t\t<div class=\"elementor-element elementor-element-22fd097 e-flex e-con-boxed e-con e-parent\" data-id=\"22fd097\" data-element_type=\"container\">\n\t\t\t\t\t<div class=\"e-con-inner\">\n\t\t\t\t<div class=\"elementor-element elementor-element-3e8dd9f elementor-widget elementor-widget-text-editor\" data-id=\"3e8dd9f\" data-element_type=\"widget\" data-widget_type=\"text-editor.default\">\n\t\t\t\t<div class=\"elementor-widget-container\">\n\t\t\t\t\t\t\t\t\t<h1><span style=\"color: #333333;\">Sobre el autor<\/span><\/h1>\t\t\t\t\t\t\t\t<\/div>\n\t\t\t\t<\/div>\n\t\t\t\t\t<\/div>\n\t\t\t\t<\/div>\n\t\t<div class=\"elementor-element elementor-element-e7b2287 e-flex e-con-boxed e-con e-parent\" data-id=\"e7b2287\" data-element_type=\"container\">\n\t\t\t\t\t<div class=\"e-con-inner\">\n\t\t\t\t<div class=\"elementor-element elementor-element-0799b07 elementor-author-box--link-yes elementor-author-box--avatar-yes elementor-author-box--name-yes elementor-author-box--biography-yes elementor-widget elementor-widget-author-box\" data-id=\"0799b07\" data-element_type=\"widget\" data-widget_type=\"author-box.default\">\n\t\t\t\t<div class=\"elementor-widget-container\">\n\t\t\t\t\t\t\t<div class=\"elementor-author-box\">\n\t\t\t\t\t\t\t<a href=\"https:\/\/economiayviveros.com.ar\/portada\/author\/oscar-j-herrera\/\" class=\"elementor-author-box__avatar\">\n\t\t\t\t\t<img decoding=\"async\" src=\"https:\/\/economiayviveros.com.ar\/portada\/wp-content\/uploads\/2025\/01\/Oscar-Herrera-300x300.jpg\" alt=\"Picture of Oscar J. Herrera\" loading=\"lazy\">\n\t\t\t\t<\/a>\n\t\t\t\n\t\t\t<div class=\"elementor-author-box__text\">\n\t\t\t\t\t\t\t\t\t<a href=\"https:\/\/economiayviveros.com.ar\/portada\/author\/oscar-j-herrera\/\">\n\t\t\t\t\t\t<h4 class=\"elementor-author-box__name\">\n\t\t\t\t\t\t\tOscar J. Herrera\t\t\t\t\t\t<\/h4>\n\t\t\t\t\t<\/a>\n\t\t\t\t\n\t\t\t\t\t\t\t\t\t<div class=\"elementor-author-box__bio\">\n\t\t\t\t\t\tIngeniero agr\u00f3nomo. \r\nExdocente C\u00e1tedra Floricultura, FAUBA. \r\nAsesor t\u00e9cnico.\t\t\t\t\t<\/div>\n\t\t\t\t\n\t\t\t\t\t\t\t\t\t<a class=\"elementor-author-box__button elementor-button elementor-size-xs\" href=\"https:\/\/economiayviveros.com.ar\/portada\/author\/oscar-j-herrera\/\">\n\t\t\t\t\t\tM\u00e1s notas\t\t\t\t\t<\/a>\n\t\t\t\t\t\t\t<\/div>\n\t\t<\/div>\n\t\t\t\t\t\t<\/div>\n\t\t\t\t<\/div>\n\t\t\t\t\t<\/div>\n\t\t\t\t<\/div>\n\t\t\t\t<\/div>\n\t\t","protected":false},"excerpt":{"rendered":"<p>Revendedores viveristas y floristas: qu\u00e9 consejos darles a los clientes de una orqu\u00eddea Phalaenopsis para que logren una experiencia exitosa. Manejo h\u00eddrico en el hogar: riego y s\u00edntomas de exceso o de d\u00e9ficit.<\/p>\n","protected":false},"author":6,"featured_media":2643,"comment_status":"closed","ping_status":"open","sticky":false,"template":"","format":"standard","meta":{"iawp_total_views":54,"footnotes":""},"categories":[5],"tags":[],"class_list":["post-2669","post","type-post","status-publish","format-standard","has-post-thumbnail","hentry","category-ciencia-arte"],"_links":{"self":[{"href":"https:\/\/economiayviveros.com.ar\/portada\/wp-json\/wp\/v2\/posts\/2669","targetHints":{"allow":["GET"]}}],"collection":[{"href":"https:\/\/economiayviveros.com.ar\/portada\/wp-json\/wp\/v2\/posts"}],"about":[{"href":"https:\/\/economiayviveros.com.ar\/portada\/wp-json\/wp\/v2\/types\/post"}],"author":[{"embeddable":true,"href":"https:\/\/economiayviveros.com.ar\/portada\/wp-json\/wp\/v2\/users\/6"}],"replies":[{"embeddable":true,"href":"https:\/\/economiayviveros.com.ar\/portada\/wp-json\/wp\/v2\/comments?post=2669"}],"version-history":[{"count":10,"href":"https:\/\/economiayviveros.com.ar\/portada\/wp-json\/wp\/v2\/posts\/2669\/revisions"}],"predecessor-version":[{"id":2752,"href":"https:\/\/economiayviveros.com.ar\/portada\/wp-json\/wp\/v2\/posts\/2669\/revisions\/2752"}],"wp:featuredmedia":[{"embeddable":true,"href":"https:\/\/economiayviveros.com.ar\/portada\/wp-json\/wp\/v2\/media\/2643"}],"wp:attachment":[{"href":"https:\/\/economiayviveros.com.ar\/portada\/wp-json\/wp\/v2\/media?parent=2669"}],"wp:term":[{"taxonomy":"category","embeddable":true,"href":"https:\/\/economiayviveros.com.ar\/portada\/wp-json\/wp\/v2\/categories?post=2669"},{"taxonomy":"post_tag","embeddable":true,"href":"https:\/\/economiayviveros.com.ar\/portada\/wp-json\/wp\/v2\/tags?post=2669"}],"curies":[{"name":"wp","href":"https:\/\/api.w.org\/{rel}","templated":true}]}}