{"id":2661,"date":"2025-11-30T20:54:44","date_gmt":"2025-11-30T23:54:44","guid":{"rendered":"https:\/\/economiayviveros.com.ar\/portada\/?p=2661"},"modified":"2025-12-01T20:20:45","modified_gmt":"2025-12-01T23:20:45","slug":"intuicion-en-la-floricultura-como-mejorar-las-decisiones-de-cultivo","status":"publish","type":"post","link":"https:\/\/economiayviveros.com.ar\/portada\/intuicion-en-la-floricultura-como-mejorar-las-decisiones-de-cultivo\/","title":{"rendered":"Intuici\u00f3n en la floricultura. C\u00f3mo mejorar las decisiones de cultivo"},"content":{"rendered":"\t\t<div data-elementor-type=\"wp-post\" data-elementor-id=\"2661\" class=\"elementor elementor-2661\" data-elementor-post-type=\"post\">\n\t\t\t\t<div class=\"elementor-element elementor-element-25d0772d e-flex e-con-boxed e-con e-parent\" data-id=\"25d0772d\" data-element_type=\"container\">\n\t\t\t\t\t<div class=\"e-con-inner\">\n\t\t\t\t<div class=\"elementor-element elementor-element-7c069258 elementor-widget elementor-widget-text-editor\" data-id=\"7c069258\" data-element_type=\"widget\" data-widget_type=\"text-editor.default\">\n\t\t\t\t<div class=\"elementor-widget-container\">\n\t\t\t\t\t\t\t\t\t\n<h4 class=\"wp-block-heading\">Qu\u00e9 es la <em>intuici\u00f3n experta<\/em> y por qu\u00e9 importa en la producci\u00f3n flor\u00edcola. Por qu\u00e9 las fichas de cultivo no alcanzan en los viveros comerciales. Seis pr\u00e1cticas para entrenar la intuici\u00f3n del productor.<\/h4>\n\n<figure class=\"wp-block-image size-large\"><img fetchpriority=\"high\" decoding=\"async\" width=\"1024\" height=\"683\" class=\"wp-image-2642\" src=\"https:\/\/economiayviveros.com.ar\/portada\/wp-content\/uploads\/2025\/11\/Nota-2-Intuicion-1225-G-1024x683.jpg\" alt=\"\" srcset=\"https:\/\/economiayviveros.com.ar\/portada\/wp-content\/uploads\/2025\/11\/Nota-2-Intuicion-1225-G-1024x683.jpg 1024w, https:\/\/economiayviveros.com.ar\/portada\/wp-content\/uploads\/2025\/11\/Nota-2-Intuicion-1225-G-300x200.jpg 300w, https:\/\/economiayviveros.com.ar\/portada\/wp-content\/uploads\/2025\/11\/Nota-2-Intuicion-1225-G-768x512.jpg 768w, https:\/\/economiayviveros.com.ar\/portada\/wp-content\/uploads\/2025\/11\/Nota-2-Intuicion-1225-G.jpg 1200w\" sizes=\"(max-width: 1024px) 100vw, 1024px\" \/>\n<figcaption class=\"wp-element-caption\">Foto: <em>Econom\u00eda &amp; Viveros<\/em><\/figcaption>\n<\/figure>\n\n<p>La floricultura moderna se basa en principios cient\u00edficos y protocolos t\u00e9cnicos. Sin embargo, la toma de decisiones en entornos complejos no depende \u00fanicamente del razonamiento l\u00f3gico, sino tambi\u00e9n de procesos intuitivos (1).<\/p>\n\n<p>Lejos de considerarse un fen\u00f3meno m\u00edstico, la intuici\u00f3n se entiende como una s\u00edntesis de experiencia, observaci\u00f3n y sensibilidad hacia el entorno (2). En este contexto, la intuici\u00f3n experta adquiere relevancia: una habilidad que se desarrolla mediante pr\u00e1ctica y aprendizaje acumulado, y permite respuestas r\u00e1pidas y precisas en escenarios cambiantes (3). Comprender su papel es esencial para avanzar hacia pr\u00e1cticas sostenibles y adaptativas.<\/p>\n\n<p><strong>Qu\u00e9 es la intuici\u00f3n experta y por qu\u00e9 importa en la producci\u00f3n flor\u00edcola<\/strong><\/p>\n\n<p>La intuici\u00f3n se define como <em>una comprensi\u00f3n inmediata que no requiere an\u00e1lisis racional<\/em> (4). En floricultura, esta capacidad se traduce en decisiones anticipadas, como por ejemplo, ajustar el riego o detectar signos de estr\u00e9s vegetal antes de que existan indicadores cuantitativos. La literatura distingue entre intuici\u00f3n b\u00e1sica e intuici\u00f3n experta, esta \u00faltima sustentada en el reconocimiento de patrones y conocimiento t\u00e1cito adquirido con el tiempo (3, 5).<\/p>\n\n<p>En sistemas flor\u00edcolas, la intuici\u00f3n experta permite interpretar se\u00f1ales sutiles \u2014como cambios en el color del sustrato o el vigor foliar\u2014 y anticipar ajustes oportunos, complementando la racionalidad t\u00e9cnica en entornos inciertos. Desde la perspectiva de la neurobiolog\u00eda vegetal, se ha propuesto que la percepci\u00f3n en torno a las plantas involucra mecanismos adaptativos basados en plasticidad fisiol\u00f3gica y memoria epigen\u00e9tica (6), lo que exige una observaci\u00f3n constante y sensible por parte del cultivador (7).<\/p>\n\n<p><strong>Por qu\u00e9 las fichas de cultivo no alcanzan en los viveros<\/strong><\/p>\n<p>Las gu\u00edas de cultivo ofrecen par\u00e1metros generales \u00fatiles, pero no contemplan la totalidad de variables presentes en sistemas flor\u00edcolas reales. Algunos factores tales como microclima, humedad del sustrato, respuesta varietal y din\u00e1mica de plagas cambian continuamente y configuran entornos complejos y no lineales, que requieren ajustes din\u00e1micos y una interpretaci\u00f3n m\u00e1s all\u00e1 de lo prescrito.<\/p>\n\n<p>En este escenario, la intuici\u00f3n experta act\u00faa como conocimiento t\u00e1cito derivado de la experiencia acumulada y la percepci\u00f3n sensorial, y permite respuestas r\u00e1pidas y situadas.<\/p>\n\n<p>Esta capacidad integra informaci\u00f3n incompleta, reduce la dependencia de datos exactos y complementa la racionalidad t\u00e9cnica en condiciones de incertidumbre, como representan las variaciones clim\u00e1ticas, las fluctuaciones de mercado o la aparici\u00f3n de plagas emergentes.<\/p>\n\n<p>El enfoque se vincula con propuestas orientadas a la toma de decisiones robustas (Robust Decision Making) frente al cambio clim\u00e1tico, entendida como una t\u00e9cnica que busca soluciones adaptativas eficaces en m\u00faltiples escenarios inciertos, reforzando la necesidad de estrategias flexibles en horticultura (8). Adem\u00e1s, promueve una relaci\u00f3n m\u00e1s arm\u00f3nica entre el ser humano y la naturaleza, basada en principios de observaci\u00f3n, respeto y adaptaci\u00f3n. Lo dicho reduce la l\u00f3gica extractiva y favorece la coevoluci\u00f3n entre pr\u00e1cticas agr\u00edcolas y procesos ecosist\u00e9micos.<\/p>\n\n<p><strong>Seis pr\u00e1cticas para entrenar la intuici\u00f3n del productor flor\u00edcola<\/strong><\/p>\n<p>El desarrollo de la intuici\u00f3n experta no ocurre de manera espont\u00e1nea; requiere pr\u00e1cticas conscientes que fortalezcan la observaci\u00f3n y la experiencia. M\u00e1s que aprender t\u00e9cnicas, implica aprehender la l\u00f3gica del sistema hort\u00edcola: interiorizar sus din\u00e1micas, comprender sus interacciones y responder con sensibilidad y criterio en escenarios cambiantes.<\/p>\n\n<p>Las siguientes claves, basadas en enfoques de aprendizaje experiencial, permiten afinar la percepci\u00f3n y mejorar la toma de decisiones:<\/p>\n\n<p><strong>&#8211; Observaci\u00f3n consciente<\/strong>: Dedicar tiempo a observar las plantas sin intervenir, para captar detalles morfol\u00f3gicos y fisiol\u00f3gicos que indiquen cambios en su estado.<\/p>\n\n<p><strong>&#8211; Escucha del entorno<\/strong>: Interpretar se\u00f1ales del clima, suelo, fauna asociada y sonidos ambientales como parte del diagn\u00f3stico integral del sistema.<\/p>\n\n<p><strong>&#8211; Registro de experiencias<\/strong>: Documentar riegos, floraciones, enfermedades y cambios estacionales, con el objetivo de identificar patrones que revelen relaciones entre pr\u00e1cticas y respuestas de las plantas.<\/p>\n\n<p><strong>&#8211; Confianza en la percepci\u00f3n<\/strong>: Reconocer se\u00f1ales sutiles y actuar ante indicios tempranos de desequilibrio, incluso cuando no existan datos cuantitativos concluyentes.<\/p>\n\n<p><strong>&#8211; V\u00ednculo sensorial y emocional<\/strong>: Interactuar con las plantas para afinar la sensibilidad y fortalecer la interpretaci\u00f3n intuitiva de su comportamiento.<\/p>\n\n<p><strong>&#8211; Aprendizaje compartido<\/strong>: Intercambiar experiencias con otros cultivadores para ampliar perspectivas y enriquecer el conocimiento t\u00e1cito (9).<\/p>\n\n<p><strong>* Caso aplicado: intuici\u00f3n y manejo de orqu\u00eddeas<\/strong><\/p>\n<p>Las orqu\u00eddeas presentan requerimientos espec\u00edficos de luz, humedad y ventilaci\u00f3n, pero su respuesta a condiciones microambientales exige ajustes que no siempre se encuentran en manuales.<\/p>\n\n<p>Aqu\u00ed, la interpretaci\u00f3n intuitiva experta de se\u00f1ales fisiol\u00f3gicas como el color de las ra\u00edces y la turgencia foliar resulta clave. Aunque estos indicadores son objetivos, la decisi\u00f3n sobre cu\u00e1ndo intervenir depende de la capacidad del cultivador para integrar estas se\u00f1ales con factores ambientales y experiencias previas.<\/p>\n\n<p>Algunos estudios sobre fisiolog\u00eda de orqu\u00eddeas ep\u00edfitas confirman que determinados cambios en el estado h\u00eddrico foliar y en la estructura radicular son respuestas adaptativas frente a variaciones ambientales (10, 11).<\/p>\n\n<p>Esta pr\u00e1ctica, sustentada en observaci\u00f3n y sensibilidad, complementa el conocimiento t\u00e9cnico y permite ajustes precisos en escenarios en los cuales las condiciones var\u00edan y las gu\u00edas generales no son suficientes.<\/p>\n\n<p><strong>Integrar ciencia, datos e intuici\u00f3n para una floricultura m\u00e1s rentable y sostenible<\/strong><\/p>\n<p>La intuici\u00f3n, entendida como un proceso de percepci\u00f3n no racional sustentado en experiencia y observaci\u00f3n, constituye un recurso estrat\u00e9gico en la horticultura contempor\u00e1nea.<\/p>\n\n<p>Su integraci\u00f3n en la toma de decisiones complementa la racionalidad t\u00e9cnica, aportando flexibilidad y capacidad adaptativa frente a la variabilidad inherente a los sistemas productivos.<\/p>\n\n<p>Este enfoque no reemplaza los fundamentos cient\u00edficos, sino que los ampl\u00eda mediante la incorporaci\u00f3n de conocimiento t\u00e1cito y sensibilidad hacia el entorno. Dicha articulaci\u00f3n no solo optimiza la gesti\u00f3n flor\u00edcola, sino que contribuye a la construcci\u00f3n de modelos productivos m\u00e1s sostenibles y adaptativos, alineados con principios de diversidad y equilibrio ecol\u00f3gico.<\/p>\n<p>\u00a0<\/p>\n\n<p><strong>Bibliograf\u00eda<\/strong><\/p>\n\n<p><a href=\"https:\/\/repository.usta.edu.co\/server\/api\/core\/bitstreams\/06a50e55-02a1-4569-8ab8-2b89531fc662\/content\" target=\"_blank\" rel=\"noreferrer noopener\">1) Ostos-Ortiz, O. L., &amp; Aparicio-G\u00f3mez, O. Y. (2020). <em>Bases cient\u00edficas de la intuici\u00f3n<\/em>. Universidad Santo Tom\u00e1s.<\/a><\/p>\n\n<p><a href=\"https:\/\/www.revistacienciasunam.com\/es\/196-revistas\/revista-ciencias-47\/1868-la-intuicion-en-la-investigacion-cientifica.html\" target=\"_blank\" rel=\"noreferrer noopener\">2) Galindo Almanza, S. (1997). La intuici\u00f3n en la investigaci\u00f3n cient\u00edfica. <em>Ciencias<\/em>, 47, 58\u201361.<\/a><\/p>\n\n<p><a href=\"https:\/\/www.redalyc.org\/pdf\/166\/16620599006.pdf\" target=\"_blank\" rel=\"noreferrer noopener\">3) Corrales Navarro, E. (2010). La intuici\u00f3n como proceso cognitivo. <em>Revista Comunicaci\u00f3n<\/em>, 19(2), 33\u201342.<\/a><\/p>\n\n<p><a href=\"https:\/\/www.researchgate.net\/publication\/272350415_La_intuicion_como_parte_de_la_actividad_cientifica\" target=\"_blank\" rel=\"noreferrer noopener\">4) Dom\u00ednguez Ch\u00e1vez, J. (2015). La intuici\u00f3n como parte de la actividad cient\u00edfica. <em>UPT-Aragua<\/em>.<\/a><\/p>\n\n<p><a href=\"http:\/\/revistaneurociencias.com\/index.php\/RNNN\/article\/view\/430\/348\" target=\"_blank\" rel=\"noreferrer noopener\">5) Ruiz Ortega, F., &amp; \u00c1lvarez R\u00edos, J. N. (2022). La toma de decisiones como proceso y resultado. <em>Revista NNN<\/em>, 22(1), 131\u2013148.<\/a><\/p>\n\n<p><a href=\"https:\/\/doi.org\/10.1093\/aob\/mcz155\" target=\"_blank\" rel=\"noreferrer noopener\">6) Calvo, P., Gagliano, M., Souza, G., &amp; Trewavas, A. (2020). Plants are intelligent, here\u2019s how. <em>Annals of Botany<\/em>, 125(1), 11\u201328.<\/a><\/p>\n\n<p><a href=\"https:\/\/doi.org\/10.1038\/srep38427\" target=\"_blank\" rel=\"noreferrer noopener\">7) Gagliano, M., Vyazovskiy, V. V., Borb\u00e9ly, A. A., Grimonprez, M., &amp; Depczynski, M. (2016). Learning by association in plants. <em>Scientific Reports<\/em>, 6, 38427.<\/a><\/p>\n\n<p><a href=\"https:\/\/revistas.uptc.edu.co\/index.php\/ciencia_agricultura\/article\/view\/18788\/16075\" target=\"_blank\" rel=\"noreferrer noopener\">8) Burbano-Figueroa, O. (2025). Enfrentar la incertidumbre en la agricultura: una gu\u00eda introductoria a la toma de decisiones robusta frente al cambio clim\u00e1tico. <em>Ciencia agr\u00edcola<\/em>, 22(1), 1\u201322.<\/a><\/p>\n\n<p><a href=\"https:\/\/ru.iiec.unam.mx\/3221\/1\/018-Tamayo-Cruz-Munguia.pdf\" target=\"_blank\" rel=\"noreferrer noopener\">9) Tamayo Manrique, J. M., Cruz Carrasco, C., &amp; Mungu\u00eda Gil, A. (2020). Los conocimientos tradicionales y la agricultura moderna: caso Dzidzant\u00fan, Yucat\u00e1n y Huatusco, Veracruz. <em>21\u00b0 Encuentro Nacional sobre Desarrollo Regional en M\u00e9xico<\/em>.<\/a><\/p>\n\n<p><a href=\"https:\/\/www.scielo.org.mx\/scielo.php?script=sci_arttext&amp;pid=S2007-42982014000400012\" target=\"_blank\" rel=\"noreferrer noopener\">10) De la Rosa-Manzano, E., Andrade, J. L., Zotz, G., &amp; Reyes-Garc\u00eda, C. (2014). Respuestas fisiol\u00f3gicas a la sequ\u00eda de cinco especies de orqu\u00eddeas ep\u00edfitas en dos selvas secas de la pen\u00ednsula de Yucat\u00e1n. <em>Botanical Sciences<\/em>, 92(4), 545\u2013556.<\/a><\/p>\n\n<p><a href=\"https:\/\/www.scielo.org.mx\/scielo.php?script=sci_arttext&amp;pid=S0187-73802019000400419\" target=\"_blank\" rel=\"noreferrer noopener\">11) Jim\u00e9nez-Pe\u00f1a, N., Sandoval-Villa, M., Volke-Haller, V. H., Pedraza-Santos, M., &amp; Colinas-Le\u00f3n, M. T. (2019). La soluci\u00f3n nutritiva modifica el crecimiento de dos especies de orqu\u00eddeas. <em>Revista Fitotecnia Mexicana<\/em>, 42(4), 419\u2013427.<\/a><\/p>\n\n<p>\u00a0<\/p>\n\t\t\t\t\t\t\t\t<\/div>\n\t\t\t\t<\/div>\n\t\t\t\t\t<\/div>\n\t\t\t\t<\/div>\n\t\t<div class=\"elementor-element elementor-element-6da0a41 e-flex e-con-boxed e-con e-parent\" data-id=\"6da0a41\" data-element_type=\"container\">\n\t\t\t\t\t<div class=\"e-con-inner\">\n\t\t\t\t<div class=\"elementor-element elementor-element-972361d elementor-widget elementor-widget-text-editor\" data-id=\"972361d\" data-element_type=\"widget\" data-widget_type=\"text-editor.default\">\n\t\t\t\t<div class=\"elementor-widget-container\">\n\t\t\t\t\t\t\t\t\t<h1><span style=\"color: #333333;\">Sobre el autor<\/span><\/h1>\t\t\t\t\t\t\t\t<\/div>\n\t\t\t\t<\/div>\n\t\t\t\t\t<\/div>\n\t\t\t\t<\/div>\n\t\t<div class=\"elementor-element elementor-element-51c967a e-flex e-con-boxed e-con e-parent\" data-id=\"51c967a\" data-element_type=\"container\">\n\t\t\t\t\t<div class=\"e-con-inner\">\n\t\t\t\t<div class=\"elementor-element elementor-element-cc3d8de elementor-author-box--link-yes elementor-author-box--avatar-yes elementor-author-box--name-yes elementor-author-box--biography-yes elementor-widget elementor-widget-author-box\" data-id=\"cc3d8de\" data-element_type=\"widget\" data-widget_type=\"author-box.default\">\n\t\t\t\t<div class=\"elementor-widget-container\">\n\t\t\t\t\t\t\t<div class=\"elementor-author-box\">\n\t\t\t\t\t\t\t<a href=\"https:\/\/economiayviveros.com.ar\/portada\/author\/oscar-j-herrera\/\" class=\"elementor-author-box__avatar\">\n\t\t\t\t\t<img decoding=\"async\" src=\"https:\/\/economiayviveros.com.ar\/portada\/wp-content\/uploads\/2025\/01\/Oscar-Herrera-300x300.jpg\" alt=\"Picture of Oscar J. Herrera\" loading=\"lazy\">\n\t\t\t\t<\/a>\n\t\t\t\n\t\t\t<div class=\"elementor-author-box__text\">\n\t\t\t\t\t\t\t\t\t<a href=\"https:\/\/economiayviveros.com.ar\/portada\/author\/oscar-j-herrera\/\">\n\t\t\t\t\t\t<h4 class=\"elementor-author-box__name\">\n\t\t\t\t\t\t\tOscar J. Herrera\t\t\t\t\t\t<\/h4>\n\t\t\t\t\t<\/a>\n\t\t\t\t\n\t\t\t\t\t\t\t\t\t<div class=\"elementor-author-box__bio\">\n\t\t\t\t\t\tIngeniero agr\u00f3nomo. \r\nExdocente C\u00e1tedra Floricultura, FAUBA. \r\nAsesor t\u00e9cnico.\t\t\t\t\t<\/div>\n\t\t\t\t\n\t\t\t\t\t\t\t\t\t<a class=\"elementor-author-box__button elementor-button elementor-size-xs\" href=\"https:\/\/economiayviveros.com.ar\/portada\/author\/oscar-j-herrera\/\">\n\t\t\t\t\t\tM\u00e1s notas\t\t\t\t\t<\/a>\n\t\t\t\t\t\t\t<\/div>\n\t\t<\/div>\n\t\t\t\t\t\t<\/div>\n\t\t\t\t<\/div>\n\t\t\t\t\t<\/div>\n\t\t\t\t<\/div>\n\t\t\t\t<\/div>\n\t\t","protected":false},"excerpt":{"rendered":"<p>Qu\u00e9 es la intuici\u00f3n experta y por qu\u00e9 importa en la producci\u00f3n flor\u00edcola. Por qu\u00e9 las fichas de cultivo no alcanzan en los viveros comerciales. Seis pr\u00e1cticas para entrenar la intuici\u00f3n del productor.<\/p>\n","protected":false},"author":6,"featured_media":2642,"comment_status":"closed","ping_status":"open","sticky":false,"template":"","format":"standard","meta":{"iawp_total_views":30,"footnotes":""},"categories":[5],"tags":[],"class_list":["post-2661","post","type-post","status-publish","format-standard","has-post-thumbnail","hentry","category-ciencia-arte"],"_links":{"self":[{"href":"https:\/\/economiayviveros.com.ar\/portada\/wp-json\/wp\/v2\/posts\/2661","targetHints":{"allow":["GET"]}}],"collection":[{"href":"https:\/\/economiayviveros.com.ar\/portada\/wp-json\/wp\/v2\/posts"}],"about":[{"href":"https:\/\/economiayviveros.com.ar\/portada\/wp-json\/wp\/v2\/types\/post"}],"author":[{"embeddable":true,"href":"https:\/\/economiayviveros.com.ar\/portada\/wp-json\/wp\/v2\/users\/6"}],"replies":[{"embeddable":true,"href":"https:\/\/economiayviveros.com.ar\/portada\/wp-json\/wp\/v2\/comments?post=2661"}],"version-history":[{"count":10,"href":"https:\/\/economiayviveros.com.ar\/portada\/wp-json\/wp\/v2\/posts\/2661\/revisions"}],"predecessor-version":[{"id":2749,"href":"https:\/\/economiayviveros.com.ar\/portada\/wp-json\/wp\/v2\/posts\/2661\/revisions\/2749"}],"wp:featuredmedia":[{"embeddable":true,"href":"https:\/\/economiayviveros.com.ar\/portada\/wp-json\/wp\/v2\/media\/2642"}],"wp:attachment":[{"href":"https:\/\/economiayviveros.com.ar\/portada\/wp-json\/wp\/v2\/media?parent=2661"}],"wp:term":[{"taxonomy":"category","embeddable":true,"href":"https:\/\/economiayviveros.com.ar\/portada\/wp-json\/wp\/v2\/categories?post=2661"},{"taxonomy":"post_tag","embeddable":true,"href":"https:\/\/economiayviveros.com.ar\/portada\/wp-json\/wp\/v2\/tags?post=2661"}],"curies":[{"name":"wp","href":"https:\/\/api.w.org\/{rel}","templated":true}]}}