{"id":2651,"date":"2025-11-30T20:41:18","date_gmt":"2025-11-30T23:41:18","guid":{"rendered":"https:\/\/economiayviveros.com.ar\/portada\/?p=2651"},"modified":"2025-11-30T22:05:15","modified_gmt":"2025-12-01T01:05:15","slug":"vivero-alma-botanica-productor-de-herbaceas","status":"publish","type":"post","link":"https:\/\/economiayviveros.com.ar\/portada\/vivero-alma-botanica-productor-de-herbaceas\/","title":{"rendered":"Vivero Alma Bot\u00e1nica: productor de herb\u00e1ceas"},"content":{"rendered":"\t\t<div data-elementor-type=\"wp-post\" data-elementor-id=\"2651\" class=\"elementor elementor-2651\" data-elementor-post-type=\"post\">\n\t\t\t\t<div class=\"elementor-element elementor-element-6f3604d2 e-flex e-con-boxed e-con e-parent\" data-id=\"6f3604d2\" data-element_type=\"container\">\n\t\t\t\t\t<div class=\"e-con-inner\">\n\t\t\t\t<div class=\"elementor-element elementor-element-602d885e elementor-widget elementor-widget-text-editor\" data-id=\"602d885e\" data-element_type=\"widget\" data-widget_type=\"text-editor.default\">\n\t\t\t\t<div class=\"elementor-widget-container\">\n\t\t\t\t\t\t\t\t\t\n<h4 class=\"wp-block-heading\">EMPRESAS Este vivero, rodeado de mar y vientos -como describe su propietaria, Leticia Larsen-, ofrece plantas adaptadas al clima de Chapadmalal (Buenos Aires). Con\u00f3celo.<\/h4>\n\n\n\n<figure class=\"wp-block-image size-large\"><img fetchpriority=\"high\" decoding=\"async\" width=\"1024\" height=\"683\" src=\"https:\/\/economiayviveros.com.ar\/portada\/wp-content\/uploads\/2025\/11\/Experiencias-Alma-1225-G-1024x683.jpg\" alt=\"\" class=\"wp-image-2639\" srcset=\"https:\/\/economiayviveros.com.ar\/portada\/wp-content\/uploads\/2025\/11\/Experiencias-Alma-1225-G-1024x683.jpg 1024w, https:\/\/economiayviveros.com.ar\/portada\/wp-content\/uploads\/2025\/11\/Experiencias-Alma-1225-G-300x200.jpg 300w, https:\/\/economiayviveros.com.ar\/portada\/wp-content\/uploads\/2025\/11\/Experiencias-Alma-1225-G-768x512.jpg 768w, https:\/\/economiayviveros.com.ar\/portada\/wp-content\/uploads\/2025\/11\/Experiencias-Alma-1225-G.jpg 1200w\" sizes=\"(max-width: 1024px) 100vw, 1024px\" \/><\/figure>\n\n\n\n<p><strong>Presenta: Leticia Larsen (43)<\/strong><\/p>\n\n\n\n<p>En el coraz\u00f3n de Chapadmalal (Buenos Aires), rodeado por el mar y los vientos costeros, naci\u00f3 Vivero Alma Bot\u00e1nica, un espacio dedicado a la producci\u00f3n y venta de plantas adaptadas al clima del sudeste bonaerense.<\/p>\n\n\n\n<p>Lo que comenz\u00f3 como una peque\u00f1a colecci\u00f3n de herb\u00e1ceas y arbustos se transform\u00f3 en un proyecto integral que combina conocimiento, amor por la naturaleza y una mirada sustentable.<\/p>\n\n\n\n<p>Impulsa una propuesta diferente: no solo vender plantas, sino, tambi\u00e9n, acompa\u00f1ar a cada cliente en el dise\u00f1o de jardines que crean microclimas y multiplican la biodiversidad. Aqu\u00ed se cultivan especies resistentes al viento, la salinidad y las bajas temperaturas, y se refleja el compromiso ecol\u00f3gico al no utilizar fertilizantes ni agroqu\u00edmicos.<\/p>\n\n\n\n<p>Con producci\u00f3n propia de herb\u00e1ceas y una amplia variedad de arbustos y \u00e1rboles, nuestro vivero se ha convertido en un referente local por su atenci\u00f3n personalizada, su enfoque educativo y su compromiso con una jardiner\u00eda consciente. Es aquella que celebra los ritmos de la naturaleza y propone disfrutar del jard\u00edn como un espacio de bienestar y conexi\u00f3n.<\/p>\n\n\n\n<ul class=\"wp-block-list\">\n<li>Con\u00f3celos <a href=\"https:\/\/www.instagram.com\/viveroalmabotanica?igsh=MWRud2FvamtjeDE2Mg==\" target=\"_blank\" rel=\"noreferrer noopener\">@Viveroalmabotanica<\/a><\/li>\n<\/ul>\n\n\n\n<p><\/p>\n\t\t\t\t\t\t\t\t<\/div>\n\t\t\t\t<\/div>\n\t\t\t\t\t<\/div>\n\t\t\t\t<\/div>\n\t\t<div class=\"elementor-element elementor-element-ecb047c e-flex e-con-boxed e-con e-parent\" data-id=\"ecb047c\" data-element_type=\"container\">\n\t\t\t\t\t<div class=\"e-con-inner\">\n\t\t\t\t<div class=\"elementor-element elementor-element-062e099 elementor-widget elementor-widget-text-editor\" data-id=\"062e099\" data-element_type=\"widget\" data-widget_type=\"text-editor.default\">\n\t\t\t\t<div class=\"elementor-widget-container\">\n\t\t\t\t\t\t\t\t\t<h1><span style=\"color: #333333;\">Sobre el autor<\/span><\/h1>\t\t\t\t\t\t\t\t<\/div>\n\t\t\t\t<\/div>\n\t\t\t\t\t<\/div>\n\t\t\t\t<\/div>\n\t\t<div class=\"elementor-element elementor-element-2547b00 e-flex e-con-boxed e-con e-parent\" data-id=\"2547b00\" data-element_type=\"container\">\n\t\t\t\t\t<div class=\"e-con-inner\">\n\t\t\t\t<div class=\"elementor-element elementor-element-9cef960 elementor-author-box--link-yes elementor-author-box--avatar-yes elementor-author-box--name-yes elementor-author-box--biography-yes elementor-widget elementor-widget-author-box\" data-id=\"9cef960\" data-element_type=\"widget\" data-widget_type=\"author-box.default\">\n\t\t\t\t<div class=\"elementor-widget-container\">\n\t\t\t\t\t\t\t<div class=\"elementor-author-box\">\n\t\t\t\t\t\t\t<a href=\"https:\/\/economiayviveros.com.ar\/portada\/author\/helena\/\" class=\"elementor-author-box__avatar\">\n\t\t\t\t\t<img decoding=\"async\" src=\"https:\/\/economiayviveros.com.ar\/portada\/wp-content\/uploads\/2024\/12\/Logo-5-hojas-300x300.png\" alt=\"Picture of Econom\u00eda &amp; Viveros\" loading=\"lazy\">\n\t\t\t\t<\/a>\n\t\t\t\n\t\t\t<div class=\"elementor-author-box__text\">\n\t\t\t\t\t\t\t\t\t<a href=\"https:\/\/economiayviveros.com.ar\/portada\/author\/helena\/\">\n\t\t\t\t\t\t<h4 class=\"elementor-author-box__name\">\n\t\t\t\t\t\t\tEconom\u00eda &amp; Viveros\t\t\t\t\t\t<\/h4>\n\t\t\t\t\t<\/a>\n\t\t\t\t\n\t\t\t\t\t\t\t\t\t<div class=\"elementor-author-box__bio\">\n\t\t\t\t\t\tDesde el 2009 brinda toda la informaci\u00f3n sobre la floricultura argentina.\r\n\r\nEdiciones mensuales.\t\t\t\t\t<\/div>\n\t\t\t\t\n\t\t\t\t\t\t\t\t\t<a class=\"elementor-author-box__button elementor-button elementor-size-xs\" href=\"https:\/\/economiayviveros.com.ar\/portada\/author\/helena\/\">\n\t\t\t\t\t\tM\u00e1s notas\t\t\t\t\t<\/a>\n\t\t\t\t\t\t\t<\/div>\n\t\t<\/div>\n\t\t\t\t\t\t<\/div>\n\t\t\t\t<\/div>\n\t\t\t\t\t<\/div>\n\t\t\t\t<\/div>\n\t\t\t\t<\/div>\n\t\t","protected":false},"excerpt":{"rendered":"<p>EMPRESAS Este vivero, rodeado de mar y vientos -como describe su propietaria, Leticia Larsen-, ofrece plantas adaptadas al clima de Chapadmalal (Buenos Aires). Con\u00f3celo.<\/p>\n","protected":false},"author":1,"featured_media":2639,"comment_status":"closed","ping_status":"open","sticky":false,"template":"","format":"standard","meta":{"iawp_total_views":71,"footnotes":""},"categories":[4],"tags":[],"class_list":["post-2651","post","type-post","status-publish","format-standard","has-post-thumbnail","hentry","category-entrevistas"],"_links":{"self":[{"href":"https:\/\/economiayviveros.com.ar\/portada\/wp-json\/wp\/v2\/posts\/2651","targetHints":{"allow":["GET"]}}],"collection":[{"href":"https:\/\/economiayviveros.com.ar\/portada\/wp-json\/wp\/v2\/posts"}],"about":[{"href":"https:\/\/economiayviveros.com.ar\/portada\/wp-json\/wp\/v2\/types\/post"}],"author":[{"embeddable":true,"href":"https:\/\/economiayviveros.com.ar\/portada\/wp-json\/wp\/v2\/users\/1"}],"replies":[{"embeddable":true,"href":"https:\/\/economiayviveros.com.ar\/portada\/wp-json\/wp\/v2\/comments?post=2651"}],"version-history":[{"count":4,"href":"https:\/\/economiayviveros.com.ar\/portada\/wp-json\/wp\/v2\/posts\/2651\/revisions"}],"predecessor-version":[{"id":2664,"href":"https:\/\/economiayviveros.com.ar\/portada\/wp-json\/wp\/v2\/posts\/2651\/revisions\/2664"}],"wp:featuredmedia":[{"embeddable":true,"href":"https:\/\/economiayviveros.com.ar\/portada\/wp-json\/wp\/v2\/media\/2639"}],"wp:attachment":[{"href":"https:\/\/economiayviveros.com.ar\/portada\/wp-json\/wp\/v2\/media?parent=2651"}],"wp:term":[{"taxonomy":"category","embeddable":true,"href":"https:\/\/economiayviveros.com.ar\/portada\/wp-json\/wp\/v2\/categories?post=2651"},{"taxonomy":"post_tag","embeddable":true,"href":"https:\/\/economiayviveros.com.ar\/portada\/wp-json\/wp\/v2\/tags?post=2651"}],"curies":[{"name":"wp","href":"https:\/\/api.w.org\/{rel}","templated":true}]}}