{"id":2646,"date":"2025-11-30T20:18:05","date_gmt":"2025-11-30T23:18:05","guid":{"rendered":"https:\/\/economiayviveros.com.ar\/portada\/?p=2646"},"modified":"2025-11-30T22:05:15","modified_gmt":"2025-12-01T01:05:15","slug":"fallecio-alfredo-lazzarini-cofundador-de-terrafertil","status":"publish","type":"post","link":"https:\/\/economiayviveros.com.ar\/portada\/fallecio-alfredo-lazzarini-cofundador-de-terrafertil\/","title":{"rendered":"Falleci\u00f3 Alfredo Lazzarini, cofundador de Terrafertil"},"content":{"rendered":"\t\t<div data-elementor-type=\"wp-post\" data-elementor-id=\"2646\" class=\"elementor elementor-2646\" data-elementor-post-type=\"post\">\n\t\t\t\t<div class=\"elementor-element elementor-element-6431049d e-flex e-con-boxed e-con e-parent\" data-id=\"6431049d\" data-element_type=\"container\">\n\t\t\t\t\t<div class=\"e-con-inner\">\n\t\t\t\t<div class=\"elementor-element elementor-element-8c961d7 elementor-widget elementor-widget-text-editor\" data-id=\"8c961d7\" data-element_type=\"widget\" data-widget_type=\"text-editor.default\">\n\t\t\t\t<div class=\"elementor-widget-container\">\n\t\t\t\t\t\t\t\t\t\n<h4 class=\"wp-block-heading\">IM\u00c1GENES DE NUESTRA FLORICULTURA Pionero en sustratos sustentables, Alfredo Lazzarini se constituy\u00f3 en un referente del sector profesional, en la producci\u00f3n de compost y sustratos.<\/h4>\n\n\n\n<figure class=\"wp-block-image size-full\"><img fetchpriority=\"high\" decoding=\"async\" width=\"756\" height=\"567\" src=\"https:\/\/economiayviveros.com.ar\/portada\/wp-content\/uploads\/2025\/11\/Imagenes-de-nuestra-floricultura-Terrafertil-1225-G.jpg\" alt=\"\" class=\"wp-image-2647\" srcset=\"https:\/\/economiayviveros.com.ar\/portada\/wp-content\/uploads\/2025\/11\/Imagenes-de-nuestra-floricultura-Terrafertil-1225-G.jpg 756w, https:\/\/economiayviveros.com.ar\/portada\/wp-content\/uploads\/2025\/11\/Imagenes-de-nuestra-floricultura-Terrafertil-1225-G-300x225.jpg 300w\" sizes=\"(max-width: 756px) 100vw, 756px\" \/><figcaption class=\"wp-element-caption\">Alfredo Lazzarini. Foto: gentileza de Terrafertil<\/figcaption><\/figure>\n\n\n\n<p>El 3 de noviembre muri\u00f3 Alfredo Lazzarini, cofundador de Terrafertil SA y una de las figuras clave en la transformaci\u00f3n del mercado de sustratos y compost en la Argentina. Durante sesenta y tres a\u00f1os, impuls\u00f3 el crecimiento de una empresa que hoy es protagonista central tanto en el segmento <em>hobby <\/em>como en el mercado profesional.<\/p>\n\n\n\n<p>Bajo su conducci\u00f3n, Terrafertil se especializ\u00f3 en la elaboraci\u00f3n de sustratos y compost a partir de recursos renovables, con una fuerte apuesta al reciclado de subproductos de la agroindustria y materiales de poda. Lazzarini fue uno de los primeros en insistir en la diferencia entre \u201ctierra\u201d y sustrato t\u00e9cnico. De esa manera, anticip\u00f3 el giro del sector hacia medios de cultivos estandarizados, trazables y que contaran con respaldo normativo.<\/p>\n\n\n\n<p>La compa\u00f1\u00eda avanz\u00f3 en procesos automatizados, normas ISO 9001 e ISO 14001, y formulaciones espec\u00edficas para distintos cultivos, abasteciendo a productores y empresas proveedoras de marcas masivas de alimentos, bebidas y cultivos industriales. La articulaci\u00f3n con instituciones t\u00e9cnicas y referentes del sector consolid\u00f3 una propuesta que hoy es referencia para cultivadores de plantas ornamentales y flores de corte de todo el pa\u00eds.<\/p>\n\n\n\n<p>Su legado queda impreso en una cultura empresaria basada en la innovaci\u00f3n, la eficiencia log\u00edstica y el aprovechamiento responsable de los recursos, en l\u00ednea con las exigencias actuales de sustentabilidad en la cadena verde. Terrafertil, sus clientes y aliados son hoy la continuidad concreta de esa visi\u00f3n.<\/p>\n\n\n\n<p>Desde <em>Econom\u00eda &amp; Viveros<\/em> lamentamos profundamente su p\u00e9rdida y acompa\u00f1amos a su familia, amigos y a todo el equipo de Terrafertil en este momento de dolor.<\/p>\n\t\t\t\t\t\t\t\t<\/div>\n\t\t\t\t<\/div>\n\t\t\t\t\t<\/div>\n\t\t\t\t<\/div>\n\t\t<div class=\"elementor-element elementor-element-cd50da0 e-flex e-con-boxed e-con e-parent\" data-id=\"cd50da0\" data-element_type=\"container\">\n\t\t\t\t\t<div class=\"e-con-inner\">\n\t\t\t\t<div class=\"elementor-element elementor-element-b7b3867 elementor-widget elementor-widget-text-editor\" data-id=\"b7b3867\" data-element_type=\"widget\" data-widget_type=\"text-editor.default\">\n\t\t\t\t<div class=\"elementor-widget-container\">\n\t\t\t\t\t\t\t\t\t<h1><span style=\"color: #333333;\">Sobre el autor<\/span><\/h1>\t\t\t\t\t\t\t\t<\/div>\n\t\t\t\t<\/div>\n\t\t\t\t\t<\/div>\n\t\t\t\t<\/div>\n\t\t<div class=\"elementor-element elementor-element-d04eb1d e-flex e-con-boxed e-con e-parent\" data-id=\"d04eb1d\" data-element_type=\"container\">\n\t\t\t\t\t<div class=\"e-con-inner\">\n\t\t\t\t<div class=\"elementor-element elementor-element-d6a6d43 elementor-author-box--link-yes elementor-author-box--avatar-yes elementor-author-box--name-yes elementor-author-box--biography-yes elementor-widget elementor-widget-author-box\" data-id=\"d6a6d43\" data-element_type=\"widget\" data-widget_type=\"author-box.default\">\n\t\t\t\t<div class=\"elementor-widget-container\">\n\t\t\t\t\t\t\t<div class=\"elementor-author-box\">\n\t\t\t\t\t\t\t<a href=\"https:\/\/economiayviveros.com.ar\/portada\/author\/helena\/\" class=\"elementor-author-box__avatar\">\n\t\t\t\t\t<img decoding=\"async\" src=\"https:\/\/economiayviveros.com.ar\/portada\/wp-content\/uploads\/2024\/12\/Logo-5-hojas-300x300.png\" alt=\"Picture of Econom\u00eda &amp; Viveros\" loading=\"lazy\">\n\t\t\t\t<\/a>\n\t\t\t\n\t\t\t<div class=\"elementor-author-box__text\">\n\t\t\t\t\t\t\t\t\t<a href=\"https:\/\/economiayviveros.com.ar\/portada\/author\/helena\/\">\n\t\t\t\t\t\t<h4 class=\"elementor-author-box__name\">\n\t\t\t\t\t\t\tEconom\u00eda &amp; Viveros\t\t\t\t\t\t<\/h4>\n\t\t\t\t\t<\/a>\n\t\t\t\t\n\t\t\t\t\t\t\t\t\t<div class=\"elementor-author-box__bio\">\n\t\t\t\t\t\tDesde el 2009 brinda toda la informaci\u00f3n sobre la floricultura argentina.\r\n\r\nEdiciones mensuales.\t\t\t\t\t<\/div>\n\t\t\t\t\n\t\t\t\t\t\t\t\t\t<a class=\"elementor-author-box__button elementor-button elementor-size-xs\" href=\"https:\/\/economiayviveros.com.ar\/portada\/author\/helena\/\">\n\t\t\t\t\t\tM\u00e1s notas\t\t\t\t\t<\/a>\n\t\t\t\t\t\t\t<\/div>\n\t\t<\/div>\n\t\t\t\t\t\t<\/div>\n\t\t\t\t<\/div>\n\t\t\t\t\t<\/div>\n\t\t\t\t<\/div>\n\t\t\t\t<\/div>\n\t\t","protected":false},"excerpt":{"rendered":"<p>IM\u00c1GENES DE NUESTRA FLORICULTURA Pionero en sustratos sustentables, Alfredo Lazzarini se constituy\u00f3 en un referente del sector profesional, en la producci\u00f3n de compost y sustratos.<\/p>\n","protected":false},"author":1,"featured_media":2647,"comment_status":"closed","ping_status":"open","sticky":false,"template":"","format":"standard","meta":{"iawp_total_views":20,"footnotes":""},"categories":[3],"tags":[],"class_list":["post-2646","post","type-post","status-publish","format-standard","has-post-thumbnail","hentry","category-actualidad"],"_links":{"self":[{"href":"https:\/\/economiayviveros.com.ar\/portada\/wp-json\/wp\/v2\/posts\/2646","targetHints":{"allow":["GET"]}}],"collection":[{"href":"https:\/\/economiayviveros.com.ar\/portada\/wp-json\/wp\/v2\/posts"}],"about":[{"href":"https:\/\/economiayviveros.com.ar\/portada\/wp-json\/wp\/v2\/types\/post"}],"author":[{"embeddable":true,"href":"https:\/\/economiayviveros.com.ar\/portada\/wp-json\/wp\/v2\/users\/1"}],"replies":[{"embeddable":true,"href":"https:\/\/economiayviveros.com.ar\/portada\/wp-json\/wp\/v2\/comments?post=2646"}],"version-history":[{"count":4,"href":"https:\/\/economiayviveros.com.ar\/portada\/wp-json\/wp\/v2\/posts\/2646\/revisions"}],"predecessor-version":[{"id":2654,"href":"https:\/\/economiayviveros.com.ar\/portada\/wp-json\/wp\/v2\/posts\/2646\/revisions\/2654"}],"wp:featuredmedia":[{"embeddable":true,"href":"https:\/\/economiayviveros.com.ar\/portada\/wp-json\/wp\/v2\/media\/2647"}],"wp:attachment":[{"href":"https:\/\/economiayviveros.com.ar\/portada\/wp-json\/wp\/v2\/media?parent=2646"}],"wp:term":[{"taxonomy":"category","embeddable":true,"href":"https:\/\/economiayviveros.com.ar\/portada\/wp-json\/wp\/v2\/categories?post=2646"},{"taxonomy":"post_tag","embeddable":true,"href":"https:\/\/economiayviveros.com.ar\/portada\/wp-json\/wp\/v2\/tags?post=2646"}],"curies":[{"name":"wp","href":"https:\/\/api.w.org\/{rel}","templated":true}]}}