{"id":2536,"date":"2025-11-01T17:49:43","date_gmt":"2025-11-01T20:49:43","guid":{"rendered":"https:\/\/economiayviveros.com.ar\/portada\/?p=2536"},"modified":"2025-11-04T07:22:53","modified_gmt":"2025-11-04T10:22:53","slug":"vanina-prior","status":"publish","type":"post","link":"https:\/\/economiayviveros.com.ar\/portada\/vanina-prior\/","title":{"rendered":"Vanina Prior"},"content":{"rendered":"\t\t<div data-elementor-type=\"wp-post\" data-elementor-id=\"2536\" class=\"elementor elementor-2536\" data-elementor-post-type=\"post\">\n\t\t\t\t<div class=\"elementor-element elementor-element-296eeb8a e-flex e-con-boxed e-con e-parent\" data-id=\"296eeb8a\" data-element_type=\"container\">\n\t\t\t\t\t<div class=\"e-con-inner\">\n\t\t\t\t<div class=\"elementor-element elementor-element-32e3cdb2 elementor-widget elementor-widget-text-editor\" data-id=\"32e3cdb2\" data-element_type=\"widget\" data-widget_type=\"text-editor.default\">\n\t\t\t\t<div class=\"elementor-widget-container\">\n\t\t\t\t\t\t\t\t\t\n<h4 class=\"wp-block-heading\">CUESTIONARIO E&amp;V Combina ecolog\u00eda con paisajismo. Habla del trabajo que la enorgullece, de una medida que le gustar\u00eda fuera tomada por el Estado y de la planta que desear\u00eda ser.<\/h4>\n\n<figure class=\"wp-block-image size-large\"><img fetchpriority=\"high\" decoding=\"async\" width=\"1024\" height=\"683\" class=\"wp-image-2518\" src=\"https:\/\/economiayviveros.com.ar\/portada\/wp-content\/uploads\/2025\/11\/Cuestionario-Prior-1125-G-1024x683.jpg\" alt=\"\" srcset=\"https:\/\/economiayviveros.com.ar\/portada\/wp-content\/uploads\/2025\/11\/Cuestionario-Prior-1125-G-1024x683.jpg 1024w, https:\/\/economiayviveros.com.ar\/portada\/wp-content\/uploads\/2025\/11\/Cuestionario-Prior-1125-G-300x200.jpg 300w, https:\/\/economiayviveros.com.ar\/portada\/wp-content\/uploads\/2025\/11\/Cuestionario-Prior-1125-G-768x512.jpg 768w, https:\/\/economiayviveros.com.ar\/portada\/wp-content\/uploads\/2025\/11\/Cuestionario-Prior-1125-G.jpg 1200w\" sizes=\"(max-width: 1024px) 100vw, 1024px\" \/>\n<figcaption class=\"wp-element-caption\">Vanina Prior. Foto: gentileza de Vanina Prior<\/figcaption>\n<\/figure>\n\n<p><strong>Nombre:<\/strong> Vanina Prior<\/p>\n\n<p><strong>Edad:<\/strong> 48 a\u00f1os<\/p>\n\n<p><strong>C.V.:<\/strong> Ingeniera en Ecolog\u00eda (asesora en gesti\u00f3n ambiental municipal), paisajista y docente. <a href=\"mailto:prior.v@hotmail.com\" target=\"_blank\" rel=\"noopener\">prior.v@hotmail.com<\/a><\/p>\n\n<p><strong>Un trabajo que me enorgullece:<\/strong> Cualquiera que implique un cambio para mejorar la vida de las personas.<\/p>\n\n<p><strong>Si fuera una planta o una flor, ser\u00eda\u2026:<\/strong> Una <em>Verbena bonariensis.<\/em><\/p>\n\n<p><strong>Si pudiera elegir entre ser experto en alguna disciplina o ser entendido en varias actividades, optar\u00eda por\u2026:<\/strong> Ser experta en una disciplina y juntarme con expertos en otras actividades.<\/p>\n\n<p><strong>A mi yo de dieciocho a\u00f1os le aconsejar\u00eda que:<\/strong> Se rodeara de gente valiosa (en lo emocional y en lo profesional).<\/p>\n\n<p><strong>Mis clientes\/empleadores siempre me dicen:<\/strong> Que les entusiasma la pasi\u00f3n con la que hablo de mi profesi\u00f3n.<\/p>\n\n<p><strong>Si pudiera sumar otra profesi\u00f3n, ser\u00eda\u2026:<\/strong> Bi\u00f3loga.<\/p>\n\n<p><strong>Algo que me gustar\u00eda tener:<\/strong> M\u00e1s plantas, siempre.<\/p>\n\n<p><strong>Una comida preferida:<\/strong> El cebiche.<\/p>\n\n<p><strong>Creo que el mayor reto de alguien que se inicia en un trabajo como el nuestro es\u2026:<\/strong> Comunicar correctamente las ideas.<\/p>\n\n<p><strong>Me mantengo actualizado\/a:<\/strong> Leyendo e interactuando con colegas.<\/p>\n\n<p><strong>En relaci\u00f3n con mi sector laboral, me gustar\u00eda que el Estado tomara la siguiente medida:<\/strong> Que se recuperaran los espacios verdes cercanos a los r\u00edos para que la comunidad pudiera disfrutarlos.<\/p>\n\n<p><strong>Una sugerencia: <\/strong>\u00a1Sumen plantas a sus vidas!<\/p>\n\t\t\t\t\t\t\t\t<\/div>\n\t\t\t\t<\/div>\n\t\t\t\t\t<\/div>\n\t\t\t\t<\/div>\n\t\t<div class=\"elementor-element elementor-element-fbe1009 e-flex e-con-boxed e-con e-parent\" data-id=\"fbe1009\" data-element_type=\"container\">\n\t\t\t\t\t<div class=\"e-con-inner\">\n\t\t\t\t<div class=\"elementor-element elementor-element-028e390 elementor-widget elementor-widget-text-editor\" data-id=\"028e390\" data-element_type=\"widget\" data-widget_type=\"text-editor.default\">\n\t\t\t\t<div class=\"elementor-widget-container\">\n\t\t\t\t\t\t\t\t\t<h1><span style=\"color: #333333;\">Sobre el autor<\/span><\/h1>\t\t\t\t\t\t\t\t<\/div>\n\t\t\t\t<\/div>\n\t\t\t\t\t<\/div>\n\t\t\t\t<\/div>\n\t\t<div class=\"elementor-element elementor-element-60a7c43 e-flex e-con-boxed e-con e-parent\" data-id=\"60a7c43\" data-element_type=\"container\">\n\t\t\t\t\t<div class=\"e-con-inner\">\n\t\t\t\t<div class=\"elementor-element elementor-element-005ab22 elementor-author-box--link-yes elementor-author-box--avatar-yes elementor-author-box--name-yes elementor-author-box--biography-yes elementor-widget elementor-widget-author-box\" data-id=\"005ab22\" data-element_type=\"widget\" data-widget_type=\"author-box.default\">\n\t\t\t\t<div class=\"elementor-widget-container\">\n\t\t\t\t\t\t\t<div class=\"elementor-author-box\">\n\t\t\t\t\t\t\t<a href=\"https:\/\/economiayviveros.com.ar\/portada\/author\/helena\/\" class=\"elementor-author-box__avatar\">\n\t\t\t\t\t<img decoding=\"async\" src=\"https:\/\/economiayviveros.com.ar\/portada\/wp-content\/uploads\/2024\/12\/Logo-5-hojas-300x300.png\" alt=\"Picture of Econom\u00eda &amp; Viveros\" loading=\"lazy\">\n\t\t\t\t<\/a>\n\t\t\t\n\t\t\t<div class=\"elementor-author-box__text\">\n\t\t\t\t\t\t\t\t\t<a href=\"https:\/\/economiayviveros.com.ar\/portada\/author\/helena\/\">\n\t\t\t\t\t\t<h4 class=\"elementor-author-box__name\">\n\t\t\t\t\t\t\tEconom\u00eda &amp; Viveros\t\t\t\t\t\t<\/h4>\n\t\t\t\t\t<\/a>\n\t\t\t\t\n\t\t\t\t\t\t\t\t\t<div class=\"elementor-author-box__bio\">\n\t\t\t\t\t\tDesde el 2009 brinda toda la informaci\u00f3n sobre la floricultura argentina.\r\n\r\nEdiciones mensuales.\t\t\t\t\t<\/div>\n\t\t\t\t\n\t\t\t\t\t\t\t\t\t<a class=\"elementor-author-box__button elementor-button elementor-size-xs\" href=\"https:\/\/economiayviveros.com.ar\/portada\/author\/helena\/\">\n\t\t\t\t\t\tM\u00e1s notas\t\t\t\t\t<\/a>\n\t\t\t\t\t\t\t<\/div>\n\t\t<\/div>\n\t\t\t\t\t\t<\/div>\n\t\t\t\t<\/div>\n\t\t\t\t\t<\/div>\n\t\t\t\t<\/div>\n\t\t\t\t<\/div>\n\t\t","protected":false},"excerpt":{"rendered":"<p>CUESTIONARIO E&#038;V Combina ecolog\u00eda con paisajismo. Habla del trabajo que la enorgullece, de una medida que le gustar\u00eda fuera tomada por el Estado y de la planta que desear\u00eda ser.<\/p>\n","protected":false},"author":1,"featured_media":2518,"comment_status":"closed","ping_status":"open","sticky":false,"template":"","format":"standard","meta":{"iawp_total_views":6,"footnotes":""},"categories":[4],"tags":[],"class_list":["post-2536","post","type-post","status-publish","format-standard","has-post-thumbnail","hentry","category-entrevistas"],"_links":{"self":[{"href":"https:\/\/economiayviveros.com.ar\/portada\/wp-json\/wp\/v2\/posts\/2536","targetHints":{"allow":["GET"]}}],"collection":[{"href":"https:\/\/economiayviveros.com.ar\/portada\/wp-json\/wp\/v2\/posts"}],"about":[{"href":"https:\/\/economiayviveros.com.ar\/portada\/wp-json\/wp\/v2\/types\/post"}],"author":[{"embeddable":true,"href":"https:\/\/economiayviveros.com.ar\/portada\/wp-json\/wp\/v2\/users\/1"}],"replies":[{"embeddable":true,"href":"https:\/\/economiayviveros.com.ar\/portada\/wp-json\/wp\/v2\/comments?post=2536"}],"version-history":[{"count":7,"href":"https:\/\/economiayviveros.com.ar\/portada\/wp-json\/wp\/v2\/posts\/2536\/revisions"}],"predecessor-version":[{"id":2612,"href":"https:\/\/economiayviveros.com.ar\/portada\/wp-json\/wp\/v2\/posts\/2536\/revisions\/2612"}],"wp:featuredmedia":[{"embeddable":true,"href":"https:\/\/economiayviveros.com.ar\/portada\/wp-json\/wp\/v2\/media\/2518"}],"wp:attachment":[{"href":"https:\/\/economiayviveros.com.ar\/portada\/wp-json\/wp\/v2\/media?parent=2536"}],"wp:term":[{"taxonomy":"category","embeddable":true,"href":"https:\/\/economiayviveros.com.ar\/portada\/wp-json\/wp\/v2\/categories?post=2536"},{"taxonomy":"post_tag","embeddable":true,"href":"https:\/\/economiayviveros.com.ar\/portada\/wp-json\/wp\/v2\/tags?post=2536"}],"curies":[{"name":"wp","href":"https:\/\/api.w.org\/{rel}","templated":true}]}}