{"id":2433,"date":"2025-10-01T12:41:07","date_gmt":"2025-10-01T15:41:07","guid":{"rendered":"https:\/\/economiayviveros.com.ar\/portada\/?p=2433"},"modified":"2025-10-04T15:20:09","modified_gmt":"2025-10-04T18:20:09","slug":"roberto-giudici","status":"publish","type":"post","link":"https:\/\/economiayviveros.com.ar\/portada\/roberto-giudici\/","title":{"rendered":"Roberto Giudici"},"content":{"rendered":"\t\t<div data-elementor-type=\"wp-post\" data-elementor-id=\"2433\" class=\"elementor elementor-2433\" data-elementor-post-type=\"post\">\n\t\t\t\t<div class=\"elementor-element elementor-element-1950483a e-flex e-con-boxed e-con e-parent\" data-id=\"1950483a\" data-element_type=\"container\">\n\t\t\t\t\t<div class=\"e-con-inner\">\n\t\t\t\t<div class=\"elementor-element elementor-element-6fdb7aea elementor-widget elementor-widget-text-editor\" data-id=\"6fdb7aea\" data-element_type=\"widget\" data-widget_type=\"text-editor.default\">\n\t\t\t\t<div class=\"elementor-widget-container\">\n\t\t\t\t\t\t\t\t\t\n<h4 class=\"wp-block-heading\">EXPERIENCIAS De Castelar a Palermo: la historia de un vivero que siempre apost\u00f3 a crecer. Con visi\u00f3n estrat\u00e9gica y el aporte de nuevas generaciones, una empresa familiar transform\u00f3 su mudanza en una oportunidad para innovar y multiplicarse.<\/h4>\n\n<figure class=\"wp-block-image size-large\"><img fetchpriority=\"high\" decoding=\"async\" width=\"1024\" height=\"684\" class=\"wp-image-2409\" src=\"https:\/\/economiayviveros.com.ar\/portada\/wp-content\/uploads\/2025\/09\/Experiencias-Giudici-1025-G-1024x684.jpg\" alt=\"\" srcset=\"https:\/\/economiayviveros.com.ar\/portada\/wp-content\/uploads\/2025\/09\/Experiencias-Giudici-1025-G-1024x684.jpg 1024w, https:\/\/economiayviveros.com.ar\/portada\/wp-content\/uploads\/2025\/09\/Experiencias-Giudici-1025-G-300x201.jpg 300w, https:\/\/economiayviveros.com.ar\/portada\/wp-content\/uploads\/2025\/09\/Experiencias-Giudici-1025-G-768x513.jpg 768w, https:\/\/economiayviveros.com.ar\/portada\/wp-content\/uploads\/2025\/09\/Experiencias-Giudici-1025-G.jpg 1197w\" sizes=\"(max-width: 1024px) 100vw, 1024px\" \/>\n<figcaption class=\"wp-element-caption\">Roberto Giudici. Foto: gentileza de Vivero Mario<\/figcaption>\n<\/figure>\n\n<p>Siempre tuvimos la ambici\u00f3n de crecer en la actual Ciudad Aut\u00f3noma de Buenos Aires. En 1985, abrimos la primera sucursal de Vivero Mario en la avenida Corrientes, frente al <em>shopping<\/em> Abasto. Para nosotros fue un paso enorme: despu\u00e9s de a\u00f1os en Castelar (AMBA), llegar a la capital significaba acercar nuestra experiencia a un p\u00fablico mucho m\u00e1s amplio.<\/p>\n\n<p>Con el tiempo, aquel espacio nos fue insuficiente. Veinte a\u00f1os despu\u00e9s, conseguimos un terreno en la avenida Scalabrini Ortiz y, en 2005, inauguramos la sede de Palermo. Ese mismo d\u00eda cerr\u00e1bamos la de Once. No fue una mudanza com\u00fan: levantamos un vivero completamente nuevo, con infraestructura moderna, invernaderos con calefacci\u00f3n, humedad y control de clima. Algo in\u00e9dito en Buenos Aires, en ese momento.<\/p>\n\n<p>Recuerdo que la planificaci\u00f3n nos llev\u00f3 apenas tres meses. Los desaf\u00edos log\u00edsticos fueron m\u00ednimos: trasladamos estanter\u00edas y macetas, pero todo lo dem\u00e1s se construy\u00f3 desde cero. Nuestro personal nos acompa\u00f1\u00f3 en todo momento y, con el tiempo, llegamos a triplicar la cantidad de empleados. Somos cinco hermanos al frente de la empresa. Y la incorporaci\u00f3n de nuestros hijos aport\u00f3 ideas innovadoras como la venta en l\u00ednea, que abri\u00f3 un nuevo cap\u00edtulo en nuestra historia.<\/p>\n\n<p>El cambio de barrio fue natural: la clientela fiel nos sigui\u00f3. Adem\u00e1s, la nueva ubicaci\u00f3n nos facilit\u00f3 mayor visibilidad, mejor accesibilidad y un entorno m\u00e1s ordenado que el anterior. Esta reubicaci\u00f3n fue estrat\u00e9gica. Nos permiti\u00f3 crecer en espacio, organizaci\u00f3n y proyecci\u00f3n. Al mismo tiempo, mantener la calidad y la experiencia que nos distinguen desde la fundaci\u00f3n, en 1952, de nuestra casa central en Castelar.<\/p>\n\n<p><strong>Roberto Giudici <\/strong>(79), socio fundador Vivero Mario.<\/p>\n\n<p>\u00a0<\/p>\n\t\t\t\t\t\t\t\t<\/div>\n\t\t\t\t<\/div>\n\t\t\t\t\t<\/div>\n\t\t\t\t<\/div>\n\t\t<div class=\"elementor-element elementor-element-f18bad1 e-flex e-con-boxed e-con e-parent\" data-id=\"f18bad1\" data-element_type=\"container\">\n\t\t\t\t\t<div class=\"e-con-inner\">\n\t\t\t\t<div class=\"elementor-element elementor-element-25631e4 elementor-widget elementor-widget-text-editor\" data-id=\"25631e4\" data-element_type=\"widget\" data-widget_type=\"text-editor.default\">\n\t\t\t\t<div class=\"elementor-widget-container\">\n\t\t\t\t\t\t\t\t\t<h1><span style=\"color: #333333;\">Sobre el autor<\/span><\/h1>\t\t\t\t\t\t\t\t<\/div>\n\t\t\t\t<\/div>\n\t\t\t\t\t<\/div>\n\t\t\t\t<\/div>\n\t\t<div class=\"elementor-element elementor-element-6fc24f7 e-flex e-con-boxed e-con e-parent\" data-id=\"6fc24f7\" data-element_type=\"container\">\n\t\t\t\t\t<div class=\"e-con-inner\">\n\t\t\t\t<div class=\"elementor-element elementor-element-3a3eb47 elementor-author-box--link-yes elementor-author-box--avatar-yes elementor-author-box--name-yes elementor-author-box--biography-yes elementor-widget elementor-widget-author-box\" data-id=\"3a3eb47\" data-element_type=\"widget\" data-widget_type=\"author-box.default\">\n\t\t\t\t<div class=\"elementor-widget-container\">\n\t\t\t\t\t\t\t<div class=\"elementor-author-box\">\n\t\t\t\t\t\t\t<a href=\"https:\/\/economiayviveros.com.ar\/portada\/author\/helena\/\" class=\"elementor-author-box__avatar\">\n\t\t\t\t\t<img decoding=\"async\" src=\"https:\/\/economiayviveros.com.ar\/portada\/wp-content\/uploads\/2024\/12\/Logo-5-hojas-300x300.png\" alt=\"Picture of Econom\u00eda &amp; Viveros\" loading=\"lazy\">\n\t\t\t\t<\/a>\n\t\t\t\n\t\t\t<div class=\"elementor-author-box__text\">\n\t\t\t\t\t\t\t\t\t<a href=\"https:\/\/economiayviveros.com.ar\/portada\/author\/helena\/\">\n\t\t\t\t\t\t<h4 class=\"elementor-author-box__name\">\n\t\t\t\t\t\t\tEconom\u00eda &amp; Viveros\t\t\t\t\t\t<\/h4>\n\t\t\t\t\t<\/a>\n\t\t\t\t\n\t\t\t\t\t\t\t\t\t<div class=\"elementor-author-box__bio\">\n\t\t\t\t\t\tDesde el 2009 brinda toda la informaci\u00f3n sobre la floricultura argentina.\r\n\r\nEdiciones mensuales.\t\t\t\t\t<\/div>\n\t\t\t\t\n\t\t\t\t\t\t\t\t\t<a class=\"elementor-author-box__button elementor-button elementor-size-xs\" href=\"https:\/\/economiayviveros.com.ar\/portada\/author\/helena\/\">\n\t\t\t\t\t\tM\u00e1s notas\t\t\t\t\t<\/a>\n\t\t\t\t\t\t\t<\/div>\n\t\t<\/div>\n\t\t\t\t\t\t<\/div>\n\t\t\t\t<\/div>\n\t\t\t\t\t<\/div>\n\t\t\t\t<\/div>\n\t\t\t\t<\/div>\n\t\t","protected":false},"excerpt":{"rendered":"<p>EXPERIENCIAS De Castelar a Palermo: la historia de un vivero que siempre apost\u00f3 a crecer. Con visi\u00f3n estrat\u00e9gica y el aporte de nuevas generaciones, una empresa familiar transform\u00f3 su mudanza en una oportunidad para innovar y multiplicarse.<\/p>\n","protected":false},"author":1,"featured_media":2409,"comment_status":"closed","ping_status":"open","sticky":false,"template":"","format":"standard","meta":{"iawp_total_views":4,"footnotes":""},"categories":[4],"tags":[],"class_list":["post-2433","post","type-post","status-publish","format-standard","has-post-thumbnail","hentry","category-entrevistas"],"_links":{"self":[{"href":"https:\/\/economiayviveros.com.ar\/portada\/wp-json\/wp\/v2\/posts\/2433","targetHints":{"allow":["GET"]}}],"collection":[{"href":"https:\/\/economiayviveros.com.ar\/portada\/wp-json\/wp\/v2\/posts"}],"about":[{"href":"https:\/\/economiayviveros.com.ar\/portada\/wp-json\/wp\/v2\/types\/post"}],"author":[{"embeddable":true,"href":"https:\/\/economiayviveros.com.ar\/portada\/wp-json\/wp\/v2\/users\/1"}],"replies":[{"embeddable":true,"href":"https:\/\/economiayviveros.com.ar\/portada\/wp-json\/wp\/v2\/comments?post=2433"}],"version-history":[{"count":7,"href":"https:\/\/economiayviveros.com.ar\/portada\/wp-json\/wp\/v2\/posts\/2433\/revisions"}],"predecessor-version":[{"id":2488,"href":"https:\/\/economiayviveros.com.ar\/portada\/wp-json\/wp\/v2\/posts\/2433\/revisions\/2488"}],"wp:featuredmedia":[{"embeddable":true,"href":"https:\/\/economiayviveros.com.ar\/portada\/wp-json\/wp\/v2\/media\/2409"}],"wp:attachment":[{"href":"https:\/\/economiayviveros.com.ar\/portada\/wp-json\/wp\/v2\/media?parent=2433"}],"wp:term":[{"taxonomy":"category","embeddable":true,"href":"https:\/\/economiayviveros.com.ar\/portada\/wp-json\/wp\/v2\/categories?post=2433"},{"taxonomy":"post_tag","embeddable":true,"href":"https:\/\/economiayviveros.com.ar\/portada\/wp-json\/wp\/v2\/tags?post=2433"}],"curies":[{"name":"wp","href":"https:\/\/api.w.org\/{rel}","templated":true}]}}