{"id":2423,"date":"2025-10-01T12:37:22","date_gmt":"2025-10-01T15:37:22","guid":{"rendered":"https:\/\/economiayviveros.com.ar\/portada\/?p=2423"},"modified":"2025-10-04T15:20:17","modified_gmt":"2025-10-04T18:20:17","slug":"un-vivero-donde-hallar-todos-los-colores-de-las-rosas-del-desierto","status":"publish","type":"post","link":"https:\/\/economiayviveros.com.ar\/portada\/un-vivero-donde-hallar-todos-los-colores-de-las-rosas-del-desierto\/","title":{"rendered":"Un vivero donde hallar todos los colores de las rosas del desierto"},"content":{"rendered":"\t\t<div data-elementor-type=\"wp-post\" data-elementor-id=\"2423\" class=\"elementor elementor-2423\" data-elementor-post-type=\"post\">\n\t\t\t\t<div class=\"elementor-element elementor-element-34bb69ff e-flex e-con-boxed e-con e-parent\" data-id=\"34bb69ff\" data-element_type=\"container\">\n\t\t\t\t\t<div class=\"e-con-inner\">\n\t\t\t\t<div class=\"elementor-element elementor-element-61a1fbf8 elementor-widget elementor-widget-text-editor\" data-id=\"61a1fbf8\" data-element_type=\"widget\" data-widget_type=\"text-editor.default\">\n\t\t\t\t<div class=\"elementor-widget-container\">\n\t\t\t\t\t\t\t\t\t\n<h4 class=\"wp-block-heading\">EMPRESAS Lo que comenz\u00f3 como un pasatiempo se convirti\u00f3 en un proyecto \u00fanico en el pa\u00eds. Adem\u00e1s de estas plantas, ofrece visitas guiadas por el cultivo.<\/h4>\n\n<figure class=\"wp-block-image size-large\"><img fetchpriority=\"high\" decoding=\"async\" width=\"1024\" height=\"684\" class=\"wp-image-2408\" src=\"https:\/\/economiayviveros.com.ar\/portada\/wp-content\/uploads\/2025\/09\/Empresas-Rosas-1025-G-1024x684.jpg\" alt=\"\" srcset=\"https:\/\/economiayviveros.com.ar\/portada\/wp-content\/uploads\/2025\/09\/Empresas-Rosas-1025-G-1024x684.jpg 1024w, https:\/\/economiayviveros.com.ar\/portada\/wp-content\/uploads\/2025\/09\/Empresas-Rosas-1025-G-300x200.jpg 300w, https:\/\/economiayviveros.com.ar\/portada\/wp-content\/uploads\/2025\/09\/Empresas-Rosas-1025-G-768x513.jpg 768w, https:\/\/economiayviveros.com.ar\/portada\/wp-content\/uploads\/2025\/09\/Empresas-Rosas-1025-G.jpg 1198w\" sizes=\"(max-width: 1024px) 100vw, 1024px\" \/><\/figure>\n\n<p><strong>Presenta: Cristina Sosa (42)<\/strong><\/p>\n\n<p>El Jard\u00edn de las Rosas del Desierto es un vivero especializado en la producci\u00f3n exclusiva de <em>Adenium Obesum<\/em>, ubicado en Wanda (Misiones).<\/p>\n\n<p>Durante la pandemia, en 2020, cuando el aislamiento impuls\u00f3 a don Pedro a dedicar su tiempo a una planta que ya lo cautivaba por su singularidad, la rosa del desierto, precisamente ah\u00ed comenz\u00f3 la historia de este emprendimiento. En otras palabras, un pasatiempo personal devino en pasi\u00f3n.<\/p>\n\n<p>Con la ayuda de tutoriales en YouTube y grupos de Facebook, fue incorporando t\u00e9cnicas de injerto, polinizaci\u00f3n manual y, en especial, un trabajo artesanal que vuelve a los tallos m\u00e1s vistosos y robustos.<\/p>\n\n<p>Ese singular cuidado hace que el vivero sea el \u00fanico en Misiones \u2014y posiblemente en el pa\u00eds\u2014 que desarrolla esta especie artesanalmente. Esto, adem\u00e1s, se transforma en una oportunidad para que los visitantes, atra\u00eddos por la magnificencia de las Cataratas del Iguaz\u00fa, puedan tambi\u00e9n recorrer nuestro jard\u00edn. La visita se realiza guiada y se descubre un espacio donde cada ejemplar es trabajado con esmero.<\/p>\n\n<p>En cuanto a la comercializaci\u00f3n de plantines, alentada por la creciente demanda de turistas fascinados con la planta, podemos decir que fue en 2023. Ese mismo a\u00f1o, el INTA invit\u00f3 al vivero a participar en una exposici\u00f3n, en la Fiesta Nacional de la Orqu\u00eddea y Provincial de la Flor, en Montecarlo.<\/p>\n\n<p>Hoy el vivero supera las seis mil unidades y proyecta ampliar la producci\u00f3n y los canales de venta, integr\u00e1ndose a la Cooperativa de Productores Flor\u00edcolas de Misiones y fortaleciendo, as\u00ed, el desarrollo de la floricultura en la regi\u00f3n.<\/p>\n\n<ul class=\"wp-block-list\">\n<li>Con\u00f3celos: <a href=\"https:\/\/www.facebook.com\/rosasdeldesierto.wanda\" target=\"_blank\" rel=\"noreferrer noopener\">Rosasdeldesierto.wanda<\/a><\/li>\n<\/ul>\n\n<p>\u00a0<\/p>\n\t\t\t\t\t\t\t\t<\/div>\n\t\t\t\t<\/div>\n\t\t\t\t\t<\/div>\n\t\t\t\t<\/div>\n\t\t<div class=\"elementor-element elementor-element-b94832c e-flex e-con-boxed e-con e-parent\" data-id=\"b94832c\" data-element_type=\"container\">\n\t\t\t\t\t<div class=\"e-con-inner\">\n\t\t\t\t<div class=\"elementor-element elementor-element-b65703e elementor-widget elementor-widget-text-editor\" data-id=\"b65703e\" data-element_type=\"widget\" data-widget_type=\"text-editor.default\">\n\t\t\t\t<div class=\"elementor-widget-container\">\n\t\t\t\t\t\t\t\t\t<h1><span style=\"color: #333333;\">Sobre el autor<\/span><\/h1>\t\t\t\t\t\t\t\t<\/div>\n\t\t\t\t<\/div>\n\t\t\t\t\t<\/div>\n\t\t\t\t<\/div>\n\t\t<div class=\"elementor-element elementor-element-a8f73dc e-flex e-con-boxed e-con e-parent\" data-id=\"a8f73dc\" data-element_type=\"container\">\n\t\t\t\t\t<div class=\"e-con-inner\">\n\t\t\t\t<div class=\"elementor-element elementor-element-554677e elementor-author-box--link-yes elementor-author-box--avatar-yes elementor-author-box--name-yes elementor-author-box--biography-yes elementor-widget elementor-widget-author-box\" data-id=\"554677e\" data-element_type=\"widget\" data-widget_type=\"author-box.default\">\n\t\t\t\t<div class=\"elementor-widget-container\">\n\t\t\t\t\t\t\t<div class=\"elementor-author-box\">\n\t\t\t\t\t\t\t<a href=\"https:\/\/economiayviveros.com.ar\/portada\/author\/helena\/\" class=\"elementor-author-box__avatar\">\n\t\t\t\t\t<img decoding=\"async\" src=\"https:\/\/economiayviveros.com.ar\/portada\/wp-content\/uploads\/2024\/12\/Logo-5-hojas-300x300.png\" alt=\"Picture of Econom\u00eda &amp; Viveros\" loading=\"lazy\">\n\t\t\t\t<\/a>\n\t\t\t\n\t\t\t<div class=\"elementor-author-box__text\">\n\t\t\t\t\t\t\t\t\t<a href=\"https:\/\/economiayviveros.com.ar\/portada\/author\/helena\/\">\n\t\t\t\t\t\t<h4 class=\"elementor-author-box__name\">\n\t\t\t\t\t\t\tEconom\u00eda &amp; Viveros\t\t\t\t\t\t<\/h4>\n\t\t\t\t\t<\/a>\n\t\t\t\t\n\t\t\t\t\t\t\t\t\t<div class=\"elementor-author-box__bio\">\n\t\t\t\t\t\tDesde el 2009 brinda toda la informaci\u00f3n sobre la floricultura argentina.\r\n\r\nEdiciones mensuales.\t\t\t\t\t<\/div>\n\t\t\t\t\n\t\t\t\t\t\t\t\t\t<a class=\"elementor-author-box__button elementor-button elementor-size-xs\" href=\"https:\/\/economiayviveros.com.ar\/portada\/author\/helena\/\">\n\t\t\t\t\t\tM\u00e1s notas\t\t\t\t\t<\/a>\n\t\t\t\t\t\t\t<\/div>\n\t\t<\/div>\n\t\t\t\t\t\t<\/div>\n\t\t\t\t<\/div>\n\t\t\t\t\t<\/div>\n\t\t\t\t<\/div>\n\t\t\t\t<\/div>\n\t\t","protected":false},"excerpt":{"rendered":"<p>EMPRESAS Lo que comenz\u00f3 como un pasatiempo se convirti\u00f3 en un proyecto \u00fanico en el pa\u00eds. Adem\u00e1s de estas plantas, ofrece visitas guiadas por el cultivo.<\/p>\n","protected":false},"author":1,"featured_media":2408,"comment_status":"closed","ping_status":"open","sticky":false,"template":"","format":"standard","meta":{"iawp_total_views":17,"footnotes":""},"categories":[4],"tags":[],"class_list":["post-2423","post","type-post","status-publish","format-standard","has-post-thumbnail","hentry","category-entrevistas"],"_links":{"self":[{"href":"https:\/\/economiayviveros.com.ar\/portada\/wp-json\/wp\/v2\/posts\/2423","targetHints":{"allow":["GET"]}}],"collection":[{"href":"https:\/\/economiayviveros.com.ar\/portada\/wp-json\/wp\/v2\/posts"}],"about":[{"href":"https:\/\/economiayviveros.com.ar\/portada\/wp-json\/wp\/v2\/types\/post"}],"author":[{"embeddable":true,"href":"https:\/\/economiayviveros.com.ar\/portada\/wp-json\/wp\/v2\/users\/1"}],"replies":[{"embeddable":true,"href":"https:\/\/economiayviveros.com.ar\/portada\/wp-json\/wp\/v2\/comments?post=2423"}],"version-history":[{"count":7,"href":"https:\/\/economiayviveros.com.ar\/portada\/wp-json\/wp\/v2\/posts\/2423\/revisions"}],"predecessor-version":[{"id":2491,"href":"https:\/\/economiayviveros.com.ar\/portada\/wp-json\/wp\/v2\/posts\/2423\/revisions\/2491"}],"wp:featuredmedia":[{"embeddable":true,"href":"https:\/\/economiayviveros.com.ar\/portada\/wp-json\/wp\/v2\/media\/2408"}],"wp:attachment":[{"href":"https:\/\/economiayviveros.com.ar\/portada\/wp-json\/wp\/v2\/media?parent=2423"}],"wp:term":[{"taxonomy":"category","embeddable":true,"href":"https:\/\/economiayviveros.com.ar\/portada\/wp-json\/wp\/v2\/categories?post=2423"},{"taxonomy":"post_tag","embeddable":true,"href":"https:\/\/economiayviveros.com.ar\/portada\/wp-json\/wp\/v2\/tags?post=2423"}],"curies":[{"name":"wp","href":"https:\/\/api.w.org\/{rel}","templated":true}]}}