{"id":2332,"date":"2025-09-01T21:43:06","date_gmt":"2025-09-02T00:43:06","guid":{"rendered":"https:\/\/economiayviveros.com.ar\/portada\/?p=2332"},"modified":"2025-09-04T07:19:06","modified_gmt":"2025-09-04T10:19:06","slug":"dia-nacional-del-arbol-viveros-sanos-para-multiplicar-especies-nativas","status":"publish","type":"post","link":"https:\/\/economiayviveros.com.ar\/portada\/dia-nacional-del-arbol-viveros-sanos-para-multiplicar-especies-nativas\/","title":{"rendered":"D\u00eda Nacional del \u00c1rbol: viveros sanos para multiplicar especies nativas"},"content":{"rendered":"\t\t<div data-elementor-type=\"wp-post\" data-elementor-id=\"2332\" class=\"elementor elementor-2332\" data-elementor-post-type=\"post\">\n\t\t\t\t<div class=\"elementor-element elementor-element-79844ed e-flex e-con-boxed e-con e-parent\" data-id=\"79844ed\" data-element_type=\"container\">\n\t\t\t\t\t<div class=\"e-con-inner\">\n\t\t\t\t<div class=\"elementor-element elementor-element-68dbc393 elementor-widget elementor-widget-text-editor\" data-id=\"68dbc393\" data-element_type=\"widget\" data-widget_type=\"text-editor.default\">\n\t\t\t\t<div class=\"elementor-widget-container\">\n\t\t\t\t\t\t\t\t\t\n<h4 class=\"wp-block-heading\">Una fecha que a\u00f1o a a\u00f1o se afianza m\u00e1s en la cultura argentina. Las palabras del SENASA en torno a ella y un compromiso compartido entre el Organismo, los viveristas y el p\u00fablico.<\/h4>\n\n<figure class=\"wp-block-image size-large\"><img fetchpriority=\"high\" decoding=\"async\" width=\"1024\" height=\"683\" class=\"wp-image-2333\" src=\"https:\/\/economiayviveros.com.ar\/portada\/wp-content\/uploads\/2025\/08\/Nota-2-Arboles-0925-G-1024x683.jpg\" alt=\"\" srcset=\"https:\/\/economiayviveros.com.ar\/portada\/wp-content\/uploads\/2025\/08\/Nota-2-Arboles-0925-G-1024x683.jpg 1024w, https:\/\/economiayviveros.com.ar\/portada\/wp-content\/uploads\/2025\/08\/Nota-2-Arboles-0925-G-300x200.jpg 300w, https:\/\/economiayviveros.com.ar\/portada\/wp-content\/uploads\/2025\/08\/Nota-2-Arboles-0925-G-768x512.jpg 768w, https:\/\/economiayviveros.com.ar\/portada\/wp-content\/uploads\/2025\/08\/Nota-2-Arboles-0925-G.jpg 1200w\" sizes=\"(max-width: 1024px) 100vw, 1024px\" \/>\n<figcaption class=\"wp-element-caption\">Foto: <em>Econom\u00eda &amp; Viveros<\/em><\/figcaption>\n<\/figure>\n\n<p>Cada 29 de agosto, la Argentina celebra el D\u00eda Nacional del \u00c1rbol. Una fecha que invita a valorar la importancia de la forestaci\u00f3n y el cuidado de nuestras especies arb\u00f3reas nativas. Para quienes trabajamos en viveros, esta jornada es tambi\u00e9n un recordatorio del papel central que tenemos en la producci\u00f3n de plantas sanas y de calidad, capaces de sostener proyectos de restauraci\u00f3n, arbolado urbano y conservaci\u00f3n de la biodiversidad.<\/p>\n\n<p>Los \u00e1rboles cumplen m\u00faltiples funciones ambientales y sociales. Entre otras, absorben CO\u2082, regulan la temperatura en las ciudades, mejoran la calidad del aire, ofrecen h\u00e1bitat y alimento a la fauna, y protegen los suelos y los recursos h\u00eddricos. Pero, adem\u00e1s, cada ejemplar producido en un vivero representa una apuesta al futuro: la posibilidad de que comunidades, municipios y productores cuenten con \u00e1rboles nativos que fortalezcan su identidad y su entorno.<\/p>\n\n<p><strong>El aporte de los viveros<\/strong><\/p>\n\n<p>La Argentina posee una gran diversidad de especies nativas. Todas enriquecen sus paisajes: desde los lapachos y algarrobos del norte, pasando por los espinillos de la regi\u00f3n pampeana, hasta las lengas y araucarias de la Patagonia andina. Conservar y multiplicar estos \u00e1rboles requiere de viveros comprometidos con la sanidad vegetal, ya que las plagas y enfermedades representan una de las principales amenazas para su desarrollo y permanencia.<\/p>\n\n<p>En este camino, el Programa Nacional de Sanidad de Material de Propagaci\u00f3n, Micropropagaci\u00f3n y\/o Multiplicaci\u00f3n Vegetal del SENASA constituye una herramienta clave. A trav\u00e9s de la vigilancia fitosanitaria, los controles en viveros y el uso del Documento de Tr\u00e1nsito Vegetal electr\u00f3nico (DTV-e), el organismo asegura la trazabilidad y el movimiento seguro de plantas en todo el pa\u00eds.<\/p>\n\n<p><em>El Programa cumple un rol central en la prevenci\u00f3n y el control de plagas que pueden afectar la producci\u00f3n y el ambiente, asegurando que los viveros trabajen bajo condiciones fitosanitarias adecuadas. Esto adquiere especial relevancia cuando se trata de especies aut\u00f3ctonas, cuya propagaci\u00f3n resulta esencial para fortalecer corredores biol\u00f3gicos y conservar la biodiversidad<\/em>, explica Hern\u00e1n von Baczko, coordinador del Programa.<\/p>\n\n<p><strong>El valor del ceibo y otras especies emblem\u00e1ticas<\/strong><\/p>\n\n<p>Un ejemplo es el ceibo, flor nacional argentina y s\u00edmbolo del Litoral, que, adem\u00e1s de su belleza, aporta sombra, refugio para aves y protecci\u00f3n de riberas. <em>Su propagaci\u00f3n bajo est\u00e1ndares fitosanitarios contribuye a que lleguen a municipios y proyectos de forestaci\u00f3n urbana ejemplares sanos y de calidad<\/em>, se\u00f1ala Juli\u00e1n Jezierski, referente de vigilancia fitosanitaria del SENASA y especialista en ornamentales.<\/p>\n\n<p><strong>Compromiso compartido<\/strong><\/p>\n\n<p>La producci\u00f3n de \u00e1rboles nativos sanos no solo fortalece la conservaci\u00f3n de ecosistemas, sino que tambi\u00e9n mejora la calidad de vida en las ciudades, promueve la adaptaci\u00f3n al cambio clim\u00e1tico y potencia el arraigo cultural de cada regi\u00f3n.<\/p>\n\n<p>En el D\u00eda Nacional del \u00c1rbol, el SENASA y los viveros del pa\u00eds reafirman su compromiso conjunto: producir, proteger y multiplicar especies nativas para que sigan siendo parte del paisaje, la identidad y la vida de las pr\u00f3ximas generaciones.<\/p>\n\t\t\t\t\t\t\t\t<\/div>\n\t\t\t\t<\/div>\n\t\t\t\t\t<\/div>\n\t\t\t\t<\/div>\n\t\t<div class=\"elementor-element elementor-element-8a63922 e-flex e-con-boxed e-con e-parent\" data-id=\"8a63922\" data-element_type=\"container\">\n\t\t\t\t\t<div class=\"e-con-inner\">\n\t\t\t\t<div class=\"elementor-element elementor-element-15b158e elementor-widget elementor-widget-text-editor\" data-id=\"15b158e\" data-element_type=\"widget\" data-widget_type=\"text-editor.default\">\n\t\t\t\t<div class=\"elementor-widget-container\">\n\t\t\t\t\t\t\t\t\t<h1><span style=\"color: #333333;\">Sobre el autor<\/span><\/h1>\t\t\t\t\t\t\t\t<\/div>\n\t\t\t\t<\/div>\n\t\t\t\t\t<\/div>\n\t\t\t\t<\/div>\n\t\t<div class=\"elementor-element elementor-element-749e8b1 e-flex e-con-boxed e-con e-parent\" data-id=\"749e8b1\" data-element_type=\"container\">\n\t\t\t\t\t<div class=\"e-con-inner\">\n\t\t\t\t<div class=\"elementor-element elementor-element-505fa5b elementor-author-box--link-yes elementor-author-box--avatar-yes elementor-author-box--name-yes elementor-author-box--biography-yes elementor-widget elementor-widget-author-box\" data-id=\"505fa5b\" data-element_type=\"widget\" data-widget_type=\"author-box.default\">\n\t\t\t\t<div class=\"elementor-widget-container\">\n\t\t\t\t\t\t\t<div class=\"elementor-author-box\">\n\t\t\t\t\t\t\t<a href=\"https:\/\/economiayviveros.com.ar\/portada\/author\/senasa\/\" class=\"elementor-author-box__avatar\">\n\t\t\t\t\t<img decoding=\"async\" src=\"https:\/\/economiayviveros.com.ar\/portada\/wp-content\/uploads\/2026\/02\/Logo_Senasa-300x300.jpg\" alt=\"Picture of SENASA\" loading=\"lazy\">\n\t\t\t\t<\/a>\n\t\t\t\n\t\t\t<div class=\"elementor-author-box__text\">\n\t\t\t\t\t\t\t\t\t<a href=\"https:\/\/economiayviveros.com.ar\/portada\/author\/senasa\/\">\n\t\t\t\t\t\t<h4 class=\"elementor-author-box__name\">\n\t\t\t\t\t\t\tSENASA\t\t\t\t\t\t<\/h4>\n\t\t\t\t\t<\/a>\n\t\t\t\t\n\t\t\t\t\t\t\t\t\t<div class=\"elementor-author-box__bio\">\n\t\t\t\t\t\tServicio Nacional de Sanidad y Calidad Agroalimentaria\t\t\t\t\t<\/div>\n\t\t\t\t\n\t\t\t\t\t\t\t\t\t<a class=\"elementor-author-box__button elementor-button elementor-size-xs\" href=\"https:\/\/economiayviveros.com.ar\/portada\/author\/senasa\/\">\n\t\t\t\t\t\tM\u00e1s notas\t\t\t\t\t<\/a>\n\t\t\t\t\t\t\t<\/div>\n\t\t<\/div>\n\t\t\t\t\t\t<\/div>\n\t\t\t\t<\/div>\n\t\t\t\t\t<\/div>\n\t\t\t\t<\/div>\n\t\t\t\t<\/div>\n\t\t","protected":false},"excerpt":{"rendered":"<p>Una fecha que a\u00f1o a a\u00f1o se afianza m\u00e1s en la cultura argentina. Las palabras del SENASA en torno a ella y un compromiso compartido entre el Organismo, los viveristas y el p\u00fablico.<\/p>\n","protected":false},"author":16,"featured_media":2333,"comment_status":"closed","ping_status":"open","sticky":false,"template":"","format":"standard","meta":{"iawp_total_views":6,"footnotes":""},"categories":[5],"tags":[],"class_list":["post-2332","post","type-post","status-publish","format-standard","has-post-thumbnail","hentry","category-ciencia-arte"],"_links":{"self":[{"href":"https:\/\/economiayviveros.com.ar\/portada\/wp-json\/wp\/v2\/posts\/2332","targetHints":{"allow":["GET"]}}],"collection":[{"href":"https:\/\/economiayviveros.com.ar\/portada\/wp-json\/wp\/v2\/posts"}],"about":[{"href":"https:\/\/economiayviveros.com.ar\/portada\/wp-json\/wp\/v2\/types\/post"}],"author":[{"embeddable":true,"href":"https:\/\/economiayviveros.com.ar\/portada\/wp-json\/wp\/v2\/users\/16"}],"replies":[{"embeddable":true,"href":"https:\/\/economiayviveros.com.ar\/portada\/wp-json\/wp\/v2\/comments?post=2332"}],"version-history":[{"count":8,"href":"https:\/\/economiayviveros.com.ar\/portada\/wp-json\/wp\/v2\/posts\/2332\/revisions"}],"predecessor-version":[{"id":2386,"href":"https:\/\/economiayviveros.com.ar\/portada\/wp-json\/wp\/v2\/posts\/2332\/revisions\/2386"}],"wp:featuredmedia":[{"embeddable":true,"href":"https:\/\/economiayviveros.com.ar\/portada\/wp-json\/wp\/v2\/media\/2333"}],"wp:attachment":[{"href":"https:\/\/economiayviveros.com.ar\/portada\/wp-json\/wp\/v2\/media?parent=2332"}],"wp:term":[{"taxonomy":"category","embeddable":true,"href":"https:\/\/economiayviveros.com.ar\/portada\/wp-json\/wp\/v2\/categories?post=2332"},{"taxonomy":"post_tag","embeddable":true,"href":"https:\/\/economiayviveros.com.ar\/portada\/wp-json\/wp\/v2\/tags?post=2332"}],"curies":[{"name":"wp","href":"https:\/\/api.w.org\/{rel}","templated":true}]}}