{"id":2277,"date":"2025-09-01T21:16:33","date_gmt":"2025-09-02T00:16:33","guid":{"rendered":"https:\/\/economiayviveros.com.ar\/portada\/?p=2277"},"modified":"2025-09-02T08:59:46","modified_gmt":"2025-09-02T11:59:46","slug":"el-senado-rechazo-reestructurar-el-inta-y-disolver-el-inase","status":"publish","type":"post","link":"https:\/\/economiayviveros.com.ar\/portada\/el-senado-rechazo-reestructurar-el-inta-y-disolver-el-inase\/","title":{"rendered":"El Senado rechaz\u00f3 reestructurar el INTA y disolver el INASE"},"content":{"rendered":"\t\t<div data-elementor-type=\"wp-post\" data-elementor-id=\"2277\" class=\"elementor elementor-2277\" data-elementor-post-type=\"post\">\n\t\t\t\t<div class=\"elementor-element elementor-element-6f7669b7 e-flex e-con-boxed e-con e-parent\" data-id=\"6f7669b7\" data-element_type=\"container\">\n\t\t\t\t\t<div class=\"e-con-inner\">\n\t\t\t\t<div class=\"elementor-element elementor-element-45b0eb02 elementor-widget elementor-widget-text-editor\" data-id=\"45b0eb02\" data-element_type=\"widget\" data-widget_type=\"text-editor.default\">\n\t\t\t\t<div class=\"elementor-widget-container\">\n\t\t\t\t\t\t\t\t\t\n<h4 class=\"wp-block-heading\">Una decisi\u00f3n in\u00e9dita: el rechazo al DNU 462\/2025 regresa al Instituto Nacional de Tecnolog\u00eda Agropecuaria y al Instituto Nacional de Semillas a su estado original. El d\u00eda despu\u00e9s.<\/h4>\n\n<figure class=\"wp-block-image size-large\"><img fetchpriority=\"high\" decoding=\"async\" class=\"aligncenter wp-image-2034 size-full\" src=\"https:\/\/economiayviveros.com.ar\/portada\/wp-content\/uploads\/2025\/07\/Imagenes-de-nuestra-floricultura-INTA-0725-G.jpg\" alt=\"\" width=\"1201\" height=\"800\" srcset=\"https:\/\/economiayviveros.com.ar\/portada\/wp-content\/uploads\/2025\/07\/Imagenes-de-nuestra-floricultura-INTA-0725-G.jpg 1201w, https:\/\/economiayviveros.com.ar\/portada\/wp-content\/uploads\/2025\/07\/Imagenes-de-nuestra-floricultura-INTA-0725-G-300x200.jpg 300w, https:\/\/economiayviveros.com.ar\/portada\/wp-content\/uploads\/2025\/07\/Imagenes-de-nuestra-floricultura-INTA-0725-G-1024x682.jpg 1024w, https:\/\/economiayviveros.com.ar\/portada\/wp-content\/uploads\/2025\/07\/Imagenes-de-nuestra-floricultura-INTA-0725-G-768x512.jpg 768w\" sizes=\"(max-width: 1201px) 100vw, 1201px\" \/>\n<figcaption class=\"wp-element-caption\"><!--StartFragment --><span class=\"cf0\">Foto: gentileza de la ATE<\/span><!--EndFragment --><\/figcaption>\n<\/figure>\n\n<p>El 21 de agosto, el Senado de la Naci\u00f3n rechaz\u00f3 el decreto 462\/2025, impulsado por el ministro de Desregulaci\u00f3n, Federico Sturzenegger. Dicha medida modificaba la estructura de organismos t\u00e9cnicos clave, como el Instituto Nacional de Tecnolog\u00eda Agropecuaria (INTA), y disolv\u00eda al Instituto Nacional de Semillas (INASE). <em>La decisi\u00f3n parlamentaria fue in\u00e9dita: se trat\u00f3 de la primera vez en la historia argentina en que el Congreso Nacional rechaza un decreto por facultades delegadas<\/em>, indic\u00f3 el director nacional del INTA, Ariel Pereda.<\/p>\n\n<p>Con esa votaci\u00f3n, tanto el INTA como el INASE continuaban existiendo \u201ctal como los conocemos\u201d. Sin embargo, la sorpresa lleg\u00f3 al d\u00eda siguiente.<\/p>\n\n<p><strong>La resoluci\u00f3n 1240\/2025: m\u00e1s de 300 puestos en disponibilidad<\/strong><\/p>\n\n<p>El 22 de agosto, una resoluci\u00f3n administrativa del Gobierno Nacional puso en disponibilidad a m\u00e1s de trescientos trabajadores, en su mayor\u00eda del INTA, seguido por el INASE y el Instituto Nacional de Vitivinicultura.<\/p>\n\n<p>Los recortes afectaron principalmente al INTA-AMBA, en el que se encuentran figuras relevantes para el desarrollo del sector flor\u00edcola y al expresidente del INASE, Raimundo Lavignolle.<\/p>\n\n<p>La medida gener\u00f3 desconcierto entre el personal de los organismos ya que, horas antes, hab\u00edan recibido la confirmaci\u00f3n de la continuidad institucional por parte del Senado.<\/p>\n\n<p><strong>La reacci\u00f3n del INTA: mensaje de Ariel Pereda<\/strong><\/p>\n\n<p>En medio de la incertidumbre, Ariel Pereda, director nacional del INTA, envi\u00f3 un mensaje interno dirigido a todos los trabajadores alcanzados por la resoluci\u00f3n 1240\/2025.<\/p>\n\n<p>All\u00ed aclar\u00f3 que la resoluci\u00f3n firmada por el Ministerio de Econom\u00eda a\u00fan no representaba una notificaci\u00f3n efectiva de disponibilidad para los empleados: <em>La notificaci\u00f3n es al presidente del INTA, no a ustedes. Por lo cual, aquella gente que haya abierto el GDE y haya visto ese documento, no est\u00e1 notificada. No re\u00fane los requisitos de una notificaci\u00f3n v\u00e1lida, porque no incluye la constancia de recepci\u00f3n ni los recursos de apelaci\u00f3n. Por lo tanto, no es una notificaci\u00f3n v\u00e1lida. Cada uno de ustedes todav\u00eda sigue siendo empleado del INTA.<\/em><\/p>\n\n<p><strong>Impacto en el sector flor\u00edcola<\/strong><\/p>\n\n<p>La situaci\u00f3n abre un escenario de incertidumbre para organismos estrat\u00e9gicos en la investigaci\u00f3n flor\u00edcola -por ejemplo, el Instituto de Floricultura-. Y, tambi\u00e9n, respecto de la aplicaci\u00f3n de la Ley de Semillas que lleva adelante el INASE.<\/p>\n\n<p>El INTA, que cumplir\u00e1 setenta a\u00f1os en 2026, cuenta con presencia territorial en todo el pa\u00eds. Asimismo, es considerado un actor central en el desarrollo del sector. Un caso concreto es la creaci\u00f3n de la cooperativa Misioflor (<a href=\"https:\/\/economiayviveros.com.ar\/portada\/misioflor-la-nueva-cooperativa-que-impulsa-la-floricultura-misionera\/\" target=\"_blank\" rel=\"noreferrer noopener\">Misioflor: la nueva cooperativa que impulsa la floricultura misionera<\/a>). El INASE, por su parte, garantiza la identidad, calidad y legalidad de las semillas -entendida la semilla como todo \u00f3rgano de multiplicaci\u00f3n en el que se incluyen, por ejemplo, los esquejes-, aspecto imprescindible para la competitividad del sector productivo.<\/p>\n\n<p>En esta instancia, se espera que el Gobierno judicialice la decisi\u00f3n del Senado Nacional.<\/p>\n\n<p>\u00a0<\/p>\n\t\t\t\t\t\t\t\t<\/div>\n\t\t\t\t<\/div>\n\t\t\t\t\t<\/div>\n\t\t\t\t<\/div>\n\t\t<div class=\"elementor-element elementor-element-deec724 e-flex e-con-boxed e-con e-parent\" data-id=\"deec724\" data-element_type=\"container\">\n\t\t\t\t\t<div class=\"e-con-inner\">\n\t\t\t\t<div class=\"elementor-element elementor-element-7248bf1 elementor-widget elementor-widget-text-editor\" data-id=\"7248bf1\" data-element_type=\"widget\" data-widget_type=\"text-editor.default\">\n\t\t\t\t<div class=\"elementor-widget-container\">\n\t\t\t\t\t\t\t\t\t<h1><span style=\"color: #333333;\">Sobre el autor<\/span><\/h1>\t\t\t\t\t\t\t\t<\/div>\n\t\t\t\t<\/div>\n\t\t\t\t\t<\/div>\n\t\t\t\t<\/div>\n\t\t<div class=\"elementor-element elementor-element-3d262ad e-flex e-con-boxed e-con e-parent\" data-id=\"3d262ad\" data-element_type=\"container\">\n\t\t\t\t\t<div class=\"e-con-inner\">\n\t\t\t\t<div class=\"elementor-element elementor-element-a6e24bb elementor-author-box--link-yes elementor-author-box--avatar-yes elementor-author-box--name-yes elementor-author-box--biography-yes elementor-widget elementor-widget-author-box\" data-id=\"a6e24bb\" data-element_type=\"widget\" data-widget_type=\"author-box.default\">\n\t\t\t\t<div class=\"elementor-widget-container\">\n\t\t\t\t\t\t\t<div class=\"elementor-author-box\">\n\t\t\t\t\t\t\t<a href=\"https:\/\/economiayviveros.com.ar\/portada\/author\/helena\/\" class=\"elementor-author-box__avatar\">\n\t\t\t\t\t<img decoding=\"async\" src=\"https:\/\/economiayviveros.com.ar\/portada\/wp-content\/uploads\/2024\/12\/Logo-5-hojas-300x300.png\" alt=\"Picture of Econom\u00eda &amp; Viveros\" loading=\"lazy\">\n\t\t\t\t<\/a>\n\t\t\t\n\t\t\t<div class=\"elementor-author-box__text\">\n\t\t\t\t\t\t\t\t\t<a href=\"https:\/\/economiayviveros.com.ar\/portada\/author\/helena\/\">\n\t\t\t\t\t\t<h4 class=\"elementor-author-box__name\">\n\t\t\t\t\t\t\tEconom\u00eda &amp; Viveros\t\t\t\t\t\t<\/h4>\n\t\t\t\t\t<\/a>\n\t\t\t\t\n\t\t\t\t\t\t\t\t\t<div class=\"elementor-author-box__bio\">\n\t\t\t\t\t\tDesde el 2009 brinda toda la informaci\u00f3n sobre la floricultura argentina.\r\n\r\nEdiciones mensuales.\t\t\t\t\t<\/div>\n\t\t\t\t\n\t\t\t\t\t\t\t\t\t<a class=\"elementor-author-box__button elementor-button elementor-size-xs\" href=\"https:\/\/economiayviveros.com.ar\/portada\/author\/helena\/\">\n\t\t\t\t\t\tM\u00e1s notas\t\t\t\t\t<\/a>\n\t\t\t\t\t\t\t<\/div>\n\t\t<\/div>\n\t\t\t\t\t\t<\/div>\n\t\t\t\t<\/div>\n\t\t\t\t\t<\/div>\n\t\t\t\t<\/div>\n\t\t\t\t<\/div>\n\t\t","protected":false},"excerpt":{"rendered":"<p>Una decisi\u00f3n in\u00e9dita: el rechazo al DNU 462\/2025 regresa al Instituto Nacional de Tecnolog\u00eda Agropecuaria y al Instituto Nacional de Semillas a su estado original. El d\u00eda despu\u00e9s.<\/p>\n","protected":false},"author":1,"featured_media":2034,"comment_status":"closed","ping_status":"open","sticky":false,"template":"","format":"standard","meta":{"iawp_total_views":5,"footnotes":""},"categories":[3],"tags":[],"class_list":["post-2277","post","type-post","status-publish","format-standard","has-post-thumbnail","hentry","category-actualidad"],"_links":{"self":[{"href":"https:\/\/economiayviveros.com.ar\/portada\/wp-json\/wp\/v2\/posts\/2277","targetHints":{"allow":["GET"]}}],"collection":[{"href":"https:\/\/economiayviveros.com.ar\/portada\/wp-json\/wp\/v2\/posts"}],"about":[{"href":"https:\/\/economiayviveros.com.ar\/portada\/wp-json\/wp\/v2\/types\/post"}],"author":[{"embeddable":true,"href":"https:\/\/economiayviveros.com.ar\/portada\/wp-json\/wp\/v2\/users\/1"}],"replies":[{"embeddable":true,"href":"https:\/\/economiayviveros.com.ar\/portada\/wp-json\/wp\/v2\/comments?post=2277"}],"version-history":[{"count":10,"href":"https:\/\/economiayviveros.com.ar\/portada\/wp-json\/wp\/v2\/posts\/2277\/revisions"}],"predecessor-version":[{"id":2372,"href":"https:\/\/economiayviveros.com.ar\/portada\/wp-json\/wp\/v2\/posts\/2277\/revisions\/2372"}],"wp:featuredmedia":[{"embeddable":true,"href":"https:\/\/economiayviveros.com.ar\/portada\/wp-json\/wp\/v2\/media\/2034"}],"wp:attachment":[{"href":"https:\/\/economiayviveros.com.ar\/portada\/wp-json\/wp\/v2\/media?parent=2277"}],"wp:term":[{"taxonomy":"category","embeddable":true,"href":"https:\/\/economiayviveros.com.ar\/portada\/wp-json\/wp\/v2\/categories?post=2277"},{"taxonomy":"post_tag","embeddable":true,"href":"https:\/\/economiayviveros.com.ar\/portada\/wp-json\/wp\/v2\/tags?post=2277"}],"curies":[{"name":"wp","href":"https:\/\/api.w.org\/{rel}","templated":true}]}}