{"id":2271,"date":"2025-09-01T21:11:32","date_gmt":"2025-09-02T00:11:32","guid":{"rendered":"https:\/\/economiayviveros.com.ar\/portada\/?p=2271"},"modified":"2025-09-02T09:00:00","modified_gmt":"2025-09-02T12:00:00","slug":"misioflor-la-nueva-cooperativa-que-impulsa-la-floricultura-misionera","status":"publish","type":"post","link":"https:\/\/economiayviveros.com.ar\/portada\/misioflor-la-nueva-cooperativa-que-impulsa-la-floricultura-misionera\/","title":{"rendered":"Misioflor: la nueva cooperativa que impulsa la floricultura misionera"},"content":{"rendered":"\t\t<div data-elementor-type=\"wp-post\" data-elementor-id=\"2271\" class=\"elementor elementor-2271\" data-elementor-post-type=\"post\">\n\t\t\t\t<div class=\"elementor-element elementor-element-34487ee4 e-flex e-con-boxed e-con e-parent\" data-id=\"34487ee4\" data-element_type=\"container\">\n\t\t\t\t\t<div class=\"e-con-inner\">\n\t\t\t\t<div class=\"elementor-element elementor-element-61e186fc elementor-widget elementor-widget-text-editor\" data-id=\"61e186fc\" data-element_type=\"widget\" data-widget_type=\"text-editor.default\">\n\t\t\t\t<div class=\"elementor-widget-container\">\n\t\t\t\t\t\t\t\t\t\n<h4 class=\"wp-block-heading\">Un proyecto gestado durante m\u00e1s de una d\u00e9cada busca unir productores, viveristas y floristas para mejorar la log\u00edstica y abrir mercados en la regi\u00f3n y el exterior.<\/h4>\n\n\n\n<figure class=\"wp-block-image size-large\"><img fetchpriority=\"high\" decoding=\"async\" width=\"1024\" height=\"683\" src=\"https:\/\/economiayviveros.com.ar\/portada\/wp-content\/uploads\/2025\/08\/Act.-1-Misioflor-0925-G-1024x683.jpg\" alt=\"\" class=\"wp-image-2272\" srcset=\"https:\/\/economiayviveros.com.ar\/portada\/wp-content\/uploads\/2025\/08\/Act.-1-Misioflor-0925-G-1024x683.jpg 1024w, https:\/\/economiayviveros.com.ar\/portada\/wp-content\/uploads\/2025\/08\/Act.-1-Misioflor-0925-G-300x200.jpg 300w, https:\/\/economiayviveros.com.ar\/portada\/wp-content\/uploads\/2025\/08\/Act.-1-Misioflor-0925-G-768x512.jpg 768w, https:\/\/economiayviveros.com.ar\/portada\/wp-content\/uploads\/2025\/08\/Act.-1-Misioflor-0925-G.jpg 1200w\" sizes=\"(max-width: 1024px) 100vw, 1024px\" \/><figcaption class=\"wp-element-caption\">Misioflor. Foto: gentileza del INTA<\/figcaption><\/figure>\n\n\n\n<p>La provincia de Misiones cuenta desde hace unos d\u00edas con la Cooperativa de Productores de Plantas, Flores y Afines Misioflor Ltda., integrada por cuarenta y cinco productores. La iniciativa nace como respuesta a los desaf\u00edos de producci\u00f3n, log\u00edstica y comercializaci\u00f3n que enfrenta el sector. Cuenta con el respaldo del Ministerio del Agro y la Producci\u00f3n, del INTA y de la Facultad de Ciencias Forestales de la UNaM.<\/p>\n\n\n\n<p><strong>Un proyecto gestado durante m\u00e1s de una d\u00e9cada<\/strong><\/p>\n\n\n\n<p>Seg\u00fan explic\u00f3 la Ing. Agr. Doris Bischoff (INTA), la conformaci\u00f3n de Misioflor es \u201cun sue\u00f1o que lleva m\u00e1s de diez a\u00f1os\u201d. Fue impulsado definitivamente por la Ley VIII-109 de Fomento a la Floricultura, sancionada en septiembre de 2024. Esta norma tiene como objetivo fortalecer y regular la cadena productiva y comercial de la floricultura provincial.<\/p>\n\n\n\n<p>Dentro de este marco, en la Mesa Provincial Consultiva \u2014integrada por organismos p\u00fablicos, acad\u00e9micos, productores, florer\u00edas, decoradores de eventos, paisajistas y proveedores de insumos\u2014, se identificaron los principales problemas del sector. Entre ellos, carencias en log\u00edstica, limitaciones de financiamiento y necesidad de incorporar tecnolog\u00eda para incrementar la producci\u00f3n.<\/p>\n\n\n\n<ul class=\"wp-block-list\">\n<li><strong>Financiamiento<\/strong>: el Ministro del Agro y la Producci\u00f3n present\u00f3 un programa de microcr\u00e9ditos para la floricultura, que ofrece hasta $400.000, con tres meses de gracia y seis cuotas de devoluci\u00f3n. Est\u00e1 destinado a mejorar y adecuar la infraestructura de los emprendimientos productivos.<\/li>\n<\/ul>\n\n\n\n<p><strong>Un plan estrat\u00e9gico con seis ejes fundamentales<\/strong><\/p>\n\n\n\n<p>Los socios provienen de veinte municipios. Entre ellos, Iguaz\u00fa, Wanda, Puerto Esperanza, Eldorado, Montecarlo, Capiov\u00ed, Posadas, Ober\u00e1 y San Vicente. La convocatoria, realizada por el INTA y el Ministerio del Agro, se bas\u00f3 en un relevamiento actualizado de floricultores de toda la provincia.<\/p>\n\n\n\n<p>El Plan Estrat\u00e9gico de Misioflor prioriza:<\/p>\n\n\n\n<p>-Caracterizaci\u00f3n del sector: mapeo de productores y actores clave.<\/p>\n\n\n\n<p>-Competitividad y asociatividad: fortalecimiento organizativo y en red.<\/p>\n\n\n\n<p>-Tecnificaci\u00f3n: mejora de eficiencia y calidad con incorporaci\u00f3n de tecnolog\u00eda.<\/p>\n\n\n\n<p>-Mercados: diversificaci\u00f3n y expansi\u00f3n comercial.<\/p>\n\n\n\n<p>-Log\u00edstica: optimizaci\u00f3n de la distribuci\u00f3n y reducci\u00f3n de costos.<\/p>\n\n\n\n<p>-Promoci\u00f3n y difusi\u00f3n: aumento de visibilidad y posicionamiento de la floricultura misionera.<\/p>\n\n\n\n<p><strong>Capacitaci\u00f3n t\u00e9cnica y producci\u00f3n con est\u00e1ndares de calidad para exportar<\/strong><\/p>\n\n\n\n<p>Los talleres realizados abarcaron distintos temas: producci\u00f3n de plantas en macetas, follaje de corte bajo cubierta y flores de corte para el mercado regional y nacional. Misioflor procura establecer est\u00e1ndares de calidad para flores de corte, follaje y plantas en maceta, con especificaciones claras en tama\u00f1o \u2013su objetivo es ofrecer productos tipificados-, empaque y manejo poscosecha.<\/p>\n\n\n\n<p>A corto plazo, la cooperativa se propone abastecer a cincuenta florer\u00edas de Misiones con producci\u00f3n local; adem\u00e1s, tiende a reducir la dependencia de productos importados o provenientes de otras provincias. A mediano plazo, la meta es llegar a Buenos Aires; y, posteriormente, exportar a Paraguay y Brasil. La alianza con la empresa Viaflor permitir\u00e1 mejorar la log\u00edstica y la distribuci\u00f3n, indican.<\/p>\n\n\n\n<p>A su vez, en conjunto con Biof\u00e1brica Misiones, se trabaja en la multiplicaci\u00f3n in vitro de plantas ornamentales y flores de corte, en vista de garantizar plantines de alta calidad y sanidad.<\/p>\n\n\n\n<p>Por otro lado, varios asociados ya producen flores y follajes tropicales bajo monte nativo, lo que contribuye a la conservaci\u00f3n de la selva misionera y al fomento de pr\u00e1cticas agroecol\u00f3gicas. <em>Cultivar de esta forma no requiere de inversiones en estructuras, pl\u00e1sticos, sistemas de riego, gracias a las condiciones agroclim\u00e1ticas favorables de provincia.<\/em><\/p>\n\n\n\n<p><\/p>\n\t\t\t\t\t\t\t\t<\/div>\n\t\t\t\t<\/div>\n\t\t\t\t\t<\/div>\n\t\t\t\t<\/div>\n\t\t<div class=\"elementor-element elementor-element-7360191 e-flex e-con-boxed e-con e-parent\" data-id=\"7360191\" data-element_type=\"container\">\n\t\t\t\t\t<div class=\"e-con-inner\">\n\t\t\t\t<div class=\"elementor-element elementor-element-02763ca elementor-widget elementor-widget-text-editor\" data-id=\"02763ca\" data-element_type=\"widget\" data-widget_type=\"text-editor.default\">\n\t\t\t\t<div class=\"elementor-widget-container\">\n\t\t\t\t\t\t\t\t\t<h1><span style=\"color: #333333;\">Sobre el autor<\/span><\/h1>\t\t\t\t\t\t\t\t<\/div>\n\t\t\t\t<\/div>\n\t\t\t\t\t<\/div>\n\t\t\t\t<\/div>\n\t\t<div class=\"elementor-element elementor-element-b791812 e-flex e-con-boxed e-con e-parent\" data-id=\"b791812\" data-element_type=\"container\">\n\t\t\t\t\t<div class=\"e-con-inner\">\n\t\t\t\t<div class=\"elementor-element elementor-element-d2076f9 elementor-author-box--link-yes elementor-author-box--avatar-yes elementor-author-box--name-yes elementor-author-box--biography-yes elementor-widget elementor-widget-author-box\" data-id=\"d2076f9\" data-element_type=\"widget\" data-widget_type=\"author-box.default\">\n\t\t\t\t<div class=\"elementor-widget-container\">\n\t\t\t\t\t\t\t<div class=\"elementor-author-box\">\n\t\t\t\t\t\t\t<a href=\"https:\/\/economiayviveros.com.ar\/portada\/author\/helena\/\" class=\"elementor-author-box__avatar\">\n\t\t\t\t\t<img decoding=\"async\" src=\"https:\/\/economiayviveros.com.ar\/portada\/wp-content\/uploads\/2024\/12\/Logo-5-hojas-300x300.png\" alt=\"Picture of Econom\u00eda &amp; Viveros\" loading=\"lazy\">\n\t\t\t\t<\/a>\n\t\t\t\n\t\t\t<div class=\"elementor-author-box__text\">\n\t\t\t\t\t\t\t\t\t<a href=\"https:\/\/economiayviveros.com.ar\/portada\/author\/helena\/\">\n\t\t\t\t\t\t<h4 class=\"elementor-author-box__name\">\n\t\t\t\t\t\t\tEconom\u00eda &amp; Viveros\t\t\t\t\t\t<\/h4>\n\t\t\t\t\t<\/a>\n\t\t\t\t\n\t\t\t\t\t\t\t\t\t<div class=\"elementor-author-box__bio\">\n\t\t\t\t\t\tDesde el 2009 brinda toda la informaci\u00f3n sobre la floricultura argentina.\r\n\r\nEdiciones mensuales.\t\t\t\t\t<\/div>\n\t\t\t\t\n\t\t\t\t\t\t\t\t\t<a class=\"elementor-author-box__button elementor-button elementor-size-xs\" href=\"https:\/\/economiayviveros.com.ar\/portada\/author\/helena\/\">\n\t\t\t\t\t\tM\u00e1s notas\t\t\t\t\t<\/a>\n\t\t\t\t\t\t\t<\/div>\n\t\t<\/div>\n\t\t\t\t\t\t<\/div>\n\t\t\t\t<\/div>\n\t\t\t\t\t<\/div>\n\t\t\t\t<\/div>\n\t\t\t\t<\/div>\n\t\t","protected":false},"excerpt":{"rendered":"<p>Un proyecto gestado durante m\u00e1s de una d\u00e9cada busca unir productores, viveristas y floristas para mejorar la log\u00edstica y abrir mercados en la regi\u00f3n y el exterior.<\/p>\n","protected":false},"author":1,"featured_media":2272,"comment_status":"closed","ping_status":"open","sticky":false,"template":"","format":"standard","meta":{"iawp_total_views":29,"footnotes":""},"categories":[3],"tags":[],"class_list":["post-2271","post","type-post","status-publish","format-standard","has-post-thumbnail","hentry","category-actualidad"],"_links":{"self":[{"href":"https:\/\/economiayviveros.com.ar\/portada\/wp-json\/wp\/v2\/posts\/2271","targetHints":{"allow":["GET"]}}],"collection":[{"href":"https:\/\/economiayviveros.com.ar\/portada\/wp-json\/wp\/v2\/posts"}],"about":[{"href":"https:\/\/economiayviveros.com.ar\/portada\/wp-json\/wp\/v2\/types\/post"}],"author":[{"embeddable":true,"href":"https:\/\/economiayviveros.com.ar\/portada\/wp-json\/wp\/v2\/users\/1"}],"replies":[{"embeddable":true,"href":"https:\/\/economiayviveros.com.ar\/portada\/wp-json\/wp\/v2\/comments?post=2271"}],"version-history":[{"count":4,"href":"https:\/\/economiayviveros.com.ar\/portada\/wp-json\/wp\/v2\/posts\/2271\/revisions"}],"predecessor-version":[{"id":2276,"href":"https:\/\/economiayviveros.com.ar\/portada\/wp-json\/wp\/v2\/posts\/2271\/revisions\/2276"}],"wp:featuredmedia":[{"embeddable":true,"href":"https:\/\/economiayviveros.com.ar\/portada\/wp-json\/wp\/v2\/media\/2272"}],"wp:attachment":[{"href":"https:\/\/economiayviveros.com.ar\/portada\/wp-json\/wp\/v2\/media?parent=2271"}],"wp:term":[{"taxonomy":"category","embeddable":true,"href":"https:\/\/economiayviveros.com.ar\/portada\/wp-json\/wp\/v2\/categories?post=2271"},{"taxonomy":"post_tag","embeddable":true,"href":"https:\/\/economiayviveros.com.ar\/portada\/wp-json\/wp\/v2\/tags?post=2271"}],"curies":[{"name":"wp","href":"https:\/\/api.w.org\/{rel}","templated":true}]}}