{"id":2159,"date":"2025-08-01T19:49:43","date_gmt":"2025-08-01T22:49:43","guid":{"rendered":"https:\/\/economiayviveros.com.ar\/portada\/?p=2159"},"modified":"2025-08-05T12:03:02","modified_gmt":"2025-08-05T15:03:02","slug":"adios-al-inta-que-conocemos","status":"publish","type":"post","link":"https:\/\/economiayviveros.com.ar\/portada\/adios-al-inta-que-conocemos\/","title":{"rendered":"Adi\u00f3s al INTA que conocemos"},"content":{"rendered":"\t\t<div data-elementor-type=\"wp-post\" data-elementor-id=\"2159\" class=\"elementor elementor-2159\" data-elementor-post-type=\"post\">\n\t\t\t\t<div class=\"elementor-element elementor-element-63c92890 e-flex e-con-boxed e-con e-parent\" data-id=\"63c92890\" data-element_type=\"container\">\n\t\t\t\t\t<div class=\"e-con-inner\">\n\t\t\t\t<div class=\"elementor-element elementor-element-489c0c3e elementor-widget elementor-widget-text-editor\" data-id=\"489c0c3e\" data-element_type=\"widget\" data-widget_type=\"text-editor.default\">\n\t\t\t\t<div class=\"elementor-widget-container\">\n\t\t\t\t\t\t\t\t\t\n<h4 class=\"wp-block-heading\">IM\u00c1GENES DE NUESTRA FLORICULTURA Directores del INTA rechazan el Decreto 462\/2025, que elimina su autarqu\u00eda. Denuncian que no es modernizaci\u00f3n, sino debilitamiento de una instituci\u00f3n fundamental para el desarrollo productivo y cient\u00edfico.<\/h4>\n\n<figure class=\"wp-block-image size-large\"><img fetchpriority=\"high\" decoding=\"async\" width=\"1024\" height=\"683\" class=\"wp-image-2160\" src=\"https:\/\/economiayviveros.com.ar\/portada\/wp-content\/uploads\/2025\/08\/Imagenes-de-nuestra-floricultura-INTA-0825-G-1024x683.jpg\" alt=\"\" srcset=\"https:\/\/economiayviveros.com.ar\/portada\/wp-content\/uploads\/2025\/08\/Imagenes-de-nuestra-floricultura-INTA-0825-G-1024x683.jpg 1024w, https:\/\/economiayviveros.com.ar\/portada\/wp-content\/uploads\/2025\/08\/Imagenes-de-nuestra-floricultura-INTA-0825-G-300x200.jpg 300w, https:\/\/economiayviveros.com.ar\/portada\/wp-content\/uploads\/2025\/08\/Imagenes-de-nuestra-floricultura-INTA-0825-G-768x512.jpg 768w, https:\/\/economiayviveros.com.ar\/portada\/wp-content\/uploads\/2025\/08\/Imagenes-de-nuestra-floricultura-INTA-0825-G.jpg 1200w\" sizes=\"(max-width: 1024px) 100vw, 1024px\" \/>\n<figcaption class=\"wp-element-caption\">Foto: <em>Econom\u00eda &amp; Viveros<\/em><\/figcaption>\n<\/figure>\n\n<p><strong>Modernizar no es destruir. Transformar no es arrasar. Gobernar no es imponer.<\/strong><\/p>\n\n<p><em>Los directores de Institutos de Investigaci\u00f3n y Estaciones Experimentales Agropecuarias de INTA, nos plegamos a lo declarado por la matriz nacional, en virtud de que el Decreto 462\/2025 publicado en el Bolet\u00edn Oficial de la Naci\u00f3n, el 8 de julio de 2025, elimina la autarqu\u00eda del INTA y lo subordina a la Secretar\u00eda de Agricultura, Ganader\u00eda y Pesca de la Naci\u00f3n. Bajo el discurso de \u201cmodernizaci\u00f3n\u201d, se concentrar\u00e1 el poder en una sola figura designada pol\u00edticamente, el presidente de la instituci\u00f3n, eliminando su estructura participativa y federal. Esto no es modernizar: es centralizar, debilitar y poner en riesgo una instituci\u00f3n estrat\u00e9gica para el desarrollo de la Naci\u00f3n.<\/em><\/p>\n\n<p><em>Desde su creaci\u00f3n en 1956, el INTA ha atravesado contextos pol\u00edticos diversos. Sin embargo, con m\u00e1s o menos herramientas, siempre se sostuvo en el cumplimiento de la misi\u00f3n para la que fue creado: \u201cimpulsar la innovaci\u00f3n y contribuir al desarrollo sostenible de un sistema agroalimentario competitivo, inclusivo, equitativo y respetuoso del medio ambiente. Esto lo logra a trav\u00e9s de la investigaci\u00f3n, la extensi\u00f3n, el desarrollo de tecnolog\u00edas, el aporte a la formulaci\u00f3n de pol\u00edticas p\u00fablicas y la articulaci\u00f3n y cooperaci\u00f3n nacional e internacional\u201d (PEI 2015\u20132030).<\/em><\/p>\n\n<p><em>Logr\u00f3 el cumplimiento de esta misi\u00f3n, sosteni\u00e9ndose sobre cuatro pilares fundantes:<\/em><\/p>\n<ol>\n<li><em>Investigaci\u00f3n y extensi\u00f3n integradas en una misma instituci\u00f3n (lo que le da una caracter\u00edstica \u00fanica respecto de otros organismos similares en el mundo).<\/em><\/li>\n<li><em>Presencia territorial en todo el pa\u00eds, aun en los lugares m\u00e1s rec\u00f3nditos de la Argentina.<\/em><\/li>\n<li><em>Gobernanza participativa, federal y p\u00fablico-privada (que le da una identidad propia a cada regi\u00f3n sin perder la unidad).<\/em><\/li>\n<li><em>Concursos p\u00fablicos para acceder a cargos t\u00e9cnicos y de conducci\u00f3n (le otorga transparencia y calidad).<\/em><\/li>\n<\/ol>\n\n<p><em>Dichos pilares garantizan una agenda cercana al territorio, con respuestas tecnol\u00f3gicas pertinentes, articulaci\u00f3n con el sistema cient\u00edfico y un fuerte control social.<\/em><\/p>\n\n<p><em>Este decreto, con excusas de \u201cmodernizaci\u00f3n\u201d, viene a destruir desde los cimientos la constituci\u00f3n de esta instituci\u00f3n de ciencia y t\u00e9cnica, estrat\u00e9gica para la innovaci\u00f3n productiva, la soberan\u00eda tecnol\u00f3gica y el desarrollo local, como la de muchos otros organismos del Estado.<\/em><\/p>\n\n<p><em>Propone en sus art\u00edculos una conducci\u00f3n centralizada, vertical, que elimina la autonom\u00eda institucional, al modificar la composici\u00f3n y representatividad del Consejo Directivo, excluyendo a representantes del sistema cient\u00edfico y organizaciones del sector agropecuario, y concentrando la mayor\u00eda de las decisiones en manos del gobierno de turno. Esto elimina la posibilidad de sostener l\u00edneas de trabajo y pol\u00edticas p\u00fablicas estables, independientes de los vaivenes pol\u00edticos.<\/em><\/p>\n\n<p><em>Reducir el INTA a una oficina dependiente del Poder Ejecutivo es ignorar su historia, su valor estrat\u00e9gico y el consenso social que lo respalda. Implica romper con la continuidad de pol\u00edticas p\u00fablicas esenciales para el desarrollo agropecuario, la innovaci\u00f3n tecnol\u00f3gica, las econom\u00edas regionales, la soberan\u00eda alimentaria y la sustentabilidad.<\/em><\/p>\n\n<p><em>Llamamos a reflexionar sobre el impacto de esta medida. Argentina necesita instituciones p\u00fablicas s\u00f3lidas aut\u00f3nomas, con presencia territorial y visi\u00f3n de largo plazo.<\/em><\/p>\n<p>La carta fue firmada por los directores de institutos <em>\u2014<\/em>como Mar\u00eda Silvina Soto (Instituto de Floricultura del INTA)<em>\u2014<\/em> y de las Estaciones Experimentales Agropecuarias del INTA.<\/p>\n\t\t\t\t\t\t\t\t<\/div>\n\t\t\t\t<\/div>\n\t\t\t\t\t<\/div>\n\t\t\t\t<\/div>\n\t\t<div class=\"elementor-element elementor-element-ba034ae e-flex e-con-boxed e-con e-parent\" data-id=\"ba034ae\" data-element_type=\"container\">\n\t\t\t\t\t<div class=\"e-con-inner\">\n\t\t\t\t<div class=\"elementor-element elementor-element-34c88be elementor-widget elementor-widget-text-editor\" data-id=\"34c88be\" data-element_type=\"widget\" data-widget_type=\"text-editor.default\">\n\t\t\t\t<div class=\"elementor-widget-container\">\n\t\t\t\t\t\t\t\t\t<h1><span style=\"color: #333333;\">Sobre el autor<\/span><\/h1>\t\t\t\t\t\t\t\t<\/div>\n\t\t\t\t<\/div>\n\t\t\t\t\t<\/div>\n\t\t\t\t<\/div>\n\t\t<div class=\"elementor-element elementor-element-ce03d50 e-flex e-con-boxed e-con e-parent\" data-id=\"ce03d50\" data-element_type=\"container\">\n\t\t\t\t\t<div class=\"e-con-inner\">\n\t\t\t\t<div class=\"elementor-element elementor-element-9b498f5 elementor-author-box--link-yes elementor-author-box--avatar-yes elementor-author-box--name-yes elementor-author-box--biography-yes elementor-widget elementor-widget-author-box\" data-id=\"9b498f5\" data-element_type=\"widget\" data-widget_type=\"author-box.default\">\n\t\t\t\t<div class=\"elementor-widget-container\">\n\t\t\t\t\t\t\t<div class=\"elementor-author-box\">\n\t\t\t\t\t\t\t<a href=\"https:\/\/economiayviveros.com.ar\/portada\/author\/helena\/\" class=\"elementor-author-box__avatar\">\n\t\t\t\t\t<img decoding=\"async\" src=\"https:\/\/economiayviveros.com.ar\/portada\/wp-content\/uploads\/2024\/12\/Logo-5-hojas-300x300.png\" alt=\"Picture of Econom\u00eda &amp; Viveros\" loading=\"lazy\">\n\t\t\t\t<\/a>\n\t\t\t\n\t\t\t<div class=\"elementor-author-box__text\">\n\t\t\t\t\t\t\t\t\t<a href=\"https:\/\/economiayviveros.com.ar\/portada\/author\/helena\/\">\n\t\t\t\t\t\t<h4 class=\"elementor-author-box__name\">\n\t\t\t\t\t\t\tEconom\u00eda &amp; Viveros\t\t\t\t\t\t<\/h4>\n\t\t\t\t\t<\/a>\n\t\t\t\t\n\t\t\t\t\t\t\t\t\t<div class=\"elementor-author-box__bio\">\n\t\t\t\t\t\tDesde el 2009 brinda toda la informaci\u00f3n sobre la floricultura argentina.\r\n\r\nEdiciones mensuales.\t\t\t\t\t<\/div>\n\t\t\t\t\n\t\t\t\t\t\t\t\t\t<a class=\"elementor-author-box__button elementor-button elementor-size-xs\" href=\"https:\/\/economiayviveros.com.ar\/portada\/author\/helena\/\">\n\t\t\t\t\t\tM\u00e1s notas\t\t\t\t\t<\/a>\n\t\t\t\t\t\t\t<\/div>\n\t\t<\/div>\n\t\t\t\t\t\t<\/div>\n\t\t\t\t<\/div>\n\t\t\t\t\t<\/div>\n\t\t\t\t<\/div>\n\t\t\t\t<\/div>\n\t\t","protected":false},"excerpt":{"rendered":"<p>IM\u00c1GENES DE NUESTRA FLORICULTURA Directores del INTA rechazan el Decreto 462\/2025, que elimina su autarqu\u00eda. Denuncian que no es modernizaci\u00f3n, sino debilitamiento de una instituci\u00f3n fundamental para el desarrollo productivo y cient\u00edfico.<\/p>\n","protected":false},"author":1,"featured_media":2160,"comment_status":"closed","ping_status":"open","sticky":false,"template":"","format":"standard","meta":{"iawp_total_views":7,"footnotes":""},"categories":[3],"tags":[],"class_list":["post-2159","post","type-post","status-publish","format-standard","has-post-thumbnail","hentry","category-actualidad"],"_links":{"self":[{"href":"https:\/\/economiayviveros.com.ar\/portada\/wp-json\/wp\/v2\/posts\/2159","targetHints":{"allow":["GET"]}}],"collection":[{"href":"https:\/\/economiayviveros.com.ar\/portada\/wp-json\/wp\/v2\/posts"}],"about":[{"href":"https:\/\/economiayviveros.com.ar\/portada\/wp-json\/wp\/v2\/types\/post"}],"author":[{"embeddable":true,"href":"https:\/\/economiayviveros.com.ar\/portada\/wp-json\/wp\/v2\/users\/1"}],"replies":[{"embeddable":true,"href":"https:\/\/economiayviveros.com.ar\/portada\/wp-json\/wp\/v2\/comments?post=2159"}],"version-history":[{"count":8,"href":"https:\/\/economiayviveros.com.ar\/portada\/wp-json\/wp\/v2\/posts\/2159\/revisions"}],"predecessor-version":[{"id":2269,"href":"https:\/\/economiayviveros.com.ar\/portada\/wp-json\/wp\/v2\/posts\/2159\/revisions\/2269"}],"wp:featuredmedia":[{"embeddable":true,"href":"https:\/\/economiayviveros.com.ar\/portada\/wp-json\/wp\/v2\/media\/2160"}],"wp:attachment":[{"href":"https:\/\/economiayviveros.com.ar\/portada\/wp-json\/wp\/v2\/media?parent=2159"}],"wp:term":[{"taxonomy":"category","embeddable":true,"href":"https:\/\/economiayviveros.com.ar\/portada\/wp-json\/wp\/v2\/categories?post=2159"},{"taxonomy":"post_tag","embeddable":true,"href":"https:\/\/economiayviveros.com.ar\/portada\/wp-json\/wp\/v2\/tags?post=2159"}],"curies":[{"name":"wp","href":"https:\/\/api.w.org\/{rel}","templated":true}]}}