{"id":2087,"date":"2025-07-01T18:36:07","date_gmt":"2025-07-01T21:36:07","guid":{"rendered":"https:\/\/economiayviveros.com.ar\/portada\/?p=2087"},"modified":"2025-07-05T12:03:56","modified_gmt":"2025-07-05T15:03:56","slug":"disolver-el-inase-un-error-estrategico-para-el-pais","status":"publish","type":"post","link":"https:\/\/economiayviveros.com.ar\/portada\/disolver-el-inase-un-error-estrategico-para-el-pais\/","title":{"rendered":"Disolver el INASE: un error estrat\u00e9gico para el pa\u00eds"},"content":{"rendered":"\t\t<div data-elementor-type=\"wp-post\" data-elementor-id=\"2087\" class=\"elementor elementor-2087\" data-elementor-post-type=\"post\">\n\t\t\t\t<div class=\"elementor-element elementor-element-5904713f e-flex e-con-boxed e-con e-parent\" data-id=\"5904713f\" data-element_type=\"container\">\n\t\t\t\t\t<div class=\"e-con-inner\">\n\t\t\t\t<div class=\"elementor-element elementor-element-36fdaa4f elementor-widget elementor-widget-text-editor\" data-id=\"36fdaa4f\" data-element_type=\"widget\" data-widget_type=\"text-editor.default\">\n\t\t\t\t<div class=\"elementor-widget-container\">\n\t\t\t\t\t\t\t\t\t\n<figure class=\"wp-block-image size-full\"><img fetchpriority=\"high\" decoding=\"async\" width=\"756\" height=\"567\" class=\"wp-image-2091\" src=\"https:\/\/economiayviveros.com.ar\/portada\/wp-content\/uploads\/2025\/07\/Act.-3-Silvana-Babbitt-0725-G-1.jpg\" alt=\"\" srcset=\"https:\/\/economiayviveros.com.ar\/portada\/wp-content\/uploads\/2025\/07\/Act.-3-Silvana-Babbitt-0725-G-1.jpg 756w, https:\/\/economiayviveros.com.ar\/portada\/wp-content\/uploads\/2025\/07\/Act.-3-Silvana-Babbitt-0725-G-1-300x225.jpg 300w\" sizes=\"(max-width: 756px) 100vw, 756px\" \/>\n<figcaption class=\"wp-element-caption\">Silvana Babbitt. Foto: gentileza del INASE<\/figcaption>\n<\/figure>\n\n<p>Por <span style=\"color: #800080;\">Silvana Babbitt<\/span><br \/>Expresidenta del INASE<\/p>\n<p><strong>Qu\u00e9 es el INASE y cu\u00e1l es su rol en el pa\u00eds<\/strong><\/p>\n\n<p>La Ley de Semillas y Creaciones Fitogen\u00e9ticas N.\u00ba 20.247 fue sancionada en 1973. Dieciocho a\u00f1os despu\u00e9s, por decreto del presidente Menem, se cre\u00f3 el Instituto Nacional de Semillas (INASE) como \u00f3rgano de aplicaci\u00f3n de dicha ley. Diez a\u00f1os m\u00e1s tarde, otro decreto, esta vez del presidente De la R\u00faa, dispuso su disoluci\u00f3n.<\/p>\n\n<p>En 2004, el INASE fue recreado por la Ley N.\u00ba 25.845, y, al a\u00f1o siguiente, se inici\u00f3 su proceso de regionalizaci\u00f3n, con la apertura de oficinas en distintas zonas del pa\u00eds y el establecimiento de una pol\u00edtica de contacto directo con los productores.<\/p>\n\n<p>El Decreto N.\u00ba 2817\/91, reglamentario de la ley de semillas, le confiere al INASE funciones clave: el control del comercio de semillas mediante &#8220;poder de polic\u00eda&#8221;, la expedici\u00f3n de t\u00edtulos de propiedad sobre variedades y la certificaci\u00f3n nacional e internacional de \u00f3rganos vegetales destinados a siembra, plantaci\u00f3n o propagaci\u00f3n.<\/p>\n\n<p><strong>Tareas de fiscalizaci\u00f3n y garant\u00eda de calidad<\/strong><\/p>\n\n<p>El Instituto verifica en comercios y acopios que las semillas est\u00e9n rotuladas correctamente. Adem\u00e1s, a trav\u00e9s del Laboratorio Central o de sus tres laboratorios regionales, analiza si el contenido del envase se corresponde con lo declarado en la etiqueta. En viveros, controla materiales de propagaci\u00f3n de distintas especies, y con eso asegura que las plantas sean sanas, de buena calidad y con identidad varietal comprobada.<\/p>\n\n<p>El art\u00edculo 9.\u00ba de la ley establece los requisitos m\u00ednimos que deben figurar en el r\u00f3tulo identificatorio, lo que garantiza la &#8220;lealtad comercial&#8221; y permite a los productores reclamar en caso de fraude.<\/p>\n\n<p>El cuerpo de inspectores del INASE recorre el pa\u00eds fiscalizando comercios, cooperativas, viveros y laboratorios de semillas, verificando la legalidad del material y su documentaci\u00f3n.<\/p>\n\n<p>Ante infracciones a la ley, el organismo puede aplicar sanciones como apercibimientos, multas, decomisos, suspensiones, inhabilitaciones o clausuras.<\/p>\n\n<p><strong>C\u00f3mo se financia el INASE<\/strong><\/p>\n\n<p>El INASE se financia a trav\u00e9s de los aranceles que pagan anualmente unos 2400 operadores de semillas, el cobro de estampillas de fiscalizaci\u00f3n, los t\u00edtulos de propiedad varietal y las multas por infracciones. No utiliza impuestos generales, por lo que no impacta en el d\u00e9ficit fiscal.<\/p>\n\n<p>Cuenta con 236 agentes: 46 de planta permanente, 172 contratados bajo la Ley Marco y 18 extraescalafonarios o monotributistas. El 55 % del personal est\u00e1 constituido por profesionales (ingenieros agr\u00f3nomos, bi\u00f3logos, biotecn\u00f3logos, abogados, contadores, inform\u00e1ticos) y el 45 %, administrativos especializados en semillas.<\/p>\n\n<p><strong>Consecuencias de una posible disoluci\u00f3n del INASE<\/strong><\/p>\n\n<p>La absorci\u00f3n del INASE como una simple direcci\u00f3n nacional dentro de la Secretar\u00eda de Agricultura implicar\u00eda la p\u00e9rdida de operatividad para realizar controles urgentes y emitir resoluciones con celeridad frente a emergencias clim\u00e1ticas o sanitarias.<\/p>\n\n<p>Se romper\u00eda el v\u00ednculo directo con los operadores del sector, se centralizar\u00eda la gesti\u00f3n y se recortar\u00eda presupuesto; esto afectar\u00eda funciones vitales como la inscripci\u00f3n de variedades, inspecciones de pureza varietal y lotes de mantenimiento de pureza varietal.<\/p>\n\n<p><strong>Impacto en las \u00e1reas t\u00e9cnicas y especializadas<\/strong><\/p>\n\n<p>En el \u00e1rea de inform\u00e1tica, el despido de personal limitar\u00e1 el desarrollo de sistemas digitales necesarios para el control de semilleros. Estos procesos requieren a\u00f1os de desarrollo y personal altamente especializado.<\/p>\n\n<p>En lo jur\u00eddico, los abogados del INASE tienen formaci\u00f3n espec\u00edfica en comercio de semillas y propiedad intelectual vegetal, saberes que no podr\u00e1n ser reemplazados f\u00e1cilmente.<\/p>\n\n<p>En biotecnolog\u00eda, la centralizaci\u00f3n podr\u00eda facilitar la aparici\u00f3n de eventos transg\u00e9nicos no autorizados y afectar las exportaciones, la autorizaci\u00f3n de ensayos a campo y la disponibilidad de nuevas tecnolog\u00edas.<\/p>\n\n<p><strong>Riesgos concretos para el sector viverista<\/strong><\/p>\n\n<p>El debilitamiento de las oficinas regionales afectar\u00e1 directamente al sector viverista. Estas oficinas responden a una direcci\u00f3n espec\u00edfica que planifica seg\u00fan las caracter\u00edsticas territoriales. La centralizaci\u00f3n implicar\u00e1 demoras, desconocimiento del sector y menor eficiencia.<\/p>\n\n<p>En el caso de la certificaci\u00f3n de plantas c\u00edtricas, ya se implementa un sistema de gesti\u00f3n en l\u00ednea. Perder la independencia inform\u00e1tica podr\u00eda implicar un retroceso al sistema en papel.<\/p>\n\n<p>Frente a emergencias sanitarias como el HLB (<em>Huanglongbing<\/em>), una direcci\u00f3n centralizada no tendr\u00e1 capacidad de reacci\u00f3n inmediata.<\/p>\n\n<ul>\n<li><strong>Conclusi\u00f3n: un retroceso innecesario<\/strong><\/li>\n<\/ul>\n\n<p>Disolver el INASE es un error pol\u00edtico y t\u00e9cnico. No beneficia a los viveristas ni a los productores. Tampoco genera ahorro fiscal. En cambio, pone en riesgo el sistema de control, la competitividad internacional y la capacidad de respuesta ante las emergencias.<\/p>\n\n<p>Preservar el INASE es preservar la trazabilidad, la transparencia comercial y la soberan\u00eda tecnol\u00f3gica de la Argentina.<\/p>\n\t\t\t\t\t\t\t\t<\/div>\n\t\t\t\t<\/div>\n\t\t\t\t\t<\/div>\n\t\t\t\t<\/div>\n\t\t<div class=\"elementor-element elementor-element-0c8f638 e-flex e-con-boxed e-con e-parent\" data-id=\"0c8f638\" data-element_type=\"container\">\n\t\t\t\t\t<div class=\"e-con-inner\">\n\t\t\t\t<div class=\"elementor-element elementor-element-7a38c72 elementor-widget elementor-widget-text-editor\" data-id=\"7a38c72\" data-element_type=\"widget\" data-widget_type=\"text-editor.default\">\n\t\t\t\t<div class=\"elementor-widget-container\">\n\t\t\t\t\t\t\t\t\t<h1><span style=\"color: #333333;\">Sobre el autor<\/span><\/h1>\t\t\t\t\t\t\t\t<\/div>\n\t\t\t\t<\/div>\n\t\t\t\t\t<\/div>\n\t\t\t\t<\/div>\n\t\t<div class=\"elementor-element elementor-element-ab17246 e-flex e-con-boxed e-con e-parent\" data-id=\"ab17246\" data-element_type=\"container\">\n\t\t\t\t\t<div class=\"e-con-inner\">\n\t\t\t\t<div class=\"elementor-element elementor-element-73e4cf7 elementor-author-box--link-yes elementor-author-box--avatar-yes elementor-author-box--name-yes elementor-author-box--biography-yes elementor-widget elementor-widget-author-box\" data-id=\"73e4cf7\" data-element_type=\"widget\" data-widget_type=\"author-box.default\">\n\t\t\t\t<div class=\"elementor-widget-container\">\n\t\t\t\t\t\t\t<div class=\"elementor-author-box\">\n\t\t\t\t\t\t\t<a href=\"https:\/\/economiayviveros.com.ar\/portada\/author\/silvana-babbitt\/\" class=\"elementor-author-box__avatar\">\n\t\t\t\t\t<img decoding=\"async\" src=\"https:\/\/economiayviveros.com.ar\/portada\/wp-content\/uploads\/2025\/07\/Act.-3-Silvana-Babbitt-H-0725-.jpg\" alt=\"Picture of Silvana Babbitt\" loading=\"lazy\">\n\t\t\t\t<\/a>\n\t\t\t\n\t\t\t<div class=\"elementor-author-box__text\">\n\t\t\t\t\t\t\t\t\t<a href=\"https:\/\/economiayviveros.com.ar\/portada\/author\/silvana-babbitt\/\">\n\t\t\t\t\t\t<h4 class=\"elementor-author-box__name\">\n\t\t\t\t\t\t\tSilvana Babbitt\t\t\t\t\t\t<\/h4>\n\t\t\t\t\t<\/a>\n\t\t\t\t\n\t\t\t\t\t\t\t\t\t<div class=\"elementor-author-box__bio\">\n\t\t\t\t\t\tExpresidenta del INASE\t\t\t\t\t<\/div>\n\t\t\t\t\n\t\t\t\t\t\t\t\t\t<a class=\"elementor-author-box__button elementor-button elementor-size-xs\" href=\"https:\/\/economiayviveros.com.ar\/portada\/author\/silvana-babbitt\/\">\n\t\t\t\t\t\tM\u00e1s notas\t\t\t\t\t<\/a>\n\t\t\t\t\t\t\t<\/div>\n\t\t<\/div>\n\t\t\t\t\t\t<\/div>\n\t\t\t\t<\/div>\n\t\t\t\t\t<\/div>\n\t\t\t\t<\/div>\n\t\t\t\t<\/div>\n\t\t","protected":false},"excerpt":{"rendered":"<p>OPINI\u00d3N Silvana Babbitt, expresidenta del Instituto Nacional de Semillas, se explaya sobre c\u00f3mo afectar\u00eda a la producci\u00f3n agr\u00edcola nacional -incluso, a la flor\u00edcola- el cierre de dicho Organismo.<\/p>\n","protected":false},"author":22,"featured_media":2088,"comment_status":"closed","ping_status":"open","sticky":false,"template":"","format":"standard","meta":{"iawp_total_views":9,"footnotes":""},"categories":[3],"tags":[],"class_list":["post-2087","post","type-post","status-publish","format-standard","has-post-thumbnail","hentry","category-actualidad"],"_links":{"self":[{"href":"https:\/\/economiayviveros.com.ar\/portada\/wp-json\/wp\/v2\/posts\/2087","targetHints":{"allow":["GET"]}}],"collection":[{"href":"https:\/\/economiayviveros.com.ar\/portada\/wp-json\/wp\/v2\/posts"}],"about":[{"href":"https:\/\/economiayviveros.com.ar\/portada\/wp-json\/wp\/v2\/types\/post"}],"author":[{"embeddable":true,"href":"https:\/\/economiayviveros.com.ar\/portada\/wp-json\/wp\/v2\/users\/22"}],"replies":[{"embeddable":true,"href":"https:\/\/economiayviveros.com.ar\/portada\/wp-json\/wp\/v2\/comments?post=2087"}],"version-history":[{"count":7,"href":"https:\/\/economiayviveros.com.ar\/portada\/wp-json\/wp\/v2\/posts\/2087\/revisions"}],"predecessor-version":[{"id":2145,"href":"https:\/\/economiayviveros.com.ar\/portada\/wp-json\/wp\/v2\/posts\/2087\/revisions\/2145"}],"wp:featuredmedia":[{"embeddable":true,"href":"https:\/\/economiayviveros.com.ar\/portada\/wp-json\/wp\/v2\/media\/2088"}],"wp:attachment":[{"href":"https:\/\/economiayviveros.com.ar\/portada\/wp-json\/wp\/v2\/media?parent=2087"}],"wp:term":[{"taxonomy":"category","embeddable":true,"href":"https:\/\/economiayviveros.com.ar\/portada\/wp-json\/wp\/v2\/categories?post=2087"},{"taxonomy":"post_tag","embeddable":true,"href":"https:\/\/economiayviveros.com.ar\/portada\/wp-json\/wp\/v2\/tags?post=2087"}],"curies":[{"name":"wp","href":"https:\/\/api.w.org\/{rel}","templated":true}]}}