{"id":1912,"date":"2025-06-01T13:37:08","date_gmt":"2025-06-01T16:37:08","guid":{"rendered":"https:\/\/economiayviveros.com.ar\/portada\/?p=1912"},"modified":"2025-06-03T07:28:53","modified_gmt":"2025-06-03T10:28:53","slug":"flores-comestibles-belleza-sabor-y-salud-en-un-mismo-bocado","status":"publish","type":"post","link":"https:\/\/economiayviveros.com.ar\/portada\/flores-comestibles-belleza-sabor-y-salud-en-un-mismo-bocado\/","title":{"rendered":"Flores comestibles. Belleza, sabor y salud en un mismo bocado"},"content":{"rendered":"\t\t<div data-elementor-type=\"wp-post\" data-elementor-id=\"1912\" class=\"elementor elementor-1912\" data-elementor-post-type=\"post\">\n\t\t\t\t<div class=\"elementor-element elementor-element-321fcc5a e-flex e-con-boxed e-con e-parent\" data-id=\"321fcc5a\" data-element_type=\"container\">\n\t\t\t\t\t<div class=\"e-con-inner\">\n\t\t\t\t<div class=\"elementor-element elementor-element-79544c91 elementor-widget elementor-widget-text-editor\" data-id=\"79544c91\" data-element_type=\"widget\" data-widget_type=\"text-editor.default\">\n\t\t\t\t<div class=\"elementor-widget-container\">\n\t\t\t\t\t\t\t\t\t\n<figure class=\"wp-block-image size-large\"><img fetchpriority=\"high\" decoding=\"async\" width=\"1024\" height=\"683\" class=\"wp-image-1915\" src=\"https:\/\/economiayviveros.com.ar\/portada\/wp-content\/uploads\/2025\/06\/Nota-1-Flores-0625-G-1024x683.jpg\" alt=\"\" srcset=\"https:\/\/economiayviveros.com.ar\/portada\/wp-content\/uploads\/2025\/06\/Nota-1-Flores-0625-G-1024x683.jpg 1024w, https:\/\/economiayviveros.com.ar\/portada\/wp-content\/uploads\/2025\/06\/Nota-1-Flores-0625-G-300x200.jpg 300w, https:\/\/economiayviveros.com.ar\/portada\/wp-content\/uploads\/2025\/06\/Nota-1-Flores-0625-G-768x512.jpg 768w, https:\/\/economiayviveros.com.ar\/portada\/wp-content\/uploads\/2025\/06\/Nota-1-Flores-0625-G.jpg 1200w\" sizes=\"(max-width: 1024px) 100vw, 1024px\" \/>\n<figcaption class=\"wp-element-caption\">Foto: Adobe Stock<\/figcaption>\n<\/figure>\n\n<p>Diferentes registros y documentos hist\u00f3ricos nos demuestran que diversas flores, frescas o deshidratadas, ya eran utilizadas en el pasado con fines culinarios y, tambi\u00e9n, por sus propiedades medicinales. Muchas de ellas, a\u00fan hoy, son incluidas en nuestra dieta, como el alcaucil, el br\u00f3coli, las hebras del azafr\u00e1n, las flores del tilo y la manzanilla, entre otras.<\/p>\n\n<p>En los \u00faltimos a\u00f1os, se ha revivido el inter\u00e9s por el uso de las flores en la gastronom\u00eda, no s\u00f3lo por la capacidad que estas tienen de mejorar visualmente el plato, sino tambi\u00e9n, por el aporte nutrac\u00e9utico que poseen.\u00a0 Adem\u00e1s, se observa que est\u00e1n presentes, con mayor asiduidad, en diferentes recetarios y publicaciones relacionados con la salud y el bienestar.<\/p>\n\n<p>No obstante, debemos tener en cuenta que no todas las flores son comestibles. Para ello deben cumplir con una serie de requisitos vinculados con su composici\u00f3n qu\u00edmica y con el manejo del cultivo.\u00a0<\/p>\n\n<ul class=\"wp-block-list\">\n<li><strong>Requisitos para que una flor sea comestible<\/strong><\/li>\n<\/ul>\n\n<p>Para ser considerada comestible, una flor no debe poseer en su composici\u00f3n ning\u00fan tipo de compuestos t\u00f3xicos o antinutricionales. Podemos mencionar, como integrantes de estos, a los gluc\u00f3sidos cianog\u00e9nicos, los inhibidores de la tripsina, el exceso de oxalatos y cierto tipo de alcaloides, entre otros. Algunas especies con flores consideradas t\u00f3xicas son la adelfa o laurel de jard\u00edn, las hortensias, las azaleas, las marimo\u00f1as y los narcisos.<\/p>\n\n<p>Por otro lado, es indispensable que provengan de cultivos org\u00e1nicos o agroecol\u00f3gicos, sin la utilizaci\u00f3n de plaguicidas de s\u00edntesis, dado que el destino de la flor es, exclusivamente, para consumo y no con fines ornamentales.\u00a0<\/p>\n\n<p><span style=\"color: #800080;\"><strong>Variedad de flores comestibles<\/strong><\/span><\/p>\n\n<p>Diferentes trabajos de investigaci\u00f3n a nivel mundial ya han determinado cerca de 180 especies de plantas cuyas flores pueden ser consumidas, entre las que tenemos: violas, pensamientos, cal\u00e9ndulas, clavelinas, conejitos, malva silvestre, dalias, rosas, camelias, y, tambi\u00e9n, flores de especies arom\u00e1ticas como el romero y la menta; y algunas hortalizas, como las habas y arvejas.<\/p>\n\n<ul class=\"wp-block-list\">\n<li><strong>Formas de consumo<\/strong><\/li>\n<\/ul>\n\n<p>En algunos casos, puede consumirse la flor completa; mientras que, en otros, \u00fanicamente, es comestible una parte de esta. Y se descarta aquello que aporta un sabor distinto o una textura diferente, que hace que lo consumido no sea agradable o carezca de palatabilidad.<\/p>\n\n<p>Las flores pueden usarse frescas o deshidratadas; y es posible que sean un ingrediente m\u00e1s en innumerables platos, tanto dulces como salados. Asimismo, forman parte de infusiones, empleadas en encurtidos, o bien utilizadas para saborizar vinagres, sales, az\u00facares, etc.<\/p>\n\n<ul class=\"wp-block-list\">\n<li><strong>Conservaci\u00f3n y manipulaci\u00f3n<\/strong><\/li>\n<\/ul>\n\n<p>Las flores comestibles se caracterizan por ser un producto fr\u00e1gil, con una corta vida en g\u00f3ndola debido a que son altamente perecederas. Luego de cosechadas a primera hora de la ma\u00f1ana, este tipo de flores pierde su calidad comercial con mayor rapidez que las flores de corte con fines ornamentales. Por esta raz\u00f3n, requieren ser conservadas en envases cerrados a baja temperatura, entre 4 y 7 \u00b0C.<\/p>\n\n<p>La cosecha, manipuleo y empaquetado de las flores deben realizarse con sumo cuidado para evitar cualquier da\u00f1o mec\u00e1nico que altere su calidad, principalmente, la visual.<\/p>\n\n<p><strong>Recomendaciones para un consumo seguro<\/strong><\/p>\n\n<p>Por \u00faltimo, es importante tener en cuenta los siguientes aspectos en relaci\u00f3n con el consumo seguro de flores:<\/p>\n\n<p>&#8211; La correcta identificaci\u00f3n de la especie, ya que no todas las flores son comestibles.<\/p>\n\n<p>&#8211; Conocer su procedencia, es decir, la forma en que fueron cultivadas.<\/p>\n\n<p>&#8211; Eliminar el pistilo, que generalmente tiene un sabor desagradable; y los estambres, donde se encuentran los granos de polen, para evitar posibles reacciones al\u00e9rgicas,<\/p>\n\n<p>&#8211; Lavarlas con agua fr\u00eda y unas gotas de vinagre blanco para eliminar los residuos de tierra, insectos o las sustancias no deseadas.<\/p>\n\n<p>&#8211; Consumirlas en forma moderada con el fin de detectar posibles efectos adversos.<\/p>\n\n<p><strong>Beneficios para la salud<\/strong><\/p>\n\n<p>Adem\u00e1s de su sabor caracter\u00edstico (\u00e1cido, amargo, dulce, picante), su aroma particular, su textura en boca y su atractivo visual, las flores comestibles son muy valoradas en virtud de sus efectos sobre la salud.<\/p>\n\n<p>Seg\u00fan la especie, estas son ricas en agua (m\u00e1s del 80 % de su peso); suelen contener diferentes tipos de vitaminas, minerales y sustancias fen\u00f3licas; y son pobres en l\u00edpidos y prote\u00ednas.<\/p>\n\n<p>Es de destacar que cierto tipo de compuestos presentes, como los \u00e1cidos fen\u00f3licos, flavonoides, antocianinas y carotenoides, se consideran fitoqu\u00edmicos biol\u00f3gicamente activos con propiedades antioxidantes, antimicrobiales, antiinflamatorias, entre otras.<\/p>\n\n<ul class=\"wp-block-list\">\n<li><strong>Grupos de riesgo<\/strong>: Personas con alergias, mujeres embarazadas o en per\u00edodo de lactancia, ni\u00f1os peque\u00f1os; en general, personas medicadas y\/o con problemas de salud preexistentes (como pueden ser renales, hep\u00e1ticos, digestivos, etc.) deben evitar su consumo.<\/li>\n<\/ul>\n\n<p>Autor: <strong>Ing. Agr. Cristian L\u00f3pez<\/strong> (UNLZ).<\/p>\n\t\t\t\t\t\t\t\t<\/div>\n\t\t\t\t<\/div>\n\t\t\t\t\t<\/div>\n\t\t\t\t<\/div>\n\t\t<div class=\"elementor-element elementor-element-fef666d e-flex e-con-boxed e-con e-parent\" data-id=\"fef666d\" data-element_type=\"container\">\n\t\t\t\t\t<div class=\"e-con-inner\">\n\t\t\t\t<div class=\"elementor-element elementor-element-4f3c5df elementor-widget elementor-widget-text-editor\" data-id=\"4f3c5df\" data-element_type=\"widget\" data-widget_type=\"text-editor.default\">\n\t\t\t\t<div class=\"elementor-widget-container\">\n\t\t\t\t\t\t\t\t\t<h1><span style=\"color: #333333;\">Sobre el autor<\/span><\/h1>\t\t\t\t\t\t\t\t<\/div>\n\t\t\t\t<\/div>\n\t\t\t\t\t<\/div>\n\t\t\t\t<\/div>\n\t\t<div class=\"elementor-element elementor-element-0b28dc1 e-flex e-con-boxed e-con e-parent\" data-id=\"0b28dc1\" data-element_type=\"container\">\n\t\t\t\t\t<div class=\"e-con-inner\">\n\t\t\t\t<div class=\"elementor-element elementor-element-17de063 elementor-author-box--link-yes elementor-author-box--avatar-yes elementor-author-box--name-yes elementor-author-box--biography-yes elementor-widget elementor-widget-author-box\" data-id=\"17de063\" data-element_type=\"widget\" data-widget_type=\"author-box.default\">\n\t\t\t\t<div class=\"elementor-widget-container\">\n\t\t\t\t\t\t\t<div class=\"elementor-author-box\">\n\t\t\t\t\t\t\t<a href=\"https:\/\/economiayviveros.com.ar\/portada\/author\/universidad-nacional-de-lomas-de-zamora\/\" class=\"elementor-author-box__avatar\">\n\t\t\t\t\t<img decoding=\"async\" src=\"https:\/\/economiayviveros.com.ar\/portada\/wp-content\/uploads\/2025\/06\/Unlz-logo-300x300.png\" alt=\"Picture of Universidad Nacional de Lomas de Zamora\" loading=\"lazy\">\n\t\t\t\t<\/a>\n\t\t\t\n\t\t\t<div class=\"elementor-author-box__text\">\n\t\t\t\t\t\t\t\t\t<a href=\"https:\/\/economiayviveros.com.ar\/portada\/author\/universidad-nacional-de-lomas-de-zamora\/\">\n\t\t\t\t\t\t<h4 class=\"elementor-author-box__name\">\n\t\t\t\t\t\t\tUniversidad Nacional de Lomas de Zamora\t\t\t\t\t\t<\/h4>\n\t\t\t\t\t<\/a>\n\t\t\t\t\n\t\t\t\t\t\t\t\t\t<div class=\"elementor-author-box__bio\">\n\t\t\t\t\t\t\t\t\t\t\t<\/div>\n\t\t\t\t\n\t\t\t\t\t\t\t\t\t<a class=\"elementor-author-box__button elementor-button elementor-size-xs\" href=\"https:\/\/economiayviveros.com.ar\/portada\/author\/universidad-nacional-de-lomas-de-zamora\/\">\n\t\t\t\t\t\tM\u00e1s notas\t\t\t\t\t<\/a>\n\t\t\t\t\t\t\t<\/div>\n\t\t<\/div>\n\t\t\t\t\t\t<\/div>\n\t\t\t\t<\/div>\n\t\t\t\t\t<\/div>\n\t\t\t\t<\/div>\n\t\t<div class=\"elementor-element elementor-element-7d6a66d e-flex e-con-boxed e-con e-parent\" data-id=\"7d6a66d\" data-element_type=\"container\">\n\t\t\t\t\t<div class=\"e-con-inner\">\n\t\t\t\t<div class=\"elementor-element elementor-element-2dfbdbc elementor-widget elementor-widget-text-editor\" data-id=\"2dfbdbc\" data-element_type=\"widget\" data-widget_type=\"text-editor.default\">\n\t\t\t\t<div class=\"elementor-widget-container\">\n\t\t\t\t\t\t\t\t\t<p><strong>Anuncios<\/strong><\/p>\n<p><strong><span style=\"color: #ff6600;\">Glacoxan<\/span> <\/strong>Conoce su l\u00ednea org\u00e1nica: Bio neem (insecticida y acaricida), Jab\u00f3n pot\u00e1sico (insecticida y acaricida), Savia (antiestr\u00e9s). <a href=\"https:\/\/www.glacoxan.com\/\" target=\"_blank\" rel=\"noopener\">www.glacoxan.com<\/a><\/p>\n<p><strong><span style=\"color: #ff6600;\">Cubresuelo<\/span><\/strong> F\u00e1brica de hilados y tejidos realizados en monofilamento de polietileno de alta densidad. <a href=\"https:\/\/textilkopruch.com\/\" target=\"_blank\" rel=\"noopener\">www.textilkopruch.com<\/a><\/p>\n<p><strong><span style=\"color: #ff6600;\">Importaci\u00f3n de semillas y bulbos<\/span><\/strong> Flores para maceta y de corte, arom\u00e1ticas, hortalizas. Alm\u00e1cigos, semillas, plugs y bulbos. <a href=\"https:\/\/economiayviveros.com.ar\/publicidad\/as\/index.html\" target=\"_blank\" rel=\"noopener\">Arie Sonneveldt<\/a><\/p>\n<p style=\"text-align: right;\">Anuncia aqu\u00ed<br \/><span style=\"color: #008000;\"><a style=\"color: #008000;\" href=\"mailto:revista@economiayviveros.com.ar\" target=\"_blank\" rel=\"noopener\">revista@economiayviveros.com.ar<\/a><\/span><\/p>\t\t\t\t\t\t\t\t<\/div>\n\t\t\t\t<\/div>\n\t\t\t\t\t<\/div>\n\t\t\t\t<\/div>\n\t\t\t\t<\/div>\n\t\t","protected":false},"excerpt":{"rendered":"<p>Conoce cu\u00e1les son las flores ornamentales que pueden consumirse y sus beneficios. Adem\u00e1s: recomendaciones para un uso seguro.<\/p>\n","protected":false},"author":20,"featured_media":1915,"comment_status":"closed","ping_status":"open","sticky":false,"template":"","format":"standard","meta":{"iawp_total_views":24,"footnotes":""},"categories":[5],"tags":[],"class_list":["post-1912","post","type-post","status-publish","format-standard","has-post-thumbnail","hentry","category-ciencia-arte"],"_links":{"self":[{"href":"https:\/\/economiayviveros.com.ar\/portada\/wp-json\/wp\/v2\/posts\/1912","targetHints":{"allow":["GET"]}}],"collection":[{"href":"https:\/\/economiayviveros.com.ar\/portada\/wp-json\/wp\/v2\/posts"}],"about":[{"href":"https:\/\/economiayviveros.com.ar\/portada\/wp-json\/wp\/v2\/types\/post"}],"author":[{"embeddable":true,"href":"https:\/\/economiayviveros.com.ar\/portada\/wp-json\/wp\/v2\/users\/20"}],"replies":[{"embeddable":true,"href":"https:\/\/economiayviveros.com.ar\/portada\/wp-json\/wp\/v2\/comments?post=1912"}],"version-history":[{"count":9,"href":"https:\/\/economiayviveros.com.ar\/portada\/wp-json\/wp\/v2\/posts\/1912\/revisions"}],"predecessor-version":[{"id":2007,"href":"https:\/\/economiayviveros.com.ar\/portada\/wp-json\/wp\/v2\/posts\/1912\/revisions\/2007"}],"wp:featuredmedia":[{"embeddable":true,"href":"https:\/\/economiayviveros.com.ar\/portada\/wp-json\/wp\/v2\/media\/1915"}],"wp:attachment":[{"href":"https:\/\/economiayviveros.com.ar\/portada\/wp-json\/wp\/v2\/media?parent=1912"}],"wp:term":[{"taxonomy":"category","embeddable":true,"href":"https:\/\/economiayviveros.com.ar\/portada\/wp-json\/wp\/v2\/categories?post=1912"},{"taxonomy":"post_tag","embeddable":true,"href":"https:\/\/economiayviveros.com.ar\/portada\/wp-json\/wp\/v2\/tags?post=1912"}],"curies":[{"name":"wp","href":"https:\/\/api.w.org\/{rel}","templated":true}]}}