{"id":1903,"date":"2025-06-01T13:09:25","date_gmt":"2025-06-01T16:09:25","guid":{"rendered":"https:\/\/economiayviveros.com.ar\/portada\/?p=1903"},"modified":"2025-06-01T18:58:35","modified_gmt":"2025-06-01T21:58:35","slug":"enfermedades-en-el-cesped-2","status":"publish","type":"post","link":"https:\/\/economiayviveros.com.ar\/portada\/enfermedades-en-el-cesped-2\/","title":{"rendered":"Enfermedades en el c\u00e9sped"},"content":{"rendered":"\t\t<div data-elementor-type=\"wp-post\" data-elementor-id=\"1903\" class=\"elementor elementor-1903\" data-elementor-post-type=\"post\">\n\t\t\t\t<div class=\"elementor-element elementor-element-323002f8 e-flex e-con-boxed e-con e-parent\" data-id=\"323002f8\" data-element_type=\"container\">\n\t\t\t\t\t<div class=\"e-con-inner\">\n\t\t\t\t<div class=\"elementor-element elementor-element-315ac662 elementor-widget elementor-widget-text-editor\" data-id=\"315ac662\" data-element_type=\"widget\" data-widget_type=\"text-editor.default\">\n\t\t\t\t<div class=\"elementor-widget-container\">\n\t\t\t\t\t\t\t\t\t\n<figure class=\"wp-block-image size-large\"><img fetchpriority=\"high\" decoding=\"async\" width=\"1024\" height=\"683\" src=\"https:\/\/economiayviveros.com.ar\/portada\/wp-content\/uploads\/2025\/06\/Nota-2-Cesped-0625-G-1024x683.jpg\" alt=\"\" class=\"wp-image-1895\" srcset=\"https:\/\/economiayviveros.com.ar\/portada\/wp-content\/uploads\/2025\/06\/Nota-2-Cesped-0625-G-1024x683.jpg 1024w, https:\/\/economiayviveros.com.ar\/portada\/wp-content\/uploads\/2025\/06\/Nota-2-Cesped-0625-G-300x200.jpg 300w, https:\/\/economiayviveros.com.ar\/portada\/wp-content\/uploads\/2025\/06\/Nota-2-Cesped-0625-G-768x512.jpg 768w, https:\/\/economiayviveros.com.ar\/portada\/wp-content\/uploads\/2025\/06\/Nota-2-Cesped-0625-G.jpg 1200w\" sizes=\"(max-width: 1024px) 100vw, 1024px\" \/><figcaption class=\"wp-element-caption\">Foto: Adobe Stock<\/figcaption><\/figure>\n\n\n\n<p>El c\u00e9sped es un componente importante del paisaje urbano y periurbano, como parte de jardines, campos deportivos y parques, entre otros. Los servicios ambientales que proporciona incluyen la estabilizaci\u00f3n f\u00edsica de suelos degradados al limitar su erosi\u00f3n y la disminuci\u00f3n del escurrimiento de agua al aumentar la capacidad de infiltraci\u00f3n. Se suman los aportes a la salud f\u00edsica y mental de las personas, por recreaci\u00f3n, actividad deportiva y ocio.<\/p>\n\n\n\n<p><strong>Factores de estr\u00e9s y aparici\u00f3n de enfermedades<\/strong><\/p>\n\n\n\n<p>Las especies que forman parte de un c\u00e9sped son susceptibles a condiciones de estr\u00e9s, al igual que cualquier ser vivo. La tensi\u00f3n que provocan los factores ambientales en niveles no adecuados (desbalance de nutrientes, mala calidad del agua) impacta en la sanidad de las plantas, que se manifiesta como cambios en su crecimiento y coloraci\u00f3n.<\/p>\n\n\n\n<p>En campos deportivos, el uso de c\u00e9sped es un gran factor de estr\u00e9s. Las plagas se suman a los problemas mencionados, aparecen en cualquier sistema, con mayor intensidad cuanto m\u00e1s estresada est\u00e1 la poblaci\u00f3n vegetal. Pueden ser plantas espont\u00e1neas que compiten con las implantadas, animales que da\u00f1an por su masticaci\u00f3n o succi\u00f3n y microrganismos que colonizan sus tejidos generando alteraciones diversas en el crecimiento y desarrollo.<\/p>\n\n\n\n<p>En la larga historia del c\u00e9sped, cuyo primer registro de implantaci\u00f3n en Europa data del siglo XIII, la primera observaci\u00f3n de algo anormal fue a mediados de 1500. Entonces, se atribuy\u00f3 a la ocurrencia de rel\u00e1mpagos la aparici\u00f3n de grandes c\u00edrculos verdes con centro claro, conocidos como \u201canillos de hadas\u201d.<\/p>\n\n\n\n<p>Si bien el estudio de las enfermedades del c\u00e9sped en nuestro pa\u00eds no ha sido un tema de investigaci\u00f3n muy desarrollado, sorprende la cantidad de reportes de fitopat\u00f3genos que afectan a las especies utilizadas.<\/p>\n\n\n\n<p>La lista incluye patolog\u00edas de agrostis (<em>Agrostis stolonifera<\/em>), grama bahiana (<em>Axonopus compressus<\/em>), pasto bermuda (<em>Cynodon dactylon<\/em>), oreja de rat\u00f3n (<em>Dichondra repens<\/em>), festuca alta (<em>Festuca arundinacea<\/em>), raigr\u00e1s anual (<em>Lolium multiflorum<\/em>), raigr\u00e1s perenne (<em>Lolium perenne<\/em>), pasto bah\u00eda (<em>Paspalum<\/em> sp.), kikuyo (<em>Pennisetum clandestinum<\/em>), pasto de los prados (<em>Poa pratensis<\/em>), gramill\u00f3n (<em>Stenotaphrum secundatum<\/em>) y tr\u00e9bol blanco (<em>Trifolium repens<\/em>).<\/p>\n\n\n\n<p>Hay que considerar, tambi\u00e9n, que algunos g\u00e9neros y algunas especies tienen otros usos, por ejemplo, aptitud forrajera. Por esto, en algunos casos, se han incrementado los estudios. A continuaci\u00f3n, se resumen las principales enfermedades reportadas sobre agrostis y grama bahiana.<\/p>\n\n\n\n<figure class=\"wp-block-image size-large\"><img decoding=\"async\" width=\"1024\" height=\"606\" src=\"https:\/\/economiayviveros.com.ar\/portada\/wp-content\/uploads\/2025\/06\/Doc1-1024x606.jpg\" alt=\"\" class=\"wp-image-1897\" srcset=\"https:\/\/economiayviveros.com.ar\/portada\/wp-content\/uploads\/2025\/06\/Doc1-1024x606.jpg 1024w, https:\/\/economiayviveros.com.ar\/portada\/wp-content\/uploads\/2025\/06\/Doc1-300x178.jpg 300w, https:\/\/economiayviveros.com.ar\/portada\/wp-content\/uploads\/2025\/06\/Doc1-768x454.jpg 768w, https:\/\/economiayviveros.com.ar\/portada\/wp-content\/uploads\/2025\/06\/Doc1-1536x909.jpg 1536w, https:\/\/economiayviveros.com.ar\/portada\/wp-content\/uploads\/2025\/06\/Doc1.jpg 1778w\" sizes=\"(max-width: 1024px) 100vw, 1024px\" \/><figcaption class=\"wp-element-caption\">Enfermedades citadas sobre agrostis y grama bahiana en la Argentina<\/figcaption><\/figure>\n\n\n\n<p>Tal como se observa en la tabla y el detalle posterior, las enfermedades parasitarias citadas sobre estas especies son de origen f\u00fangico. Su control requiere la aplicaci\u00f3n de fungicidas, que adem\u00e1s del costo, implica un impacto en el ambiente.<\/p>\n\n\n\n<p>En las enfermedades de los c\u00e9spedes, como en otras especies, las patolog\u00edas microbianas son el resultado de interacciones entre genotipos susceptibles, pat\u00f3genos virulentos y medioambientes conductivos. Hay un estr\u00e9s continuo por las condiciones f\u00edsicas, mec\u00e1nicas y qu\u00edmicas de su ambiente. Dicho estr\u00e9s causa patolog\u00edas, por s\u00ed mismo y por la debilidad de las plantas, que favorecen el ataque de plagas. Su minimizaci\u00f3n se traduce en un beneficio econ\u00f3mico, porque las plantas se enferman menos y, adem\u00e1s, restaurar el equilibrio cuesta esfuerzo, dinero y no siempre es exitoso.<\/p>\n\n\n\n<ul class=\"wp-block-list\">\n<li><strong>Cuidado con el <em>thatch<\/em><\/strong><\/li>\n<\/ul>\n\n\n\n<p>Las interacciones microbianas en el ecosistema de los c\u00e9spedes son complejas. El <em>thatch &#8211;<\/em>la capa org\u00e1nica que se forma entre las hojas verdes y el suelo<em>&#8211;<\/em>, componente normal de una carpeta en crecimiento activo, puede favorecer su resiliencia al tr\u00e1fico intenso. Sin embargo, tiene un aspecto muy negativo, ya que es un reservorio microbiano. All\u00ed se preservan pat\u00f3genos capaces de infectar o reinfectar las plantas.<\/p>\n\n\n\n<p>El diagn\u00f3stico de las enfermedades de los c\u00e9spedes es dificultoso, a causa de la gran cantidad de microorganismos presentes en el <em>thatch<\/em>. Requiere de intenso trabajo y experiencia para determinar cu\u00e1l (si es que hay uno) es el microorganismo causante de los s\u00edntomas.<\/p>\n\n\n\n<p>Esta dificultad hace que se encuentren innumerable cantidad de reportes de hongos que han sido aislados de un c\u00e9sped. Pero no deben calificarse como pat\u00f3genos hasta verificar su patogenicidad en estudios sobre plantas sanas.&nbsp;<\/p>\n\n\n\n<p><strong>Diagn\u00f3stico y manejo de las enfermedades<\/strong><\/p>\n\n\n\n<p>Frente a una situaci\u00f3n de enfermedad, se debe analizar exhaustivamente el problema: describir los s\u00edntomas, su distribuci\u00f3n y avance en el c\u00e9sped (en manchones o al azar), especies y cultivares afectados, condiciones ambientales prevalentes en el momento de aparici\u00f3n de la enfermedad y en los d\u00edas previos, aplicaci\u00f3n de agroqu\u00edmicos, fertilizantes, etc., pr\u00e1cticas de manejo aplicadas y todos los datos que se consideren vinculados con el problema. Esta informaci\u00f3n facilitar\u00e1 el diagn\u00f3stico, que es el paso m\u00e1s importante que precede a la formulaci\u00f3n de pr\u00e1cticas de manejo eficientes.<\/p>\n\n\n\n<p>En general, la experiencia en el manejo de c\u00e9spedes permite a los asesores identificar las principales enfermedades que se presentan y, por lo tanto, planificar estrategias de manejo. A pesar de ello, en muchas ocasiones, el diagn\u00f3stico exclusivamente visual puede llevar a presunciones err\u00f3neas y es necesario un diagn\u00f3stico m\u00e1s preciso. Este se realiza en laboratorio, donde se caracterizan los s\u00edntomas y se identifican los microorganismos asociados.<\/p>\n\n\n\n<p><strong>Referencias<\/strong><\/p>\n\n\n\n<p>1. Aparecen manchas en hojas. El c\u00e9sped presenta \u00e1reas que van de amarillasa casta\u00f1as, del tama\u00f1o de una moneda de d\u00f3lar norteamericano. Cuando la enfermedad se torna severa, los manchones se agrandan de forma irregular.<\/p>\n\n\n\n<p>2. La desintegraci\u00f3n de las ra\u00edces determina la marchitez de las plantas, con el consecuente desarrollo de \u00e1reas de color amarillo a casta\u00f1o en el c\u00e9sped, dispuestas en c\u00edrculos o formas irregulares.<\/p>\n\n\n\n<p>3. Las hojas amarillean y mueren; se desarrolla una podredumbre seca en el cuello, las vainas y los estolones.<\/p>\n\n\n\n<p>4. Se desarrollan manchas de color casta\u00f1o en las l\u00e1minas foliares; son redondas u ovaladas, con m\u00e1rgenes oscuros. Las hojas se van volviendo clor\u00f3ticas y mueren.<\/p>\n\n\n\n<p>5. Las hojas se secan desde el \u00e1pice hacia abajo. En los estolones y vainas aparecen \u00e1reas zonas de color pardo con podredumbre seca.<\/p>\n\n\n\n<p>6. Las espigas se desintegran completamente y se forma una masa pulverulenta de esporas oscuras que es f\u00e1cilmente diseminada por las corrientes de aire.<\/p>\n\n\n\n<p>7. Se desintegran raicillas y ra\u00edces. El c\u00e9sped presenta manchones amarillentos.<\/p>\n\n\n\n<p><strong>Bibliograf\u00eda<\/strong><\/p>\n\n\n\n<p>Couch HB. 1995. Diseases of turfgrasses. Krieger Publishing Company, Florida. 421 pp.<\/p>\n\n\n\n<p>Hirschhorn E. 1986. <em>Axonopus compressus<\/em> (<em>Sphacelotheca paranaensis<\/em>). En: Las Ustilaginales de la Flora Argentina. P\u00e1g. 129. CIC, La Plata. 529 pp.<\/p>\n\n\n\n<p>Lacasa M, Benva M, Clement J, Wright ER. 2006. Enfermedades de los c\u00e9spedes en la Argentina. 3.<sup>er<\/sup> Congreso Argentino de Floricultura. 8.<sup>as<\/sup> Jornadas Nacionales de Floricultura. 288-290 pp.<\/p>\n\n\n\n<p><a href=\"https:\/\/www.umass.edu\/agriculture-food-environment\/turf\/fact-sheets\/turf-maintenance-levels-stress-expectations\" target=\"_blank\" rel=\"noreferrer noopener\">Lanier JD. 2016. Turf maintenance levels: stress and expectations. UMass Extension Turf Program. University of Massachusetts.<\/a><\/p>\n\n\n\n<p><a href=\"https:\/\/doi.org\/10.3390\/grasses4010003\" target=\"_blank\" rel=\"noreferrer noopener\">Lindsey AJ, Schiavon M, Bryan Unruh J, Kenworthy K. 2025. Urban landscapes: turfgrass benefits. Grasses 2025 (4): 3 <\/a><\/p>\n\n\n\n<p>Palmucci HE, Amat G, Arcidi\u00e1cono AM. 2001. <em>Curvularia lunata<\/em> y <em>Nigrospora sphaerica<\/em>, pat\u00f3genos de gramma bahiana (<em>Axonopus compressus<\/em>). Horticultura Argentina 20:85.<\/p>\n\n\n\n<p>Palmucci HE, Amat G. 2004. Dieback foliar y podredumbre seca de grama bahiana ocasionados por <em>Curvularia<\/em> <em>lunata<\/em> en Argentina. International Journal of Experimental Botany 53:275-279.<\/p>\n\n\n\n<p>Rivera MC, Wright ER, P\u00e9rez BA, Barreto D. 2004. First report of dolar spot caused by <em>Sclerotinia<\/em> <em>homoeocarpa<\/em> on <em>Agrostis<\/em> <em>stolonifer <\/em>in Argentina. Plant Disease 88:1384.<\/p>\n\n\n\n<p><a href=\"https:\/\/efa.agro.uba.ar\/producto\/apuntes-de-patologia-vegetal-fundamentos-y-practicas-para-la-salud-de-las-plantas\/\" target=\"_blank\" rel=\"noreferrer noopener\">Rivera MC, Wright ER. 2020. Apuntes de patolog\u00eda vegetal. Fundamentos y pr\u00e1cticas para la salud de las plantas. Editorial Facultad de Agronom\u00eda, Buenos Aires. 97 pp. <\/a><\/p>\n\n\n\n<p>Smiley RW, Demoeden PH, Clarke BB. 1996. Compendium of turfgrass diseases. APS Press, St. Paul. 98 pp.<\/p>\n\n\n\n<p><\/p>\n\t\t\t\t\t\t\t\t<\/div>\n\t\t\t\t<\/div>\n\t\t\t\t\t<\/div>\n\t\t\t\t<\/div>\n\t\t<div class=\"elementor-element elementor-element-2c67217 e-flex e-con-boxed e-con e-parent\" data-id=\"2c67217\" data-element_type=\"container\">\n\t\t\t\t\t<div class=\"e-con-inner\">\n\t\t\t\t<div class=\"elementor-element elementor-element-563e30f elementor-widget elementor-widget-text-editor\" data-id=\"563e30f\" data-element_type=\"widget\" data-widget_type=\"text-editor.default\">\n\t\t\t\t<div class=\"elementor-widget-container\">\n\t\t\t\t\t\t\t\t\t<h1><span style=\"color: #333333;\">Sobre el autor<\/span><\/h1>\t\t\t\t\t\t\t\t<\/div>\n\t\t\t\t<\/div>\n\t\t\t\t\t<\/div>\n\t\t\t\t<\/div>\n\t\t<div class=\"elementor-element elementor-element-3ccfb0d e-flex e-con-boxed e-con e-parent\" data-id=\"3ccfb0d\" data-element_type=\"container\">\n\t\t\t\t\t<div class=\"e-con-inner\">\n\t\t\t\t<div class=\"elementor-element elementor-element-8ca873c elementor-widget elementor-widget-author-box\" data-id=\"8ca873c\" data-element_type=\"widget\" data-widget_type=\"author-box.default\">\n\t\t\t\t<div class=\"elementor-widget-container\">\n\t\t\t\t\t\t\t<div class=\"elementor-author-box\">\n\t\t\t\t\t\t\t<div  class=\"elementor-author-box__avatar\">\n\t\t\t\t\t<img decoding=\"async\" src=\"https:\/\/economiayviveros.com.ar\/portada\/wp-content\/uploads\/2024\/12\/Marta-Rivera-300x300.jpg\" alt=\"Picture of Marta C. Rivera\" loading=\"lazy\">\n\t\t\t\t<\/div>\n\t\t\t\n\t\t\t<div class=\"elementor-author-box__text\">\n\t\t\t\t\t\t\t\t\t<div >\n\t\t\t\t\t\t<h4 class=\"elementor-author-box__name\">\n\t\t\t\t\t\t\tMarta C. Rivera\t\t\t\t\t\t<\/h4>\n\t\t\t\t\t<\/div>\n\t\t\t\t\n\t\t\t\t\t\t\t\t\t<div class=\"elementor-author-box__bio\">\n\t\t\t\t\t\t<p>Ingeniera agr\u00f3noma. Doctora en Ciencias Biol\u00f3gicas.<br \/>\nConsultora privada. Matr\u00edcula CPIA 13715<\/p>\n\t\t\t\t\t<\/div>\n\t\t\t\t\n\t\t\t\t\t\t\t\t\t<a class=\"elementor-author-box__button elementor-button elementor-size-xs\" href=\"https:\/\/economiayviveros.com.ar\/portada\/author\/marta-c-rivera\/\">\n\t\t\t\t\t\tM\u00e1s notas\t\t\t\t\t<\/a>\n\t\t\t\t\t\t\t<\/div>\n\t\t<\/div>\n\t\t\t\t\t\t<\/div>\n\t\t\t\t<\/div>\n\t\t\t\t\t<\/div>\n\t\t\t\t<\/div>\n\t\t<div class=\"elementor-element elementor-element-76b7b55 e-flex e-con-boxed e-con e-parent\" data-id=\"76b7b55\" data-element_type=\"container\">\n\t\t\t\t\t<div class=\"e-con-inner\">\n\t\t\t\t<div class=\"elementor-element elementor-element-bddea76 elementor-widget elementor-widget-author-box\" data-id=\"bddea76\" data-element_type=\"widget\" data-widget_type=\"author-box.default\">\n\t\t\t\t<div class=\"elementor-widget-container\">\n\t\t\t\t\t\t\t<div class=\"elementor-author-box\">\n\t\t\t\t\t\t\t<div  class=\"elementor-author-box__avatar\">\n\t\t\t\t\t<img decoding=\"async\" src=\"https:\/\/economiayviveros.com.ar\/portada\/wp-content\/uploads\/2025\/02\/Experiencias-Wright-0225-G-300x200.jpg\" alt=\"Picture of Eduardo Roberto Wright\" loading=\"lazy\">\n\t\t\t\t<\/div>\n\t\t\t\n\t\t\t<div class=\"elementor-author-box__text\">\n\t\t\t\t\t\t\t\t\t<div >\n\t\t\t\t\t\t<h4 class=\"elementor-author-box__name\">\n\t\t\t\t\t\t\tEduardo Roberto Wright\t\t\t\t\t\t<\/h4>\n\t\t\t\t\t<\/div>\n\t\t\t\t\n\t\t\t\t\t\t\t\t\t<div class=\"elementor-author-box__bio\">\n\t\t\t\t\t\t<p>Ingeniero agr\u00f3nomo. Doctor en Ciencias Biol\u00f3gicas. Profesor Consulto UBA. Coordinador de la C\u00e1tedra de Soberan\u00eda Alimentaria FAUBA. Gerente de Airu Recursos Biol\u00f3gicos.<\/p>\n\t\t\t\t\t<\/div>\n\t\t\t\t\n\t\t\t\t\t\t\t\t\t<a class=\"elementor-author-box__button elementor-button elementor-size-xs\" href=\"https:\/\/economiayviveros.com.ar\/portada\/author\/eduardo-roberto-wright\/\">\n\t\t\t\t\t\tM\u00e1s notas\t\t\t\t\t<\/a>\n\t\t\t\t\t\t\t<\/div>\n\t\t<\/div>\n\t\t\t\t\t\t<\/div>\n\t\t\t\t<\/div>\n\t\t\t\t\t<\/div>\n\t\t\t\t<\/div>\n\t\t<div class=\"elementor-element elementor-element-5d60693 e-flex e-con-boxed e-con e-parent\" data-id=\"5d60693\" data-element_type=\"container\">\n\t\t\t\t\t<div class=\"e-con-inner\">\n\t\t\t\t<div class=\"elementor-element elementor-element-592d0fa elementor-widget elementor-widget-text-editor\" data-id=\"592d0fa\" data-element_type=\"widget\" data-widget_type=\"text-editor.default\">\n\t\t\t\t<div class=\"elementor-widget-container\">\n\t\t\t\t\t\t\t\t\t<p><strong>Anuncios<\/strong><\/p>\n<p><strong><span style=\"color: #ff6600;\">Glacoxan<\/span> <\/strong>Conoce su l\u00ednea org\u00e1nica: Bio neem (insecticida y acaricida), Jab\u00f3n pot\u00e1sico (insecticida y acaricida), Savia (antiestr\u00e9s). <a href=\"https:\/\/www.glacoxan.com\/\" target=\"_blank\" rel=\"noopener\">www.glacoxan.com<\/a><\/p>\n<p><strong><span style=\"color: #ff6600;\">Cubresuelo<\/span><\/strong> F\u00e1brica de hilados y tejidos realizados en monofilamento de polietileno de alta densidad. <a href=\"https:\/\/textilkopruch.com\/\" target=\"_blank\" rel=\"noopener\">www.textilkopruch.com<\/a><\/p>\n<p><strong><span style=\"color: #ff6600;\">Importaci\u00f3n de semillas y bulbos<\/span><\/strong> Flores para maceta y de corte, arom\u00e1ticas, hortalizas. Alm\u00e1cigos, semillas, plugs y bulbos. <a href=\"https:\/\/economiayviveros.com.ar\/publicidad\/as\/index.html\" target=\"_blank\" rel=\"noopener\">Arie Sonneveldt<\/a><\/p>\n<p style=\"text-align: right;\">Anuncia aqu\u00ed<br \/><span style=\"color: #008000;\"><a style=\"color: #008000;\" href=\"mailto:revista@economiayviveros.com.ar\" target=\"_blank\" rel=\"noopener\">revista@economiayviveros.com.ar<\/a><\/span><\/p>\t\t\t\t\t\t\t\t<\/div>\n\t\t\t\t<\/div>\n\t\t\t\t\t<\/div>\n\t\t\t\t<\/div>\n\t\t\t\t<\/div>\n\t\t","protected":false},"excerpt":{"rendered":"<p>Informamos los principales factores de estr\u00e9s y aparici\u00f3n de enfermedades. Claves para un diagn\u00f3stico preciso y un manejo eficiente. Adem\u00e1s, la importancia de observar el thatch. <\/p>\n","protected":false},"author":7,"featured_media":1895,"comment_status":"closed","ping_status":"open","sticky":false,"template":"","format":"standard","meta":{"iawp_total_views":1,"footnotes":""},"categories":[1],"tags":[],"class_list":["post-1903","post","type-post","status-publish","format-standard","has-post-thumbnail","hentry","category-uncategorized"],"_links":{"self":[{"href":"https:\/\/economiayviveros.com.ar\/portada\/wp-json\/wp\/v2\/posts\/1903","targetHints":{"allow":["GET"]}}],"collection":[{"href":"https:\/\/economiayviveros.com.ar\/portada\/wp-json\/wp\/v2\/posts"}],"about":[{"href":"https:\/\/economiayviveros.com.ar\/portada\/wp-json\/wp\/v2\/types\/post"}],"author":[{"embeddable":true,"href":"https:\/\/economiayviveros.com.ar\/portada\/wp-json\/wp\/v2\/users\/7"}],"replies":[{"embeddable":true,"href":"https:\/\/economiayviveros.com.ar\/portada\/wp-json\/wp\/v2\/comments?post=1903"}],"version-history":[{"count":2,"href":"https:\/\/economiayviveros.com.ar\/portada\/wp-json\/wp\/v2\/posts\/1903\/revisions"}],"predecessor-version":[{"id":1993,"href":"https:\/\/economiayviveros.com.ar\/portada\/wp-json\/wp\/v2\/posts\/1903\/revisions\/1993"}],"wp:featuredmedia":[{"embeddable":true,"href":"https:\/\/economiayviveros.com.ar\/portada\/wp-json\/wp\/v2\/media\/1895"}],"wp:attachment":[{"href":"https:\/\/economiayviveros.com.ar\/portada\/wp-json\/wp\/v2\/media?parent=1903"}],"wp:term":[{"taxonomy":"category","embeddable":true,"href":"https:\/\/economiayviveros.com.ar\/portada\/wp-json\/wp\/v2\/categories?post=1903"},{"taxonomy":"post_tag","embeddable":true,"href":"https:\/\/economiayviveros.com.ar\/portada\/wp-json\/wp\/v2\/tags?post=1903"}],"curies":[{"name":"wp","href":"https:\/\/api.w.org\/{rel}","templated":true}]}}