{"id":1809,"date":"2025-05-01T14:30:50","date_gmt":"2025-05-01T17:30:50","guid":{"rendered":"https:\/\/economiayviveros.com.ar\/portada\/?p=1809"},"modified":"2025-05-01T22:02:22","modified_gmt":"2025-05-02T01:02:22","slug":"que-se-vio-en-el-congreso-y-la-exposicion","status":"publish","type":"post","link":"https:\/\/economiayviveros.com.ar\/portada\/que-se-vio-en-el-congreso-y-la-exposicion\/","title":{"rendered":"Qu\u00e9 se vio en el Congreso y la Exposici\u00f3n"},"content":{"rendered":"\t\t<div data-elementor-type=\"wp-post\" data-elementor-id=\"1809\" class=\"elementor elementor-1809\" data-elementor-post-type=\"post\">\n\t\t\t\t<div class=\"elementor-element elementor-element-434b2eec e-flex e-con-boxed e-con e-parent\" data-id=\"434b2eec\" data-element_type=\"container\">\n\t\t\t\t\t<div class=\"e-con-inner\">\n\t\t\t\t<div class=\"elementor-element elementor-element-12503138 elementor-widget elementor-widget-text-editor\" data-id=\"12503138\" data-element_type=\"widget\" data-widget_type=\"text-editor.default\">\n\t\t\t\t<div class=\"elementor-widget-container\">\n\t\t\t\t\t\t\t\t\t\n<figure class=\"wp-block-image size-large\"><img fetchpriority=\"high\" decoding=\"async\" width=\"1024\" height=\"683\" class=\"wp-image-1810\" src=\"https:\/\/economiayviveros.com.ar\/portada\/wp-content\/uploads\/2025\/05\/Act.-2-Congreso-H-0525-G-1024x683.jpg\" alt=\"\" srcset=\"https:\/\/economiayviveros.com.ar\/portada\/wp-content\/uploads\/2025\/05\/Act.-2-Congreso-H-0525-G-1024x683.jpg 1024w, https:\/\/economiayviveros.com.ar\/portada\/wp-content\/uploads\/2025\/05\/Act.-2-Congreso-H-0525-G-300x200.jpg 300w, https:\/\/economiayviveros.com.ar\/portada\/wp-content\/uploads\/2025\/05\/Act.-2-Congreso-H-0525-G-768x512.jpg 768w, https:\/\/economiayviveros.com.ar\/portada\/wp-content\/uploads\/2025\/05\/Act.-2-Congreso-H-0525-G.jpg 1199w\" sizes=\"(max-width: 1024px) 100vw, 1024px\" \/>\n<figcaption class=\"wp-element-caption\">Inauguraci\u00f3n del 40.\u00ba Congreso Nacional de Viveristas. Foto: gentileza del Instituto de Floricultura del INTA<\/figcaption>\n<\/figure>\n\n<p>El 40.\u00ba Congreso Nacional de Viveristas y de la 19.\u00aa Exposici\u00f3n Profesional se realiz\u00f3 del 24 al 26 de abril en Ingeniero Maschwitz (Buenos Aires). El encuentro fue organizado por la Asociaci\u00f3n Argentina de Floricultores y Viveristas, cuya presidencia ocupa el Lic. Pablo Irie, quien destac\u00f3 la importancia del evento con estas palabras: <em>Sigamos cultivando esta uni\u00f3n que nos hace fuertes, porque juntos no solo crecemos, sino que florecemos<\/em>.<\/p>\n\n<p>Dentro del marco del Congreso, la propuesta m\u00e1s destacada fue la del jueves: 2.\u00aa Jornada de Arboricultura, organizada por la Asociaci\u00f3n Civil de Arboricultura, y cuyo presidente es el Ing. Agr. Carlos Anaya. (Ofrecemos la nota <a href=\"https:\/\/economiayviveros.com.ar\/portada\/jornada-de-arboricultura-en-el-congreso\/\" target=\"_blank\" rel=\"noreferrer noopener\">aqu\u00ed<\/a>).<\/p>\n\n<p>El viernes, se luci\u00f3 la presentaci\u00f3n sobre el dise\u00f1o de espacios verdes. El paisajista Ignacio Van Heden encabez\u00f3 la propuesta \u201cConvervatorio con paisajistas. Tendencias y necesidades\u201d. Participaron, entre otros: Clara Billoch (autora de varios libros sobre jardiner\u00eda y paisajismo), Nicol\u00e1s Heinen Tarsia (Vivero La Colecci\u00f3n) y Mariela Schaer (Entreplantas Viajes). El auditorio estuvo a pleno.<\/p>\n\n<p>Ese mismo d\u00eda, tambi\u00e9n se abord\u00f3 el tema de c\u00f3mo la inteligencia artificial puede ayudar a los viveros. \u201cLa inteligencia artificial para aumentar las ventas y potenciar su negocio\/servicio\u201d, exposici\u00f3n de Alejandro Jose (MKT Marketing Digital), mostr\u00f3 que todos pueden contar con esta herramienta independientemente del tama\u00f1o de la empresa. (Puedes leer su entrevista <a href=\"https:\/\/economiayviveros.com.ar\/portada\/inteligencia-artificial\/\" target=\"_blank\" rel=\"noreferrer noopener\">aqu\u00ed<\/a>).<\/p>\n\n<p>Fueron muchas las propuestas de la Asociaci\u00f3n, expuestas en una cartelera, en la entrada principal. Ya el s\u00e1bado, otra de las exposiciones del Congreso estuvo a cargo de Mart\u00edn Guezuraga (Fundaci\u00f3n Potentia). Habl\u00f3 sobre las empresas familiares: \u201cCompetitividad de la pyme familiar y Nuevas oportunidades de ventas en el mercado del bienestar\u201d. Cerr\u00f3 con este mensaje: <em>La floricultura argentina es una hermosa muestra del valor que tiene una empresa familiar en una econom\u00eda. Hay que preservar espacios como este Congreso para seguir profesionaliz\u00e1ndose y crecer.<\/em><\/p>\n\n<ul class=\"wp-block-list\">\n<li><strong>Talleres\u00a0\u00a0\u00a0\u00a0\u00a0\u00a0\u00a0\u00a0\u00a0\u00a0\u00a0\u00a0<\/strong><\/li>\n<\/ul>\n\n<p>A las propuestas del Congreso en el auditorio principal, se sumaron los talleres. Por ejemplo, se vieron diferentes presentaciones de arte floral (Escuela Iberoamericana de Arte Floral, Escuela Argentina de Arte Floral y C\u00e1mara Argentina de Florer\u00edas). Lo que demuestra que la disciplina se ha constituido en un nicho del mercado que cada vez gana mayor protagonismo dentro del Congreso y la Exposici\u00f3n.<\/p>\n\n<p>En otro aspecto, al p\u00fablico del Congreso les resultaron particularmente interesantes las tem\u00e1ticas: \u201cFlores comestibles. Innovaci\u00f3n y oportunidad productiva\u201d, del Ing. Agr. Cristian Javier L\u00f3pez -UNLZ-. Y \u201cT\u00e9cnicas de prensado bot\u00e1nico\u201d, de Jimena Bartolom\u00e9 -Rubisco Arte &amp; Bot\u00e1nica-.<\/p>\n\n<figure class=\"wp-block-image size-full\"><img decoding=\"async\" width=\"800\" height=\"534\" class=\"wp-image-1811\" src=\"https:\/\/economiayviveros.com.ar\/portada\/wp-content\/uploads\/2025\/05\/Act.-2-Congreso-2-0525-G.jpg\" alt=\"\" srcset=\"https:\/\/economiayviveros.com.ar\/portada\/wp-content\/uploads\/2025\/05\/Act.-2-Congreso-2-0525-G.jpg 800w, https:\/\/economiayviveros.com.ar\/portada\/wp-content\/uploads\/2025\/05\/Act.-2-Congreso-2-0525-G-300x200.jpg 300w, https:\/\/economiayviveros.com.ar\/portada\/wp-content\/uploads\/2025\/05\/Act.-2-Congreso-2-0525-G-768x513.jpg 768w\" sizes=\"(max-width: 800px) 100vw, 800px\" \/>\n<figcaption class=\"wp-element-caption\">19.\u00aa Exposici\u00f3n Profesional. Fotos: <em>Econom\u00eda &amp; Viveros<\/em><\/figcaption>\n<\/figure>\n\n<p><span style=\"color: #800080;\"><strong>19.\u00aa Exposici\u00f3n Profesional<\/strong><\/span><\/p>\n\n<p>Se desarroll\u00f3 en simult\u00e1neo con el 40.\u00ba Congreso Nacional de Viveristas. Participaron m\u00e1s de setenta empresas, que, adem\u00e1s de su <em>stand<\/em>, dispusieron de un espacio para la presentaci\u00f3n de productos. (Puedes ver el plano de la Exposici\u00f3n<a href=\"https:\/\/economiayviveros.com.ar\/portada\/estas-aqui\/\" target=\"_blank\" rel=\"noreferrer noopener\"> aqu\u00ed<\/a>).<\/p>\n\n<p>Entre las firmas que aceptaron esta propuesta de la Asociaci\u00f3n, estuvieron: Biofertyl, Ciroco, Tecnoflor, Ferraro Libros, Nuevos Verdes, Plantas Faitful, Textil Kopruch, Rubisco Arte &amp; Bot\u00e1nica, Vitrogen, Vivero Wolf, Casa Alberto, Pl\u00e1sticos Puga, Vivero Ferrari, Argenplugs, Hi Soil, Macetex, Mamboreta, Mercoflor, Plantinera Pasionaria, Terrafertil, Vivero La Facultad, Devoplant, entre otros.<\/p>\n\n<p>Aunque al cierre de esta edici\u00f3n, la Asociaci\u00f3n a\u00fan no hab\u00eda realizado el relevamiento de la cantidad de asistentes al Congreso y la Exposici\u00f3n (informaron que estos y otros datos estar\u00e1n disponibles luego del 10 de mayo), los expositores se\u00f1alaron que, en general, hubo una muy buena concurrencia as\u00ed como una recepci\u00f3n positiva del evento por parte de esta.<\/p>\n\n<figure class=\"wp-block-image size-large\"><img decoding=\"async\" width=\"1024\" height=\"724\" class=\"wp-image-1812\" src=\"https:\/\/economiayviveros.com.ar\/portada\/wp-content\/uploads\/2025\/05\/Act.-2-Congreso-3-0525-G-1024x724.jpg\" alt=\"\" srcset=\"https:\/\/economiayviveros.com.ar\/portada\/wp-content\/uploads\/2025\/05\/Act.-2-Congreso-3-0525-G-1024x724.jpg 1024w, https:\/\/economiayviveros.com.ar\/portada\/wp-content\/uploads\/2025\/05\/Act.-2-Congreso-3-0525-G-300x212.jpg 300w, https:\/\/economiayviveros.com.ar\/portada\/wp-content\/uploads\/2025\/05\/Act.-2-Congreso-3-0525-G-768x543.jpg 768w, https:\/\/economiayviveros.com.ar\/portada\/wp-content\/uploads\/2025\/05\/Act.-2-Congreso-3-0525-G.jpg 1131w\" sizes=\"(max-width: 1024px) 100vw, 1024px\" \/>\n<figcaption class=\"wp-element-caption\">19.\u00aa Exposici\u00f3n Profesional. Fotos: <em>Econom\u00eda &amp; Viveros<\/em><\/figcaption>\n<\/figure>\n\n<figure class=\"wp-block-image size-full\"><img loading=\"lazy\" decoding=\"async\" width=\"800\" height=\"534\" class=\"wp-image-1813\" src=\"https:\/\/economiayviveros.com.ar\/portada\/wp-content\/uploads\/2025\/05\/Act.-2-Congreso-4-0525-G.jpg\" alt=\"\" srcset=\"https:\/\/economiayviveros.com.ar\/portada\/wp-content\/uploads\/2025\/05\/Act.-2-Congreso-4-0525-G.jpg 800w, https:\/\/economiayviveros.com.ar\/portada\/wp-content\/uploads\/2025\/05\/Act.-2-Congreso-4-0525-G-300x200.jpg 300w, https:\/\/economiayviveros.com.ar\/portada\/wp-content\/uploads\/2025\/05\/Act.-2-Congreso-4-0525-G-768x513.jpg 768w\" sizes=\"(max-width: 800px) 100vw, 800px\" \/>\n<figcaption class=\"wp-element-caption\">19.\u00aa Exposici\u00f3n Profesional. Fotos: <em>Econom\u00eda &amp; Viveros<\/em><\/figcaption>\n<\/figure>\n\n<p>\u00a0<\/p>\n\t\t\t\t\t\t\t\t<\/div>\n\t\t\t\t<\/div>\n\t\t\t\t\t<\/div>\n\t\t\t\t<\/div>\n\t\t<div class=\"elementor-element elementor-element-3d8760b e-flex e-con-boxed e-con e-parent\" data-id=\"3d8760b\" data-element_type=\"container\">\n\t\t\t\t\t<div class=\"e-con-inner\">\n\t\t\t\t<div class=\"elementor-element elementor-element-bebd00d elementor-widget elementor-widget-text-editor\" data-id=\"bebd00d\" data-element_type=\"widget\" data-widget_type=\"text-editor.default\">\n\t\t\t\t<div class=\"elementor-widget-container\">\n\t\t\t\t\t\t\t\t\t<h1><span style=\"color: #333333;\">Sobre el autor<\/span><\/h1>\t\t\t\t\t\t\t\t<\/div>\n\t\t\t\t<\/div>\n\t\t\t\t\t<\/div>\n\t\t\t\t<\/div>\n\t\t<div class=\"elementor-element elementor-element-03c09ea e-flex e-con-boxed e-con e-parent\" data-id=\"03c09ea\" data-element_type=\"container\">\n\t\t\t\t\t<div class=\"e-con-inner\">\n\t\t\t\t<div class=\"elementor-element elementor-element-d3c8bcf elementor-author-box--link-yes elementor-author-box--avatar-yes elementor-author-box--name-yes elementor-author-box--biography-yes elementor-widget elementor-widget-author-box\" data-id=\"d3c8bcf\" data-element_type=\"widget\" data-widget_type=\"author-box.default\">\n\t\t\t\t<div class=\"elementor-widget-container\">\n\t\t\t\t\t\t\t<div class=\"elementor-author-box\">\n\t\t\t\t\t\t\t<a href=\"https:\/\/economiayviveros.com.ar\/portada\/author\/helena\/\" class=\"elementor-author-box__avatar\">\n\t\t\t\t\t<img decoding=\"async\" src=\"https:\/\/economiayviveros.com.ar\/portada\/wp-content\/uploads\/2024\/12\/Logo-5-hojas-300x300.png\" alt=\"Picture of Econom\u00eda &amp; Viveros\" loading=\"lazy\">\n\t\t\t\t<\/a>\n\t\t\t\n\t\t\t<div class=\"elementor-author-box__text\">\n\t\t\t\t\t\t\t\t\t<a href=\"https:\/\/economiayviveros.com.ar\/portada\/author\/helena\/\">\n\t\t\t\t\t\t<h4 class=\"elementor-author-box__name\">\n\t\t\t\t\t\t\tEconom\u00eda &amp; Viveros\t\t\t\t\t\t<\/h4>\n\t\t\t\t\t<\/a>\n\t\t\t\t\n\t\t\t\t\t\t\t\t\t<div class=\"elementor-author-box__bio\">\n\t\t\t\t\t\tDesde el 2009 brinda toda la informaci\u00f3n sobre la floricultura argentina.\r\n\r\nEdiciones mensuales.\t\t\t\t\t<\/div>\n\t\t\t\t\n\t\t\t\t\t\t\t\t\t<a class=\"elementor-author-box__button elementor-button elementor-size-xs\" href=\"https:\/\/economiayviveros.com.ar\/portada\/author\/helena\/\">\n\t\t\t\t\t\tM\u00e1s notas\t\t\t\t\t<\/a>\n\t\t\t\t\t\t\t<\/div>\n\t\t<\/div>\n\t\t\t\t\t\t<\/div>\n\t\t\t\t<\/div>\n\t\t\t\t\t<\/div>\n\t\t\t\t<\/div>\n\t\t<div class=\"elementor-element elementor-element-b288919 e-flex e-con-boxed e-con e-parent\" data-id=\"b288919\" data-element_type=\"container\">\n\t\t\t\t\t<div class=\"e-con-inner\">\n\t\t\t\t<div class=\"elementor-element elementor-element-c3bc2b5 elementor-widget elementor-widget-text-editor\" data-id=\"c3bc2b5\" data-element_type=\"widget\" data-widget_type=\"text-editor.default\">\n\t\t\t\t<div class=\"elementor-widget-container\">\n\t\t\t\t\t\t\t\t\t<p><strong>Anuncios<\/strong><\/p>\n<p><strong><span style=\"color: #ff6600;\">Glacoxan<\/span> <\/strong>Conoce su l\u00ednea org\u00e1nica: Bio neem (insecticida y acaricida), Jab\u00f3n pot\u00e1sico (insecticida y acaricida), Savia (antiestr\u00e9s). <a href=\"https:\/\/www.glacoxan.com\/\" target=\"_blank\" rel=\"noopener\">www.glacoxan.com<\/a><\/p>\n<p><strong><span style=\"color: #ff6600;\">Cubresuelo<\/span><\/strong> F\u00e1brica de hilados y tejidos realizados en monofilamento de polietileno de alta densidad. <a href=\"https:\/\/textilkopruch.com\/\" target=\"_blank\" rel=\"noopener\">www.textilkopruch.com<\/a><\/p>\n<p><strong><span style=\"color: #ff6600;\">Importaci\u00f3n de semillas y bulbos<\/span><\/strong> Flores para maceta y de corte, arom\u00e1ticas, hortalizas. Alm\u00e1cigos, semillas, plugs y bulbos. <a href=\"https:\/\/economiayviveros.com.ar\/publicidad\/as\/index.html\" target=\"_blank\" rel=\"noopener\">Arie Sonneveldt<\/a><\/p>\n<p style=\"text-align: right;\">Anuncia aqu\u00ed<br \/><span style=\"color: #008000;\"><a style=\"color: #008000;\" href=\"mailto:revista@economiayviveros.com.ar\" target=\"_blank\" rel=\"noopener\">revista@economiayviveros.com.ar<\/a><\/span><\/p>\t\t\t\t\t\t\t\t<\/div>\n\t\t\t\t<\/div>\n\t\t\t\t\t<\/div>\n\t\t\t\t<\/div>\n\t\t\t\t<\/div>\n\t\t","protected":false},"excerpt":{"rendered":"<p>Se realiz\u00f3 del 24 al 26 de abril en Ingeniero Maschwitz (Buenos Aires). Resumen de las experiencias en este evento organizado por la Asociaci\u00f3n Argentina de Floricultores y Viveristas.<\/p>\n","protected":false},"author":1,"featured_media":1810,"comment_status":"closed","ping_status":"open","sticky":false,"template":"","format":"standard","meta":{"iawp_total_views":9,"footnotes":""},"categories":[3],"tags":[],"class_list":["post-1809","post","type-post","status-publish","format-standard","has-post-thumbnail","hentry","category-actualidad"],"_links":{"self":[{"href":"https:\/\/economiayviveros.com.ar\/portada\/wp-json\/wp\/v2\/posts\/1809","targetHints":{"allow":["GET"]}}],"collection":[{"href":"https:\/\/economiayviveros.com.ar\/portada\/wp-json\/wp\/v2\/posts"}],"about":[{"href":"https:\/\/economiayviveros.com.ar\/portada\/wp-json\/wp\/v2\/types\/post"}],"author":[{"embeddable":true,"href":"https:\/\/economiayviveros.com.ar\/portada\/wp-json\/wp\/v2\/users\/1"}],"replies":[{"embeddable":true,"href":"https:\/\/economiayviveros.com.ar\/portada\/wp-json\/wp\/v2\/comments?post=1809"}],"version-history":[{"count":7,"href":"https:\/\/economiayviveros.com.ar\/portada\/wp-json\/wp\/v2\/posts\/1809\/revisions"}],"predecessor-version":[{"id":1880,"href":"https:\/\/economiayviveros.com.ar\/portada\/wp-json\/wp\/v2\/posts\/1809\/revisions\/1880"}],"wp:featuredmedia":[{"embeddable":true,"href":"https:\/\/economiayviveros.com.ar\/portada\/wp-json\/wp\/v2\/media\/1810"}],"wp:attachment":[{"href":"https:\/\/economiayviveros.com.ar\/portada\/wp-json\/wp\/v2\/media?parent=1809"}],"wp:term":[{"taxonomy":"category","embeddable":true,"href":"https:\/\/economiayviveros.com.ar\/portada\/wp-json\/wp\/v2\/categories?post=1809"},{"taxonomy":"post_tag","embeddable":true,"href":"https:\/\/economiayviveros.com.ar\/portada\/wp-json\/wp\/v2\/tags?post=1809"}],"curies":[{"name":"wp","href":"https:\/\/api.w.org\/{rel}","templated":true}]}}