{"id":1757,"date":"2025-05-01T13:32:41","date_gmt":"2025-05-01T16:32:41","guid":{"rendered":"https:\/\/economiayviveros.com.ar\/portada\/?p=1757"},"modified":"2025-05-01T21:44:20","modified_gmt":"2025-05-02T00:44:20","slug":"devoplant","status":"publish","type":"post","link":"https:\/\/economiayviveros.com.ar\/portada\/devoplant\/","title":{"rendered":"Devoplant"},"content":{"rendered":"\t\t<div data-elementor-type=\"wp-post\" data-elementor-id=\"1757\" class=\"elementor elementor-1757\" data-elementor-post-type=\"post\">\n\t\t\t\t<div class=\"elementor-element elementor-element-747801ef e-flex e-con-boxed e-con e-parent\" data-id=\"747801ef\" data-element_type=\"container\">\n\t\t\t\t\t<div class=\"e-con-inner\">\n\t\t\t\t<div class=\"elementor-element elementor-element-6f0c766d elementor-widget elementor-widget-text-editor\" data-id=\"6f0c766d\" data-element_type=\"widget\" data-widget_type=\"text-editor.default\">\n\t\t\t\t<div class=\"elementor-widget-container\">\n\t\t\t\t\t\t\t\t\t\n<figure class=\"wp-block-image size-large\"><img fetchpriority=\"high\" decoding=\"async\" width=\"1024\" height=\"683\" class=\"wp-image-1758\" src=\"https:\/\/economiayviveros.com.ar\/portada\/wp-content\/uploads\/2025\/05\/Empresas-Devoplant-0525-G-1024x683.jpg\" alt=\"\" srcset=\"https:\/\/economiayviveros.com.ar\/portada\/wp-content\/uploads\/2025\/05\/Empresas-Devoplant-0525-G-1024x683.jpg 1024w, https:\/\/economiayviveros.com.ar\/portada\/wp-content\/uploads\/2025\/05\/Empresas-Devoplant-0525-G-300x200.jpg 300w, https:\/\/economiayviveros.com.ar\/portada\/wp-content\/uploads\/2025\/05\/Empresas-Devoplant-0525-G-768x512.jpg 768w, https:\/\/economiayviveros.com.ar\/portada\/wp-content\/uploads\/2025\/05\/Empresas-Devoplant-0525-G.jpg 1227w\" sizes=\"(max-width: 1024px) 100vw, 1024px\" \/><\/figure>\n\n<p>\u00a0<\/p>\n\n<p><strong>Presenta: Nahuel Lajmanovich (30)<\/strong><\/p>\n\n<p>Nuestra empresa naci\u00f3 en 2015 como resultado de una pasi\u00f3n personal. Inicialmente, llevamos a cabo el cultivo de estas plantas fascinantes en la Ciudad Aut\u00f3noma de Buenos Aires. Para 2018, la afici\u00f3n se transform\u00f3 en un emprendimiento comercial, con la oferta de plantas carn\u00edvoras y talleres especializados. Dos a\u00f1os m\u00e1s tarde, se estableci\u00f3 el primer invernadero en Haedo (Buenos Aires).<\/p>\n\n<p>En la actualidad, estamos por finalizar un invernadero en nuestro nuevo predio, en Ca\u00f1uelas (Buenos Aires), y proyectamos una segunda estructura para acompa\u00f1ar esta expansi\u00f3n.<\/p>\n\n<p>Desde entonces, en Devoplant iniciamos un camino de crecimiento con el objetivo de difundir el mundo de las plantas carn\u00edvoras, a trav\u00e9s de la venta, la educaci\u00f3n y la participaci\u00f3n en eventos.<\/p>\n\n<p>Nuestro cat\u00e1logo se ampli\u00f3 con nuevas especies, productos complementarios y <em>kits<\/em> para principiantes. Tambi\u00e9n sumamos talleres y actividades formativas dirigidas a distintos p\u00fablicos.<\/p>\n\n<p>Gracias a nuestra presencia en l\u00ednea y a una log\u00edstica especializada, realizamos env\u00edos a todo el pa\u00eds y garantizamos la calidad de cada planta. Ofrecemos especies ex\u00f3ticas poco frecuentes, como <em>Amorphophallus<\/em> y <em>Dracunculus vulgaris<\/em>, junto con las cl\u00e1sicas <em>Dionaea muscipula<\/em> (venus atrapamoscas).<\/p>\n\n<p>Aspiramos a continuar con la mejora de procesos y a triplicar la producci\u00f3n hacia 2026. En Devoplant, cada contacto representa una oportunidad para compartir esta pasi\u00f3n.<\/p>\n\n<ul class=\"wp-block-list\">\n<li>Con\u00f3celos <a href=\"https:\/\/www.devoplant.com.ar\/\" target=\"_blank\" rel=\"noreferrer noopener\">www.devoplant.com.ar<\/a><\/li>\n<\/ul>\n\n<p>\u00a0<\/p>\n\t\t\t\t\t\t\t\t<\/div>\n\t\t\t\t<\/div>\n\t\t\t\t\t<\/div>\n\t\t\t\t<\/div>\n\t\t<div class=\"elementor-element elementor-element-860eda3 e-flex e-con-boxed e-con e-parent\" data-id=\"860eda3\" data-element_type=\"container\">\n\t\t\t\t\t<div class=\"e-con-inner\">\n\t\t\t\t<div class=\"elementor-element elementor-element-5e14a5f elementor-widget elementor-widget-text-editor\" data-id=\"5e14a5f\" data-element_type=\"widget\" data-widget_type=\"text-editor.default\">\n\t\t\t\t<div class=\"elementor-widget-container\">\n\t\t\t\t\t\t\t\t\t<h1><span style=\"color: #333333;\">Sobre el autor<\/span><\/h1>\t\t\t\t\t\t\t\t<\/div>\n\t\t\t\t<\/div>\n\t\t\t\t\t<\/div>\n\t\t\t\t<\/div>\n\t\t<div class=\"elementor-element elementor-element-0ae3e6e e-flex e-con-boxed e-con e-parent\" data-id=\"0ae3e6e\" data-element_type=\"container\">\n\t\t\t\t\t<div class=\"e-con-inner\">\n\t\t\t\t<div class=\"elementor-element elementor-element-8f835ce elementor-author-box--link-yes elementor-author-box--avatar-yes elementor-author-box--name-yes elementor-author-box--biography-yes elementor-widget elementor-widget-author-box\" data-id=\"8f835ce\" data-element_type=\"widget\" data-widget_type=\"author-box.default\">\n\t\t\t\t<div class=\"elementor-widget-container\">\n\t\t\t\t\t\t\t<div class=\"elementor-author-box\">\n\t\t\t\t\t\t\t<a href=\"https:\/\/economiayviveros.com.ar\/portada\/author\/helena\/\" class=\"elementor-author-box__avatar\">\n\t\t\t\t\t<img decoding=\"async\" src=\"https:\/\/economiayviveros.com.ar\/portada\/wp-content\/uploads\/2024\/12\/Logo-5-hojas-300x300.png\" alt=\"Picture of Econom\u00eda &amp; Viveros\" loading=\"lazy\">\n\t\t\t\t<\/a>\n\t\t\t\n\t\t\t<div class=\"elementor-author-box__text\">\n\t\t\t\t\t\t\t\t\t<a href=\"https:\/\/economiayviveros.com.ar\/portada\/author\/helena\/\">\n\t\t\t\t\t\t<h4 class=\"elementor-author-box__name\">\n\t\t\t\t\t\t\tEconom\u00eda &amp; Viveros\t\t\t\t\t\t<\/h4>\n\t\t\t\t\t<\/a>\n\t\t\t\t\n\t\t\t\t\t\t\t\t\t<div class=\"elementor-author-box__bio\">\n\t\t\t\t\t\tDesde el 2009 brinda toda la informaci\u00f3n sobre la floricultura argentina.\r\n\r\nEdiciones mensuales.\t\t\t\t\t<\/div>\n\t\t\t\t\n\t\t\t\t\t\t\t\t\t<a class=\"elementor-author-box__button elementor-button elementor-size-xs\" href=\"https:\/\/economiayviveros.com.ar\/portada\/author\/helena\/\">\n\t\t\t\t\t\tM\u00e1s notas\t\t\t\t\t<\/a>\n\t\t\t\t\t\t\t<\/div>\n\t\t<\/div>\n\t\t\t\t\t\t<\/div>\n\t\t\t\t<\/div>\n\t\t\t\t\t<\/div>\n\t\t\t\t<\/div>\n\t\t<div class=\"elementor-element elementor-element-9b6c87c e-flex e-con-boxed e-con e-parent\" data-id=\"9b6c87c\" data-element_type=\"container\">\n\t\t\t\t\t<div class=\"e-con-inner\">\n\t\t\t\t<div class=\"elementor-element elementor-element-342991f elementor-widget elementor-widget-text-editor\" data-id=\"342991f\" data-element_type=\"widget\" data-widget_type=\"text-editor.default\">\n\t\t\t\t<div class=\"elementor-widget-container\">\n\t\t\t\t\t\t\t\t\t<p><strong>Anuncios<\/strong><\/p>\n<p><strong><span style=\"color: #ff6600;\">Glacoxan<\/span> <\/strong>Conoce su l\u00ednea org\u00e1nica: Bio neem (insecticida y acaricida), Jab\u00f3n pot\u00e1sico (insecticida y acaricida), Savia (antiestr\u00e9s). <a href=\"https:\/\/www.glacoxan.com\/\" target=\"_blank\" rel=\"noopener\">www.glacoxan.com<\/a><\/p>\n<p><strong><span style=\"color: #ff6600;\">Cubresuelo<\/span><\/strong> F\u00e1brica de hilados y tejidos realizados en monofilamento de polietileno de alta densidad. <a href=\"https:\/\/textilkopruch.com\/\" target=\"_blank\" rel=\"noopener\">www.textilkopruch.com<\/a><\/p>\n<p><strong><span style=\"color: #ff6600;\">Importaci\u00f3n de semillas y bulbos<\/span><\/strong> Flores para maceta y de corte, arom\u00e1ticas, hortalizas. Alm\u00e1cigos, semillas, plugs y bulbos. <a href=\"https:\/\/economiayviveros.com.ar\/publicidad\/as\/index.html\" target=\"_blank\" rel=\"noopener\">Arie Sonneveldt<\/a><\/p>\n<p style=\"text-align: right;\">Anuncia aqu\u00ed<br \/><span style=\"color: #008000;\"><a style=\"color: #008000;\" href=\"mailto:revista@economiayviveros.com.ar\" target=\"_blank\" rel=\"noopener\">revista@economiayviveros.com.ar<\/a><\/span><\/p>\t\t\t\t\t\t\t\t<\/div>\n\t\t\t\t<\/div>\n\t\t\t\t\t<\/div>\n\t\t\t\t<\/div>\n\t\t\t\t<\/div>\n\t\t","protected":false},"excerpt":{"rendered":"<p>EMPRESAS Nahuel Lajmanovich, fundador de Devoplant, nos cuenta sobre el devenir de una pasi\u00f3n por las plantas carn\u00edvoras en una empresa nacional que crece, educa y proyecta triplicar su producci\u00f3n. <\/p>\n","protected":false},"author":1,"featured_media":1758,"comment_status":"closed","ping_status":"open","sticky":false,"template":"","format":"standard","meta":{"iawp_total_views":11,"footnotes":""},"categories":[4],"tags":[],"class_list":["post-1757","post","type-post","status-publish","format-standard","has-post-thumbnail","hentry","category-entrevistas"],"_links":{"self":[{"href":"https:\/\/economiayviveros.com.ar\/portada\/wp-json\/wp\/v2\/posts\/1757","targetHints":{"allow":["GET"]}}],"collection":[{"href":"https:\/\/economiayviveros.com.ar\/portada\/wp-json\/wp\/v2\/posts"}],"about":[{"href":"https:\/\/economiayviveros.com.ar\/portada\/wp-json\/wp\/v2\/types\/post"}],"author":[{"embeddable":true,"href":"https:\/\/economiayviveros.com.ar\/portada\/wp-json\/wp\/v2\/users\/1"}],"replies":[{"embeddable":true,"href":"https:\/\/economiayviveros.com.ar\/portada\/wp-json\/wp\/v2\/comments?post=1757"}],"version-history":[{"count":7,"href":"https:\/\/economiayviveros.com.ar\/portada\/wp-json\/wp\/v2\/posts\/1757\/revisions"}],"predecessor-version":[{"id":1857,"href":"https:\/\/economiayviveros.com.ar\/portada\/wp-json\/wp\/v2\/posts\/1757\/revisions\/1857"}],"wp:featuredmedia":[{"embeddable":true,"href":"https:\/\/economiayviveros.com.ar\/portada\/wp-json\/wp\/v2\/media\/1758"}],"wp:attachment":[{"href":"https:\/\/economiayviveros.com.ar\/portada\/wp-json\/wp\/v2\/media?parent=1757"}],"wp:term":[{"taxonomy":"category","embeddable":true,"href":"https:\/\/economiayviveros.com.ar\/portada\/wp-json\/wp\/v2\/categories?post=1757"},{"taxonomy":"post_tag","embeddable":true,"href":"https:\/\/economiayviveros.com.ar\/portada\/wp-json\/wp\/v2\/tags?post=1757"}],"curies":[{"name":"wp","href":"https:\/\/api.w.org\/{rel}","templated":true}]}}