{"id":1742,"date":"2025-05-01T13:21:27","date_gmt":"2025-05-01T16:21:27","guid":{"rendered":"https:\/\/economiayviveros.com.ar\/portada\/?p=1742"},"modified":"2025-05-01T13:24:31","modified_gmt":"2025-05-01T16:24:31","slug":"estas-aqui","status":"publish","type":"post","link":"https:\/\/economiayviveros.com.ar\/portada\/estas-aqui\/","title":{"rendered":"\u201cEst\u00e1s aqu\u00ed\u201d"},"content":{"rendered":"\t\t<div data-elementor-type=\"wp-post\" data-elementor-id=\"1742\" class=\"elementor elementor-1742\" data-elementor-post-type=\"post\">\n\t\t\t\t<div class=\"elementor-element elementor-element-1396896d e-flex e-con-boxed e-con e-parent\" data-id=\"1396896d\" data-element_type=\"container\">\n\t\t\t\t\t<div class=\"e-con-inner\">\n\t\t\t\t<div class=\"elementor-element elementor-element-302ecca7 elementor-widget elementor-widget-text-editor\" data-id=\"302ecca7\" data-element_type=\"widget\" data-widget_type=\"text-editor.default\">\n\t\t\t\t<div class=\"elementor-widget-container\">\n\t\t\t\t\t\t\t\t\t\n<figure class=\"wp-block-image size-large\"><img fetchpriority=\"high\" decoding=\"async\" width=\"1024\" height=\"683\" src=\"https:\/\/economiayviveros.com.ar\/portada\/wp-content\/uploads\/2025\/05\/Imagenes-de-nuestra-floricultura-Congreso-0525-G-1024x683.jpg\" alt=\"\" class=\"wp-image-1743\" srcset=\"https:\/\/economiayviveros.com.ar\/portada\/wp-content\/uploads\/2025\/05\/Imagenes-de-nuestra-floricultura-Congreso-0525-G-1024x683.jpg 1024w, https:\/\/economiayviveros.com.ar\/portada\/wp-content\/uploads\/2025\/05\/Imagenes-de-nuestra-floricultura-Congreso-0525-G-300x200.jpg 300w, https:\/\/economiayviveros.com.ar\/portada\/wp-content\/uploads\/2025\/05\/Imagenes-de-nuestra-floricultura-Congreso-0525-G-768x512.jpg 768w, https:\/\/economiayviveros.com.ar\/portada\/wp-content\/uploads\/2025\/05\/Imagenes-de-nuestra-floricultura-Congreso-0525-G.jpg 1165w\" sizes=\"(max-width: 1024px) 100vw, 1024px\" \/><\/figure>\n\n\n\n<figure class=\"wp-block-image size-large\"><img decoding=\"async\" width=\"1024\" height=\"683\" src=\"https:\/\/economiayviveros.com.ar\/portada\/wp-content\/uploads\/2025\/05\/Imagenes-de-nuestra-floricultura-Congreso-2-0525-G-1024x683.jpg\" alt=\"\" class=\"wp-image-1744\" srcset=\"https:\/\/economiayviveros.com.ar\/portada\/wp-content\/uploads\/2025\/05\/Imagenes-de-nuestra-floricultura-Congreso-2-0525-G-1024x683.jpg 1024w, https:\/\/economiayviveros.com.ar\/portada\/wp-content\/uploads\/2025\/05\/Imagenes-de-nuestra-floricultura-Congreso-2-0525-G-300x200.jpg 300w, https:\/\/economiayviveros.com.ar\/portada\/wp-content\/uploads\/2025\/05\/Imagenes-de-nuestra-floricultura-Congreso-2-0525-G-768x512.jpg 768w, https:\/\/economiayviveros.com.ar\/portada\/wp-content\/uploads\/2025\/05\/Imagenes-de-nuestra-floricultura-Congreso-2-0525-G.jpg 1200w\" sizes=\"(max-width: 1024px) 100vw, 1024px\" \/><\/figure>\n\n\n\n<p><\/p>\n\n\n\n<p>La 19.\u00aa Exposici\u00f3n Profesional de Viveristas, realizada los d\u00edas 24, 25 y 26 de abril, convoc\u00f3 a productores de plantas ornamentales, fabricantes de insumos, herramientas y maquinarias, junto con prestadores de servicios e instituciones nacionales como el INTA, el SENASA y el INASE.<\/p>\n\n\n\n<ul class=\"wp-block-list\">\n<li>Durante el evento tambi\u00e9n se desarroll\u00f3 la 2.\u00aa Jornada de Arboricultura (Asociaci\u00f3n Civil de Arboricultura), en la que se destac\u00f3 que las plantas no solo cumplen una funci\u00f3n ornamental, sino tambi\u00e9n, proporcionan servicios ecosist\u00e9micos. Perspectiva t\u00e9cnica que suma valor al trabajo de los productores y a la actividad, en su conjunto.<\/li>\n<\/ul>\n\n\n\n<p><strong>Balance<\/strong><\/p>\n\n\n\n<p>Seg\u00fan los datos relevados, la edici\u00f3n 2025 mostr\u00f3 un leve incremento en la cantidad de expositores, con un total cercano al centenar (aproximadamente, setenta empresas, y el resto constituido por instituciones como la Sociedad Argentina de Paisajistas).<\/p>\n\n\n\n<p>La presencia de patrocinadores y sponsors tambi\u00e9n registr\u00f3 un aumento respecto de a\u00f1os anteriores. Entre ellos, se identific\u00f3 una entidad financiera: el Banco Credicoop, cultivadores y revendedores de plantas ornamentales; y un sindicato: el Sindicato de Jardineros.<\/p>\n\n\n\n<p>En s\u00edntesis, la muestra organizada por la Asociaci\u00f3n Argentina de Floricultores y Viveristas present\u00f3 una creciente diversidad de actores, nuevas alianzas institucionales y una mayor apertura hacia otras \u00e1reas; por ejemplo, la arboricultura urbana.<\/p>\n\n\n\n<p>La exposici\u00f3n mantuvo su escala general, con una expansi\u00f3n en su propuesta y alcance.<\/p>\n\t\t\t\t\t\t\t\t<\/div>\n\t\t\t\t<\/div>\n\t\t\t\t\t<\/div>\n\t\t\t\t<\/div>\n\t\t<div class=\"elementor-element elementor-element-84f29cd e-flex e-con-boxed e-con e-parent\" data-id=\"84f29cd\" data-element_type=\"container\">\n\t\t\t\t\t<div class=\"e-con-inner\">\n\t\t\t\t<div class=\"elementor-element elementor-element-43b330b elementor-widget elementor-widget-text-editor\" data-id=\"43b330b\" data-element_type=\"widget\" data-widget_type=\"text-editor.default\">\n\t\t\t\t<div class=\"elementor-widget-container\">\n\t\t\t\t\t\t\t\t\t<h1><span style=\"color: #333333;\">Sobre el autor<\/span><\/h1>\t\t\t\t\t\t\t\t<\/div>\n\t\t\t\t<\/div>\n\t\t\t\t\t<\/div>\n\t\t\t\t<\/div>\n\t\t<div class=\"elementor-element elementor-element-ace1bae e-flex e-con-boxed e-con e-parent\" data-id=\"ace1bae\" data-element_type=\"container\">\n\t\t\t\t\t<div class=\"e-con-inner\">\n\t\t\t\t<div class=\"elementor-element elementor-element-ef56c6e elementor-author-box--link-yes elementor-author-box--avatar-yes elementor-author-box--name-yes elementor-author-box--biography-yes elementor-widget elementor-widget-author-box\" data-id=\"ef56c6e\" data-element_type=\"widget\" data-widget_type=\"author-box.default\">\n\t\t\t\t<div class=\"elementor-widget-container\">\n\t\t\t\t\t\t\t<div class=\"elementor-author-box\">\n\t\t\t\t\t\t\t<a href=\"https:\/\/economiayviveros.com.ar\/portada\/author\/helena\/\" class=\"elementor-author-box__avatar\">\n\t\t\t\t\t<img decoding=\"async\" src=\"https:\/\/economiayviveros.com.ar\/portada\/wp-content\/uploads\/2024\/12\/Logo-5-hojas-300x300.png\" alt=\"Picture of Econom\u00eda &amp; Viveros\" loading=\"lazy\">\n\t\t\t\t<\/a>\n\t\t\t\n\t\t\t<div class=\"elementor-author-box__text\">\n\t\t\t\t\t\t\t\t\t<a href=\"https:\/\/economiayviveros.com.ar\/portada\/author\/helena\/\">\n\t\t\t\t\t\t<h4 class=\"elementor-author-box__name\">\n\t\t\t\t\t\t\tEconom\u00eda &amp; Viveros\t\t\t\t\t\t<\/h4>\n\t\t\t\t\t<\/a>\n\t\t\t\t\n\t\t\t\t\t\t\t\t\t<div class=\"elementor-author-box__bio\">\n\t\t\t\t\t\tDesde el 2009 brinda toda la informaci\u00f3n sobre la floricultura argentina.\r\n\r\nEdiciones mensuales.\t\t\t\t\t<\/div>\n\t\t\t\t\n\t\t\t\t\t\t\t\t\t<a class=\"elementor-author-box__button elementor-button elementor-size-xs\" href=\"https:\/\/economiayviveros.com.ar\/portada\/author\/helena\/\">\n\t\t\t\t\t\tM\u00e1s notas\t\t\t\t\t<\/a>\n\t\t\t\t\t\t\t<\/div>\n\t\t<\/div>\n\t\t\t\t\t\t<\/div>\n\t\t\t\t<\/div>\n\t\t\t\t\t<\/div>\n\t\t\t\t<\/div>\n\t\t<div class=\"elementor-element elementor-element-cd16602 e-flex e-con-boxed e-con e-parent\" data-id=\"cd16602\" data-element_type=\"container\">\n\t\t\t\t\t<div class=\"e-con-inner\">\n\t\t\t\t<div class=\"elementor-element elementor-element-0507f31 elementor-widget elementor-widget-text-editor\" data-id=\"0507f31\" data-element_type=\"widget\" data-widget_type=\"text-editor.default\">\n\t\t\t\t<div class=\"elementor-widget-container\">\n\t\t\t\t\t\t\t\t\t<p><strong>Anuncios<\/strong><\/p>\n<p><strong><span style=\"color: #ff6600;\">Glacoxan<\/span> <\/strong>Conoce su l\u00ednea org\u00e1nica: Bio neem (insecticida y acaricida), Jab\u00f3n pot\u00e1sico (insecticida y acaricida), Savia (antiestr\u00e9s). <a href=\"https:\/\/www.glacoxan.com\/\" target=\"_blank\" rel=\"noopener\">www.glacoxan.com<\/a><\/p>\n<p><strong><span style=\"color: #ff6600;\">Cubresuelo<\/span><\/strong> F\u00e1brica de hilados y tejidos realizados en monofilamento de polietileno de alta densidad. <a href=\"https:\/\/textilkopruch.com\/\" target=\"_blank\" rel=\"noopener\">www.textilkopruch.com<\/a><\/p>\n<p><strong><span style=\"color: #ff6600;\">Importaci\u00f3n de semillas y bulbos<\/span><\/strong> Flores para maceta y de corte, arom\u00e1ticas, hortalizas. Alm\u00e1cigos, semillas, plugs y bulbos. <a href=\"https:\/\/economiayviveros.com.ar\/publicidad\/as\/index.html\" target=\"_blank\" rel=\"noopener\">Arie Sonneveldt<\/a><\/p>\n<p style=\"text-align: right;\">Anuncia aqu\u00ed<br \/><span style=\"color: #008000;\"><a style=\"color: #008000;\" href=\"mailto:revista@economiayviveros.com.ar\" target=\"_blank\" rel=\"noopener\">revista@economiayviveros.com.ar<\/a><\/span><\/p>\t\t\t\t\t\t\t\t<\/div>\n\t\t\t\t<\/div>\n\t\t\t\t\t<\/div>\n\t\t\t\t<\/div>\n\t\t\t\t<\/div>\n\t\t","protected":false},"excerpt":{"rendered":"<p>IM\u00c1GENES DE NUESTRA FLORICULTURA El plano de la exposici\u00f3n de plantas ornamentales m\u00e1s grande de la Argentina. Comparativa con su edici\u00f3n anterior: \u00bfel evento crece en el nuevo predio elegido por la AAFV?<\/p>\n","protected":false},"author":1,"featured_media":1744,"comment_status":"closed","ping_status":"open","sticky":false,"template":"","format":"standard","meta":{"iawp_total_views":0,"footnotes":""},"categories":[3],"tags":[],"class_list":["post-1742","post","type-post","status-publish","format-standard","has-post-thumbnail","hentry","category-actualidad"],"_links":{"self":[{"href":"https:\/\/economiayviveros.com.ar\/portada\/wp-json\/wp\/v2\/posts\/1742","targetHints":{"allow":["GET"]}}],"collection":[{"href":"https:\/\/economiayviveros.com.ar\/portada\/wp-json\/wp\/v2\/posts"}],"about":[{"href":"https:\/\/economiayviveros.com.ar\/portada\/wp-json\/wp\/v2\/types\/post"}],"author":[{"embeddable":true,"href":"https:\/\/economiayviveros.com.ar\/portada\/wp-json\/wp\/v2\/users\/1"}],"replies":[{"embeddable":true,"href":"https:\/\/economiayviveros.com.ar\/portada\/wp-json\/wp\/v2\/comments?post=1742"}],"version-history":[{"count":4,"href":"https:\/\/economiayviveros.com.ar\/portada\/wp-json\/wp\/v2\/posts\/1742\/revisions"}],"predecessor-version":[{"id":1748,"href":"https:\/\/economiayviveros.com.ar\/portada\/wp-json\/wp\/v2\/posts\/1742\/revisions\/1748"}],"wp:featuredmedia":[{"embeddable":true,"href":"https:\/\/economiayviveros.com.ar\/portada\/wp-json\/wp\/v2\/media\/1744"}],"wp:attachment":[{"href":"https:\/\/economiayviveros.com.ar\/portada\/wp-json\/wp\/v2\/media?parent=1742"}],"wp:term":[{"taxonomy":"category","embeddable":true,"href":"https:\/\/economiayviveros.com.ar\/portada\/wp-json\/wp\/v2\/categories?post=1742"},{"taxonomy":"post_tag","embeddable":true,"href":"https:\/\/economiayviveros.com.ar\/portada\/wp-json\/wp\/v2\/tags?post=1742"}],"curies":[{"name":"wp","href":"https:\/\/api.w.org\/{rel}","templated":true}]}}