{"id":1671,"date":"2025-04-01T15:18:58","date_gmt":"2025-04-01T18:18:58","guid":{"rendered":"https:\/\/economiayviveros.com.ar\/portada\/?p=1671"},"modified":"2025-04-15T10:36:11","modified_gmt":"2025-04-15T13:36:11","slug":"precios-de-arboles-y-arbustos","status":"publish","type":"post","link":"https:\/\/economiayviveros.com.ar\/portada\/precios-de-arboles-y-arbustos\/","title":{"rendered":"Precios de \u00e1rboles y arbustos"},"content":{"rendered":"\t\t<div data-elementor-type=\"wp-post\" data-elementor-id=\"1671\" class=\"elementor elementor-1671\" data-elementor-post-type=\"post\">\n\t\t\t\t<div class=\"elementor-element elementor-element-4c7210e1 e-flex e-con-boxed e-con e-parent\" data-id=\"4c7210e1\" data-element_type=\"container\">\n\t\t\t\t\t<div class=\"e-con-inner\">\n\t\t\t\t<div class=\"elementor-element elementor-element-57c8562d elementor-widget elementor-widget-text-editor\" data-id=\"57c8562d\" data-element_type=\"widget\" data-widget_type=\"text-editor.default\">\n\t\t\t\t<div class=\"elementor-widget-container\">\n\t\t\t\t\t\t\t\t\t<figure class=\"wp-block-image size-large\"><img fetchpriority=\"high\" decoding=\"async\" width=\"1024\" height=\"683\" class=\"wp-image-1672\" src=\"https:\/\/economiayviveros.com.ar\/portada\/wp-content\/uploads\/2025\/04\/Act.-1-Precios-2-0425-G-1024x683.jpg\" alt=\"\" srcset=\"https:\/\/economiayviveros.com.ar\/portada\/wp-content\/uploads\/2025\/04\/Act.-1-Precios-2-0425-G-1024x683.jpg 1024w, https:\/\/economiayviveros.com.ar\/portada\/wp-content\/uploads\/2025\/04\/Act.-1-Precios-2-0425-G-300x200.jpg 300w, https:\/\/economiayviveros.com.ar\/portada\/wp-content\/uploads\/2025\/04\/Act.-1-Precios-2-0425-G-768x512.jpg 768w, https:\/\/economiayviveros.com.ar\/portada\/wp-content\/uploads\/2025\/04\/Act.-1-Precios-2-0425-G.jpg 1200w\" sizes=\"(max-width: 1024px) 100vw, 1024px\" \/>\n<p>\u00a0<\/p>\n<figcaption class=\"wp-element-caption\">Reuni\u00f3n del 20 de marzo (Ca\u00f1uelas). Foto: gentileza de Ana Giovanettone<\/figcaption>\n<\/figure>\n<p><!-- \/wp:image --><!-- wp:paragraph --><\/p>\n<p>El jueves 20 de marzo, en Ca\u00f1uelas (Buenos Aires), se realiz\u00f3 la tradicional reuni\u00f3n de los productores de \u00e1rboles y arbustos a fin de componer la <em>Gu\u00eda orientativa de precios al por mayor.<\/em><\/p>\n<p><!-- \/wp:paragraph --><!-- wp:paragraph --><\/p>\n<p>En esta, participaron veintis\u00e9is viveros (de San Pedro, Merlo, Moreno, Mar del Plata, Lobos, La Plata, C\u00f3rdoba, Caz\u00f3n y Tandil) y cont\u00f3 con los \u00edndices de variaciones de precios de productos y servicios, usados en los cultivos, de Ignacio Van Heden y de Roxana Ferarri (los resultados del elaborado por <em>Econom\u00eda &amp; Viveros<\/em> hab\u00edan sido publicados en febrero).<\/p>\n<p><!-- \/wp:paragraph --><!-- wp:paragraph --><\/p>\n<p><strong>Resultados de los \u00edndices<\/strong><\/p>\n<p><!-- \/wp:paragraph --><!-- wp:paragraph --><\/p>\n<p>Variaciones interanuales<\/p>\n<p><!-- \/wp:paragraph --><!-- wp:paragraph --><\/p>\n<p><strong>&#8211; Ignacio Van Heden<\/strong>: 78,02 %<\/p>\n<p><!-- \/wp:paragraph --><!-- wp:paragraph --><\/p>\n<p>Las variables con mayor porcentaje de variaci\u00f3n fueron el jornal obrero (SATHA: 107,23 %), los envases de cultivo (43,77 %) y la nafta S\u00faper (36,68 %).<\/p>\n<p><!-- \/wp:paragraph --><!-- wp:paragraph --><\/p>\n<p><strong>&#8211; Roxana Ferrari<\/strong>: 76,96 %<\/p>\n<p><!-- \/wp:paragraph --><!-- wp:paragraph --><\/p>\n<p>Las variables con mayor porcentaje de variaci\u00f3n fueron el jornal obrero (UATRE: 99,75 %), el tractor MF 4297-129 hp (96,68 %) y los envases de cultivo (43,77 %).<\/p>\n<p><!-- \/wp:paragraph --><!-- wp:paragraph --><\/p>\n<p>&#8211; <strong>Econom\u00eda &amp; Viveros<\/strong>: 56,27 %<\/p>\n<p><!-- \/wp:paragraph --><!-- wp:paragraph --><\/p>\n<p>Las variables con mayor porcentaje de variaci\u00f3n fueron la electricidad (445,60 %), el jornal obrero (Sindicato de Jardineros: 70,52 %) y la telefon\u00eda (49,18 %).<\/p>\n<p><!-- \/wp:paragraph --><!-- wp:paragraph --><\/p>\n<p>Corresponde aclarar que, al momento del cierre de este \u00edndice, estaba pendiente la definici\u00f3n de los salarios del Sindicato de Jardineros. Mostraban valores atrasados, ya que las partes no hab\u00edan llegado a un acuerdo.<\/p>\n<p><!-- \/wp:paragraph --><!-- wp:paragraph --><\/p>\n<p>De estos tres an\u00e1lisis, se destac\u00f3 el aumento de la mano de obra, que estuvo <em>muy por encima del porcentaje con que se fueron actualizando las plantas<\/em>.<\/p>\n<p><!-- \/wp:paragraph --><!-- wp:paragraph --><\/p>\n<p><span style=\"color: #800080;\"><strong>Oferta y demanda<\/strong><\/span><\/p>\n<p><!-- \/wp:paragraph --><!-- wp:paragraph --><\/p>\n<p>Seg\u00fan informaron en la reuni\u00f3n, se observa una gran cantidad de plantas en el mercado. A su vez, de gran porte.<\/p>\n<p><!-- \/wp:paragraph --><!-- wp:paragraph --><\/p>\n<p>Si bien muchas de ellas se recuperaron de las at\u00edpicas heladas del a\u00f1o pasado, otras, puntuales, se vieron afectadas -sobre todo en su etapa inicial de cultivo-. Ejemplo de esto \u00faltimo son algunas variedades de rosales y de laurel de flor).<\/p>\n<p><!-- \/wp:paragraph --><!-- wp:paragraph --><\/p>\n<p>Sin embargo -tal lo observado-, como consecuencia de las bajas ventas (reportan una ca\u00edda de estas en torno al 30 %), es posible que no se llegue a notar la falta de estos art\u00edculos puntuales.<\/p>\n<p><!-- \/wp:paragraph --><!-- wp:list --><\/p>\n<ul class=\"wp-block-list\">\n<li style=\"list-style-type: none;\">\n<ul class=\"wp-block-list\"><!-- wp:list-item --><\/ul>\n<\/li>\n<\/ul>\n<p>\u00a0<\/p>\n<ul class=\"wp-block-list\">\n<li style=\"list-style-type: none;\">\n<ul class=\"wp-block-list\">\n<li><strong>Qu\u00e9 destacaron<\/strong><\/li>\n<\/ul>\n<\/li>\n<\/ul>\n<p><!-- \/wp:list-item --><\/p>\n<p><!-- \/wp:list --><!-- wp:paragraph --><\/p>\n<p>&#8211; Al comenzar la comercializaci\u00f3n, en abril del a\u00f1o pasado, en muchos casos no fue dable respetar los valores de referencia fijados en la gu\u00eda orientativa de precios. Dicha situaci\u00f3n se vio reflejada en una importante disparidad de precios durante todo el a\u00f1o.<\/p>\n<p><!-- \/wp:paragraph --><!-- wp:paragraph --><\/p>\n<p>&#8211; En el primer semestre, las ventas fueron dif\u00edciles; en la segunda parte del a\u00f1o, mejoraron y, entonces, en parte se pudo efectuar una actualizaci\u00f3n de los precios.<\/p>\n<p><!-- \/wp:paragraph --><!-- wp:paragraph --><\/p>\n<p>&#8211; Algunos viveros llegaron a marzo de 2025 con casi los mismos precios de inicio de temporada, mientras que, en el mejor de los casos, pudieron arribar, sobre fin de a\u00f1o, a un 46 % de actualizaci\u00f3n.<\/p>\n<p><!-- \/wp:paragraph --><!-- wp:paragraph --><\/p>\n<p>&#8211; La ca\u00edda en las ventas y en la rentabilidad del vivero, en algunos casos, fue de hasta un 30 %.<\/p>\n<p><!-- \/wp:paragraph --><!-- wp:paragraph --><\/p>\n<p>&#8211; Observan el 2025 con mejor perspectiva de ventas.<\/p>\n<p><!-- \/wp:paragraph --><!-- wp:paragraph --><\/p>\n<p>&#8211; Hay preocupaci\u00f3n por el aumento interanual del costo de la mano de obra en relaci\u00f3n con lo que se actualizaron los precios de las plantas.<\/p>\n<p><!-- \/wp:paragraph --><!-- wp:paragraph --><\/p>\n<p>&#8211; Existe preocupaci\u00f3n por la creciente competencia de viveros que producen en la informalidad.<\/p>\n<p><!-- \/wp:paragraph --><!-- wp:paragraph --><\/p>\n<p>\u00a0<\/p>\n<p><!-- \/wp:paragraph --><\/p>\t\t\t\t\t\t\t\t<\/div>\n\t\t\t\t<\/div>\n\t\t\t\t\t<\/div>\n\t\t\t\t<\/div>\n\t\t<div class=\"elementor-element elementor-element-9b11673 e-flex e-con-boxed e-con e-parent\" data-id=\"9b11673\" data-element_type=\"container\">\n\t\t\t\t\t<div class=\"e-con-inner\">\n\t\t\t\t<div class=\"elementor-element elementor-element-32d53eb elementor-widget elementor-widget-text-editor\" data-id=\"32d53eb\" data-element_type=\"widget\" data-widget_type=\"text-editor.default\">\n\t\t\t\t<div class=\"elementor-widget-container\">\n\t\t\t\t\t\t\t\t\t<h1><span style=\"color: #333333;\">Sobre el autor<\/span><\/h1>\t\t\t\t\t\t\t\t<\/div>\n\t\t\t\t<\/div>\n\t\t\t\t\t<\/div>\n\t\t\t\t<\/div>\n\t\t<div class=\"elementor-element elementor-element-a58b66c e-flex e-con-boxed e-con e-parent\" data-id=\"a58b66c\" data-element_type=\"container\">\n\t\t\t\t\t<div class=\"e-con-inner\">\n\t\t\t\t<div class=\"elementor-element elementor-element-8c740da elementor-author-box--link-yes elementor-author-box--avatar-yes elementor-author-box--name-yes elementor-author-box--biography-yes elementor-widget elementor-widget-author-box\" data-id=\"8c740da\" data-element_type=\"widget\" data-widget_type=\"author-box.default\">\n\t\t\t\t<div class=\"elementor-widget-container\">\n\t\t\t\t\t\t\t<div class=\"elementor-author-box\">\n\t\t\t\t\t\t\t<div  class=\"elementor-author-box__avatar\">\n\t\t\t\t\t<img decoding=\"async\" src=\"https:\/\/economiayviveros.com.ar\/portada\/wp-content\/uploads\/2024\/12\/Logo-5-hojas-300x300.png\" alt=\"Picture of Econom\u00eda &amp; Viveros\" loading=\"lazy\">\n\t\t\t\t<\/div>\n\t\t\t\n\t\t\t<div class=\"elementor-author-box__text\">\n\t\t\t\t\t\t\t\t\t<div >\n\t\t\t\t\t\t<h4 class=\"elementor-author-box__name\">\n\t\t\t\t\t\t\tEconom\u00eda &amp; Viveros\t\t\t\t\t\t<\/h4>\n\t\t\t\t\t<\/div>\n\t\t\t\t\n\t\t\t\t\t\t\t\t\t<div class=\"elementor-author-box__bio\">\n\t\t\t\t\t\tDesde el 2009 brinda toda la informaci\u00f3n sobre la floricultura argentina.\r\n\r\nEdiciones mensuales.\t\t\t\t\t<\/div>\n\t\t\t\t\n\t\t\t\t\t\t\t\t\t<a class=\"elementor-author-box__button elementor-button elementor-size-xs\" href=\"https:\/\/economiayviveros.com.ar\/portada\/author\/helena\/\">\n\t\t\t\t\t\tM\u00e1s notas\t\t\t\t\t<\/a>\n\t\t\t\t\t\t\t<\/div>\n\t\t<\/div>\n\t\t\t\t\t\t<\/div>\n\t\t\t\t<\/div>\n\t\t\t\t\t<\/div>\n\t\t\t\t<\/div>\n\t\t<div class=\"elementor-element elementor-element-3190988 e-flex e-con-boxed e-con e-parent\" data-id=\"3190988\" data-element_type=\"container\">\n\t\t\t\t\t<div class=\"e-con-inner\">\n\t\t\t\t<div class=\"elementor-element elementor-element-fbdf990 elementor-widget elementor-widget-text-editor\" data-id=\"fbdf990\" data-element_type=\"widget\" data-widget_type=\"text-editor.default\">\n\t\t\t\t<div class=\"elementor-widget-container\">\n\t\t\t\t\t\t\t\t\t<p><strong>Anuncios<\/strong><\/p>\n<p><strong><span style=\"color: #ff6600;\">Glacoxan<\/span> <\/strong>Conoce su l\u00ednea org\u00e1nica: Bio neem (insecticida y acaricida), Jab\u00f3n pot\u00e1sico (insecticida y acaricida), Savia (antiestr\u00e9s). <a href=\"https:\/\/www.glacoxan.com\/\" target=\"_blank\" rel=\"noopener\">www.glacoxan.com<\/a><\/p>\n<p><strong><span style=\"color: #ff6600;\">Cubresuelo<\/span><\/strong> F\u00e1brica de hilados y tejidos realizados en monofilamento de polietileno de alta densidad. <a href=\"https:\/\/textilkopruch.com\/\" target=\"_blank\" rel=\"noopener\">www.textilkopruch.com<\/a><\/p>\n<p><strong><span style=\"color: #ff6600;\">Importaci\u00f3n de semillas y bulbos<\/span><\/strong> Flores para maceta y de corte, arom\u00e1ticas, hortalizas. Alm\u00e1cigos, semillas, plugs y bulbos. <a href=\"https:\/\/economiayviveros.com.ar\/publicidad\/as\/index.html\" target=\"_blank\" rel=\"noopener\">Arie Sonneveldt<\/a><\/p>\n<p style=\"text-align: right;\">Anuncia aqu\u00ed<br \/><span style=\"color: #008000;\"><a style=\"color: #008000;\" href=\"mailto:revista@economiayviveros.com.ar\" target=\"_blank\" rel=\"noopener\">revista@economiayviveros.com.ar<\/a><\/span><\/p>\t\t\t\t\t\t\t\t<\/div>\n\t\t\t\t<\/div>\n\t\t\t\t\t<\/div>\n\t\t\t\t<\/div>\n\t\t\t\t<\/div>\n\t\t","protected":false},"excerpt":{"rendered":"<p>La Gu\u00eda orientativa de precios mayoristas, confeccionada para abril, refleja diferentes aumentos. Qu\u00e9 valores dieron los \u00edndices presentados en la reuni\u00f3n de marzo.<\/p>\n","protected":false},"author":1,"featured_media":1673,"comment_status":"closed","ping_status":"open","sticky":false,"template":"","format":"standard","meta":{"iawp_total_views":7,"footnotes":""},"categories":[3],"tags":[],"class_list":["post-1671","post","type-post","status-publish","format-standard","has-post-thumbnail","hentry","category-actualidad"],"_links":{"self":[{"href":"https:\/\/economiayviveros.com.ar\/portada\/wp-json\/wp\/v2\/posts\/1671","targetHints":{"allow":["GET"]}}],"collection":[{"href":"https:\/\/economiayviveros.com.ar\/portada\/wp-json\/wp\/v2\/posts"}],"about":[{"href":"https:\/\/economiayviveros.com.ar\/portada\/wp-json\/wp\/v2\/types\/post"}],"author":[{"embeddable":true,"href":"https:\/\/economiayviveros.com.ar\/portada\/wp-json\/wp\/v2\/users\/1"}],"replies":[{"embeddable":true,"href":"https:\/\/economiayviveros.com.ar\/portada\/wp-json\/wp\/v2\/comments?post=1671"}],"version-history":[{"count":13,"href":"https:\/\/economiayviveros.com.ar\/portada\/wp-json\/wp\/v2\/posts\/1671\/revisions"}],"predecessor-version":[{"id":1727,"href":"https:\/\/economiayviveros.com.ar\/portada\/wp-json\/wp\/v2\/posts\/1671\/revisions\/1727"}],"wp:featuredmedia":[{"embeddable":true,"href":"https:\/\/economiayviveros.com.ar\/portada\/wp-json\/wp\/v2\/media\/1673"}],"wp:attachment":[{"href":"https:\/\/economiayviveros.com.ar\/portada\/wp-json\/wp\/v2\/media?parent=1671"}],"wp:term":[{"taxonomy":"category","embeddable":true,"href":"https:\/\/economiayviveros.com.ar\/portada\/wp-json\/wp\/v2\/categories?post=1671"},{"taxonomy":"post_tag","embeddable":true,"href":"https:\/\/economiayviveros.com.ar\/portada\/wp-json\/wp\/v2\/tags?post=1671"}],"curies":[{"name":"wp","href":"https:\/\/api.w.org\/{rel}","templated":true}]}}