{"id":1640,"date":"2025-04-01T14:38:23","date_gmt":"2025-04-01T17:38:23","guid":{"rendered":"https:\/\/economiayviveros.com.ar\/portada\/?p=1640"},"modified":"2025-04-03T17:30:26","modified_gmt":"2025-04-03T20:30:26","slug":"reunion-de-primavera-2025-de-la-aiph","status":"publish","type":"post","link":"https:\/\/economiayviveros.com.ar\/portada\/reunion-de-primavera-2025-de-la-aiph\/","title":{"rendered":"Reuni\u00f3n de Primavera 2025 de la AIPH"},"content":{"rendered":"\t\t<div data-elementor-type=\"wp-post\" data-elementor-id=\"1640\" class=\"elementor elementor-1640\" data-elementor-post-type=\"post\">\n\t\t\t\t<div class=\"elementor-element elementor-element-6acd8 e-flex e-con-boxed e-con e-parent\" data-id=\"6acd8\" data-element_type=\"container\">\n\t\t\t\t\t<div class=\"e-con-inner\">\n\t\t\t\t<div class=\"elementor-element elementor-element-4fc46540 elementor-widget elementor-widget-text-editor\" data-id=\"4fc46540\" data-element_type=\"widget\" data-widget_type=\"text-editor.default\">\n\t\t\t\t<div class=\"elementor-widget-container\">\n\t\t\t\t\t\t\t\t\t\n<figure class=\"wp-block-image size-large\"><img fetchpriority=\"high\" decoding=\"async\" width=\"1024\" height=\"683\" src=\"https:\/\/economiayviveros.com.ar\/portada\/wp-content\/uploads\/2025\/04\/Act.-5-Asia-0425-G-1-1024x683.jpg\" alt=\"\" class=\"wp-image-1642\" srcset=\"https:\/\/economiayviveros.com.ar\/portada\/wp-content\/uploads\/2025\/04\/Act.-5-Asia-0425-G-1-1024x683.jpg 1024w, https:\/\/economiayviveros.com.ar\/portada\/wp-content\/uploads\/2025\/04\/Act.-5-Asia-0425-G-1-300x200.jpg 300w, https:\/\/economiayviveros.com.ar\/portada\/wp-content\/uploads\/2025\/04\/Act.-5-Asia-0425-G-1-768x512.jpg 768w, https:\/\/economiayviveros.com.ar\/portada\/wp-content\/uploads\/2025\/04\/Act.-5-Asia-0425-G-1.jpg 1200w\" sizes=\"(max-width: 1024px) 100vw, 1024px\" \/><figcaption class=\"wp-element-caption\">AIPH: Reuni\u00f3n de Primavera 2025. Foto: gentileza de FCI<\/figcaption><\/figure>\n\n\n\n<p>En Tailandia, hace pocas semanas, la Asociaci\u00f3n Internacional de Productores Hort\u00edcolas (AIPH) llev\u00f3 a cabo su Reuni\u00f3n de Primavera 2025. En tal oportunidad, importantes l\u00edderes del sector se reunieron para analizar el presente y el futuro de la horticultura ornamental en Asia.<\/p>\n\n\n\n<p>La conferencia cont\u00f3 con la participaci\u00f3n de expertos de Tailandia, China, Vietnam e Indonesia, quienes expusieron tendencias, desaf\u00edos y oportunidades para la regi\u00f3n.<\/p>\n\n\n\n<p><strong>El papel fundamental de Tailandia en la exportaci\u00f3n de orqu\u00eddeas<\/strong><\/p>\n\n\n\n<p>Uno de los principales ponentes fue Kasan Chavanapanit, director general de la empresa tailandesa GGD Trading, quien abord\u00f3 la importancia del pa\u00eds en el mercado mundial de orqu\u00eddeas.<\/p>\n\n\n\n<p>Chavanapanit destac\u00f3 la producci\u00f3n de especies como <em>Dendrobium, Mokara, Vanda<\/em> y <em>Oncidium<\/em>, as\u00ed como los desaf\u00edos que enfrentan los productores, incluyendo la volatilidad de la demanda, las condiciones clim\u00e1ticas y la log\u00edstica de exportaci\u00f3n.<\/p>\n\n\n\n<p><strong>Crecimiento del mercado minorista de flores en China<\/strong><\/p>\n\n\n\n<p>Lin Qiaoling, vicepresidenta de la Asociaci\u00f3n de Flores de Pek\u00edn, present\u00f3 un an\u00e1lisis sobre el mercado minorista de flores en dicho pa\u00eds.<\/p>\n\n\n\n<p>Qiaoling resalt\u00f3 la creciente relevancia del comercio electr\u00f3nico, la evoluci\u00f3n de las preferencias de los consumidores y la demanda de productos florales personalizados y sostenibles. Adem\u00e1s, enfatiz\u00f3 en la integraci\u00f3n de experiencias de compra en l\u00ednea y f\u00edsicas como tendencia predominante.<\/p>\n\n\n\n<p><strong>Vietnam y la tecnolog\u00eda holandesa en la floricultura<\/strong><\/p>\n\n\n\n<p>Nguyen Ngoc Thanh, vicepresidente de la Asociaci\u00f3n de Flores de Dalat, repas\u00f3 la trayectoria de la producci\u00f3n flor\u00edcola en la regi\u00f3n de Lam Dong, que representa el 50 % de la producci\u00f3n total de flores de Vietnam.<\/p>\n\n\n\n<p>Subray\u00f3 la influencia de la tecnolog\u00eda holandesa en el desarrollo de invernaderos y sistemas de riego automatizado, aunque tambi\u00e9n mencion\u00f3 algunos obst\u00e1culos tales como la infraestructura poscosecha limitada y la fragmentaci\u00f3n de las tierras de cultivo.<\/p>\n\n\n\n<p><strong>Indonesia y la floricultura desde la perspectiva digital<\/strong><\/p>\n\n\n\n<p>Sean William Salim, creador de contenido y fundador del canal de YouTube <em>Onlyplants<\/em>, analiz\u00f3 la industria flor\u00edcola indonesia desde la perspectiva de la comunicaci\u00f3n digital.<\/p>\n\n\n\n<p>Destac\u00f3 que, a pesar de las condiciones clim\u00e1ticas ideales del pa\u00eds, el sector a\u00fan enfrenta un desconocimiento sobre las tendencias del mercado. Sin embargo, se mostr\u00f3 optimista respecto del impacto para el impulso de la industria que podr\u00edan tener la educaci\u00f3n y la exposici\u00f3n medi\u00e1tica.<\/p>\n\n\n\n<p><strong>Innovaci\u00f3n y sostenibilidad en la floricultura asi\u00e1tica<\/strong><\/p>\n\n\n\n<p>Durante la conferencia, se subray\u00f3 la importancia de la innovaci\u00f3n tecnol\u00f3gica en la producci\u00f3n y distribuci\u00f3n de plantas ornamentales, as\u00ed como la necesidad de adoptar pr\u00e1cticas sostenibles para garantizar el crecimiento del sector a largo plazo.<\/p>\n\n\n\n<p>La colaboraci\u00f3n internacional y el intercambio de conocimientos fueron destacados como elementos fundamentales para el desarrollo del mercado flor\u00edcola asi\u00e1tico.<\/p>\n\n\n\n<p><strong>Recorridos por proyectos flor\u00edcolas en Tailandia<\/strong><\/p>\n\n\n\n<p>Como parte del evento, los asistentes participaron en visitas guiadas por Chiang Rai. Durante estas excursiones, se exploraron iniciativas de ecologizaci\u00f3n urbana como, por ejemplo, el Proyecto de Desarrollo Doi Tung, el Jard\u00edn Mae Fah Luang y la Universidad Mae Fah Luang. Adem\u00e1s, se visitaron algunos productores ornamentales; entre ellos: el Jard\u00edn Dao Jamratsang, especializado en orqu\u00eddeas, y la Granja Kaset 32, enfocada en plantas en maceta como anturios, cicl\u00e1menes y begonias.<\/p>\n\n\n\n<p><strong>Un evento esencial para la floricultura global<\/strong><\/p>\n\n\n\n<p>La Reuni\u00f3n de Primavera 2025 de la AIPH reafirm\u00f3 el rol fundamental de Asia en el mercado mundial de la horticultura ornamental. Con la participaci\u00f3n de expertos, empresarios y creadores de contenido, el evento se consolid\u00f3 como un espacio clave para el an\u00e1lisis de tendencias, la exploraci\u00f3n de oportunidades y el fortalecimiento de la colaboraci\u00f3n internacional en la industria.<\/p>\n\n\n\n<p>Las grabaciones de la conferencia estar\u00e1n disponibles en las pr\u00f3ximas semanas en la p\u00e1gina de eventos de la AIPH, lo que brindar\u00e1 la oportunidad de acceder a la informaci\u00f3n a quienes no pudieron asistir en persona.<\/p>\n\t\t\t\t\t\t\t\t<\/div>\n\t\t\t\t<\/div>\n\t\t\t\t\t<\/div>\n\t\t\t\t<\/div>\n\t\t<div class=\"elementor-element elementor-element-4975436 e-flex e-con-boxed e-con e-parent\" data-id=\"4975436\" data-element_type=\"container\">\n\t\t\t\t\t<div class=\"e-con-inner\">\n\t\t\t\t<div class=\"elementor-element elementor-element-8f570c3 elementor-widget elementor-widget-text-editor\" data-id=\"8f570c3\" data-element_type=\"widget\" data-widget_type=\"text-editor.default\">\n\t\t\t\t<div class=\"elementor-widget-container\">\n\t\t\t\t\t\t\t\t\t<h1><span style=\"color: #333333;\">Sobre el autor<\/span><\/h1>\t\t\t\t\t\t\t\t<\/div>\n\t\t\t\t<\/div>\n\t\t\t\t\t<\/div>\n\t\t\t\t<\/div>\n\t\t<div class=\"elementor-element elementor-element-eec8ef7 e-flex e-con-boxed e-con e-parent\" data-id=\"eec8ef7\" data-element_type=\"container\">\n\t\t\t\t\t<div class=\"e-con-inner\">\n\t\t\t\t<div class=\"elementor-element elementor-element-659bf45 elementor-author-box--link-yes elementor-author-box--avatar-yes elementor-author-box--name-yes elementor-author-box--biography-yes elementor-widget elementor-widget-author-box\" data-id=\"659bf45\" data-element_type=\"widget\" data-widget_type=\"author-box.default\">\n\t\t\t\t<div class=\"elementor-widget-container\">\n\t\t\t\t\t\t\t<div class=\"elementor-author-box\">\n\t\t\t\t\t\t\t<div  class=\"elementor-author-box__avatar\">\n\t\t\t\t\t<img decoding=\"async\" src=\"https:\/\/economiayviveros.com.ar\/portada\/wp-content\/uploads\/2025\/03\/rachel-wakefield-300x300.jpeg\" alt=\"Picture of Rachel Wakefield\" loading=\"lazy\">\n\t\t\t\t<\/div>\n\t\t\t\n\t\t\t<div class=\"elementor-author-box__text\">\n\t\t\t\t\t\t\t\t\t<div >\n\t\t\t\t\t\t<h4 class=\"elementor-author-box__name\">\n\t\t\t\t\t\t\tRachel Wakefield\t\t\t\t\t\t<\/h4>\n\t\t\t\t\t<\/div>\n\t\t\t\t\n\t\t\t\t\t\t\t\t\t<div class=\"elementor-author-box__bio\">\n\t\t\t\t\t\tEditora asociada de la revista FloraCulture International.\r\nRevista socia de medios de Econom\u00eda &amp; Viveros.\t\t\t\t\t<\/div>\n\t\t\t\t\n\t\t\t\t\t\t\t\t\t<a class=\"elementor-author-box__button elementor-button elementor-size-xs\" href=\"https:\/\/economiayviveros.com.ar\/portada\/author\/rachel\/\">\n\t\t\t\t\t\tM\u00e1s notas\t\t\t\t\t<\/a>\n\t\t\t\t\t\t\t<\/div>\n\t\t<\/div>\n\t\t\t\t\t\t<\/div>\n\t\t\t\t<\/div>\n\t\t\t\t\t<\/div>\n\t\t\t\t<\/div>\n\t\t<div class=\"elementor-element elementor-element-6d770d5 e-flex e-con-boxed e-con e-parent\" data-id=\"6d770d5\" data-element_type=\"container\">\n\t\t\t\t\t<div class=\"e-con-inner\">\n\t\t\t\t<div class=\"elementor-element elementor-element-ccf1f8b elementor-widget elementor-widget-text-editor\" data-id=\"ccf1f8b\" data-element_type=\"widget\" data-widget_type=\"text-editor.default\">\n\t\t\t\t<div class=\"elementor-widget-container\">\n\t\t\t\t\t\t\t\t\t<p><strong>Anuncios<\/strong><\/p>\n<p><strong><span style=\"color: #ff6600;\">Glacoxan<\/span> <\/strong>Conoce su l\u00ednea org\u00e1nica: Bio neem (insecticida y acaricida), Jab\u00f3n pot\u00e1sico (insecticida y acaricida), Savia (antiestr\u00e9s). <a href=\"https:\/\/www.glacoxan.com\/\" target=\"_blank\" rel=\"noopener\">www.glacoxan.com<\/a><\/p>\n<p><strong><span style=\"color: #ff6600;\">Cubresuelo<\/span><\/strong> F\u00e1brica de hilados y tejidos realizados en monofilamento de polietileno de alta densidad. <a href=\"https:\/\/textilkopruch.com\/\" target=\"_blank\" rel=\"noopener\">www.textilkopruch.com<\/a><\/p>\n<p><strong><span style=\"color: #ff6600;\">Importaci\u00f3n de semillas y bulbos<\/span><\/strong> Flores para maceta y de corte, arom\u00e1ticas, hortalizas. Alm\u00e1cigos, semillas, plugs y bulbos. <a href=\"https:\/\/economiayviveros.com.ar\/publicidad\/as\/index.html\" target=\"_blank\" rel=\"noopener\">Arie Sonneveldt<\/a><\/p>\n<p style=\"text-align: right;\">Anuncia aqu\u00ed<br \/><span style=\"color: #008000;\"><a style=\"color: #008000;\" href=\"mailto:revista@economiayviveros.com.ar\" target=\"_blank\" rel=\"noopener\">revista@economiayviveros.com.ar<\/a><\/span><\/p>\t\t\t\t\t\t\t\t<\/div>\n\t\t\t\t<\/div>\n\t\t\t\t\t<\/div>\n\t\t\t\t<\/div>\n\t\t\t\t<\/div>\n\t\t","protected":false},"excerpt":{"rendered":"<p>INTERNACIONALES Asia se consolida como l\u00edder en horticultura ornamental, impulsada por la innovaci\u00f3n, la sostenibilidad y un mercado en auge. Informaci\u00f3n en torno a las tendencias clave y los desaf\u00edos destacados por los expertos de la regi\u00f3n. <\/p>\n","protected":false},"author":13,"featured_media":1648,"comment_status":"closed","ping_status":"open","sticky":false,"template":"","format":"standard","meta":{"iawp_total_views":1,"footnotes":""},"categories":[3],"tags":[],"class_list":["post-1640","post","type-post","status-publish","format-standard","has-post-thumbnail","hentry","category-actualidad"],"_links":{"self":[{"href":"https:\/\/economiayviveros.com.ar\/portada\/wp-json\/wp\/v2\/posts\/1640","targetHints":{"allow":["GET"]}}],"collection":[{"href":"https:\/\/economiayviveros.com.ar\/portada\/wp-json\/wp\/v2\/posts"}],"about":[{"href":"https:\/\/economiayviveros.com.ar\/portada\/wp-json\/wp\/v2\/types\/post"}],"author":[{"embeddable":true,"href":"https:\/\/economiayviveros.com.ar\/portada\/wp-json\/wp\/v2\/users\/13"}],"replies":[{"embeddable":true,"href":"https:\/\/economiayviveros.com.ar\/portada\/wp-json\/wp\/v2\/comments?post=1640"}],"version-history":[{"count":5,"href":"https:\/\/economiayviveros.com.ar\/portada\/wp-json\/wp\/v2\/posts\/1640\/revisions"}],"predecessor-version":[{"id":1722,"href":"https:\/\/economiayviveros.com.ar\/portada\/wp-json\/wp\/v2\/posts\/1640\/revisions\/1722"}],"wp:featuredmedia":[{"embeddable":true,"href":"https:\/\/economiayviveros.com.ar\/portada\/wp-json\/wp\/v2\/media\/1648"}],"wp:attachment":[{"href":"https:\/\/economiayviveros.com.ar\/portada\/wp-json\/wp\/v2\/media?parent=1640"}],"wp:term":[{"taxonomy":"category","embeddable":true,"href":"https:\/\/economiayviveros.com.ar\/portada\/wp-json\/wp\/v2\/categories?post=1640"},{"taxonomy":"post_tag","embeddable":true,"href":"https:\/\/economiayviveros.com.ar\/portada\/wp-json\/wp\/v2\/tags?post=1640"}],"curies":[{"name":"wp","href":"https:\/\/api.w.org\/{rel}","templated":true}]}}