{"id":1631,"date":"2025-04-01T14:26:24","date_gmt":"2025-04-01T17:26:24","guid":{"rendered":"https:\/\/economiayviveros.com.ar\/portada\/?p=1631"},"modified":"2025-04-03T17:30:46","modified_gmt":"2025-04-03T20:30:46","slug":"almacigos-que-es-el-damping-off-2","status":"publish","type":"post","link":"https:\/\/economiayviveros.com.ar\/portada\/almacigos-que-es-el-damping-off-2\/","title":{"rendered":"Alm\u00e1cigos: qu\u00e9 es el damping-off"},"content":{"rendered":"\t\t<div data-elementor-type=\"wp-post\" data-elementor-id=\"1631\" class=\"elementor elementor-1631\" data-elementor-post-type=\"post\">\n\t\t\t\t<div class=\"elementor-element elementor-element-62051c20 e-flex e-con-boxed e-con e-parent\" data-id=\"62051c20\" data-element_type=\"container\">\n\t\t\t\t\t<div class=\"e-con-inner\">\n\t\t\t\t<div class=\"elementor-element elementor-element-591b1576 elementor-widget elementor-widget-text-editor\" data-id=\"591b1576\" data-element_type=\"widget\" data-widget_type=\"text-editor.default\">\n\t\t\t\t<div class=\"elementor-widget-container\">\n\t\t\t\t\t\t\t\t\t\n<figure class=\"wp-block-image size-large\"><img fetchpriority=\"high\" decoding=\"async\" width=\"1024\" height=\"683\" src=\"https:\/\/economiayviveros.com.ar\/portada\/wp-content\/uploads\/2025\/04\/Nota-2-Almacigos-0425-G-1024x683.jpg\" alt=\"\" class=\"wp-image-1616\" srcset=\"https:\/\/economiayviveros.com.ar\/portada\/wp-content\/uploads\/2025\/04\/Nota-2-Almacigos-0425-G-1024x683.jpg 1024w, https:\/\/economiayviveros.com.ar\/portada\/wp-content\/uploads\/2025\/04\/Nota-2-Almacigos-0425-G-300x200.jpg 300w, https:\/\/economiayviveros.com.ar\/portada\/wp-content\/uploads\/2025\/04\/Nota-2-Almacigos-0425-G-768x512.jpg 768w, https:\/\/economiayviveros.com.ar\/portada\/wp-content\/uploads\/2025\/04\/Nota-2-Almacigos-0425-G.jpg 1199w\" sizes=\"(max-width: 1024px) 100vw, 1024px\" \/><figcaption class=\"wp-element-caption\">Foto: Adobe Stock<\/figcaption><\/figure>\n\n\n\n<p>La p\u00e9rdida de pl\u00e1ntulas en los alm\u00e1cigos es una patolog\u00eda muy frecuente. Seg\u00fan los distintos autores, se denomina <em>mal de los alm\u00e1cigos<\/em>, <em>mal del tallito<\/em>, <em>enfermedad de la pl\u00e1ntula<\/em> o <em>ahogamiento de pl\u00e1ntulas<\/em>. En ingl\u00e9s, se denomina <em>damping-off<\/em>, t\u00e9rmino que alude al aspecto empapado que toman las pl\u00e1ntulas y est\u00e1 bastante difundido entre productores y t\u00e9cnicos de habla hispana.<\/p>\n\n\n\n<p>Los alm\u00e1cigos pueden ser destruidos en pocos d\u00edas, dada la susceptibilidad de los tejidos vegetales tiernos, la agresividad de los microorganismos causantes de la enfermedad y el particular ambiente h\u00famedo que acompa\u00f1a el inicio de los cultivos; sobre todo, en invernaderos. En general, se observan los s\u00edntomas en manchones; es decir, \u00e1reas en las cuales se origina la enfermedad, que se extienden r\u00e1pidamente en forma radial.<\/p>\n\n\n\n<ul class=\"wp-block-list\">\n<li><strong>Susceptibilidad y consecuencias<\/strong><\/li>\n<\/ul>\n\n\n\n<p>Es una enfermedad que afecta potencialmente a todos los alm\u00e1cigos, ya sea iniciados mediante semillas o a trav\u00e9s de alg\u00fan \u00f3rgano de propagaci\u00f3n. En especial, son damnificados los cultivadores de especies forestales, hort\u00edcolas y ornamentales.<\/p>\n\n\n\n<p>Su impacto econ\u00f3mico radica no solo en la p\u00e9rdida del cultivo reci\u00e9n iniciado, sino en el retraso que eso implica en la producci\u00f3n, m\u00e1s los costos de una resiembra o plantaci\u00f3n.<\/p>\n\n\n\n<ul class=\"wp-block-list\">\n<li><strong>Tipos de <em>damping-off<\/em><\/strong><\/li>\n<\/ul>\n\n\n\n<p>Existe un <strong><em>damping-off<\/em> de preemergencia<\/strong>, en el cual las semillas o el \u00e1pice germinativo de las pl\u00e1ntulas son afectados, de inmediato, luego de la siembra, y se pudren. Puede ser confundido con fallas en la emergencia por bajo poder germinativo de las semillas, lo que se descarta f\u00e1cilmente si se realiza una prueba de poder germinativo previo a la siembra.<\/p>\n\n\n\n<p>El <strong><em>damping-off<\/em> de postemergencia<\/strong> se observa como un reblandecimiento de los tejidos de la base de las pl\u00e1ntulas (en la interfase talluelo-ra\u00edz). Cuando son afectados gajos o esquejes puestos a enraizar, estos se pudren en su base.<\/p>\n\n\n\n<p>En todos los casos de infecci\u00f3n en la postemergencia, se desarrolla un r\u00e1pido amarillamiento y una p\u00e9rdida de turgencia de los \u00f3rganos a\u00e9reos, seguidos de su vuelco y muerte, como consecuencia de la infecci\u00f3n en la base de las pl\u00e1ntulas, gajos o esquejes.<\/p>\n\n\n\n<ul class=\"wp-block-list\">\n<li><strong>Agentes causales\u00a0\u00a0\u00a0\u00a0\u00a0\u00a0<\/strong><\/li>\n<\/ul>\n\n\n\n<p>Esta sintomatolog\u00eda puede ser causada por diferentes g\u00e9neros pat\u00f3genos, que pertenecen al reino de los hongos y a los oomycetes (organismos antes considerados hongos). Entre los m\u00e1s frecuentes se encuentran: <em>Sclerotinia<\/em>, <em>Rhizoctonia<\/em>, <em>Sclerotium<\/em>, <em>Fusarium, Phytophthora<\/em> y <em>Pythium<\/em>.<\/p>\n\n\n\n<ul class=\"wp-block-list\">\n<li><strong>Caracter\u00edsticas de la enfermedad<\/strong><\/li>\n<\/ul>\n\n\n\n<p>Es una enfermedad t\u00edpica de los alm\u00e1cigos. Por ello, cuanto antes crezcan las plantas, m\u00e1s r\u00e1pido escapan de la infecci\u00f3n, ya que sus tejidos se vuelven resistentes. Si bien ocasionan s\u00edntomas pr\u00e1cticamente indistinguibles entre uno y otro, los agentes causales presentan morfolog\u00eda diferente, solo identificable mediante la observaci\u00f3n microsc\u00f3pica y el cultivo en laboratorio.<\/p>\n\n\n\n<p>Son microorganismos que pueden vivir de manera natural en los suelos o sustratos (aliment\u00e1ndose de la materia org\u00e1nica presente), o sobrevivir en ellos en un estado de resistencia o latencia.<\/p>\n\n\n\n<p>La mayor\u00eda de los pat\u00f3genos que pueden ocasionar <em>damping-off <\/em>son sumamente pol\u00edfagos. Es decir, son capaces de infectar especies vegetales muy diversas. Por tanto, en los viveros, se recomienda, con \u00e9nfasis, no reutilizar el sustrato en caso de manifestaci\u00f3n de esta enfermedad.<\/p>\n\n\n\n<ul class=\"wp-block-list\">\n<li><strong>Fuentes de infecci\u00f3n y factores conductivos<\/strong><\/li>\n<\/ul>\n\n\n\n<p>Estos pat\u00f3genos pueden estar presentes en el suelo o en el sustrato del alm\u00e1cigo antes de la siembra o la plantaci\u00f3n. Tambi\u00e9n pueden ser transportados por las semillas. Se presentan otras formas posibles de dispersi\u00f3n a trav\u00e9s del agua de riego, herramientas o macetas infestadas.<\/p>\n\n\n\n<p>Las temperaturas moderadas a altas, una elevada humedad del suelo\/sustrato y del aire, y el pH \u00e1cido del suelo\/sustrato suelen ser factores que favorecen la infecci\u00f3n.<\/p>\n\n\n\n<ul class=\"wp-block-list\">\n<li><strong>Prevenci\u00f3n<\/strong><\/li>\n<\/ul>\n\n\n\n<p>Se debe evitar la manifestaci\u00f3n de la enfermedad, ya que una vez declarada, es dif\u00edcil de controlar. Por ello, siempre se indica extremar las medidas sanitarias antes del inicio del alm\u00e1cigo.<\/p>\n\n\n\n<p>El objetivo de las pr\u00e1cticas recomendadas se resume en las siguientes medidas: controlar la poblaci\u00f3n de pat\u00f3genos en el suelo o sustrato; evitar condiciones ambientales altamente conductivas para la enfermedad y favorecer un r\u00e1pido crecimiento de las pl\u00e1ntulas.<\/p>\n\n\n\n<p>No existen variedades de plantas resistentes a esta patolog\u00eda.<\/p>\n\n\n\n<p>Algunas <strong>medidas de manejo<\/strong> del <em>damping-off<\/em>:<\/p>\n\n\n\n<p>&#8211; Mantener, en forma adecuada, los invern\u00e1culos en los cuales se realizan los alm\u00e1cigos.<\/p>\n\n\n\n<p>&#8211; Limpiar y desinfectar, antes de su uso, los cajones, marcos de madera, bandejas, estructuras de invern\u00e1culos, tirantes, macetas, etc.<\/p>\n\n\n\n<p>&#8211; Elegir y preparar, de manera favorable, el sustrato para proveer drenaje, estructura, aireaci\u00f3n, retenci\u00f3n h\u00eddrica y nutrici\u00f3n apropiados para la especie, a fin de disminuir la susceptibilidad de las plantas y las condiciones de alta humedad conductivas.<\/p>\n\n\n\n<p>&#8211; Los sustratos y suelos con alto contenido de materia org\u00e1nica pueden prevenir los ataques por la ocurrencia del control biol\u00f3gico.<\/p>\n\n\n\n<p>&#8211; El vapor es una buena alternativa para el tratamiento de suelos\/sustratos infestados.<\/p>\n\n\n\n<p>&#8211; Usar semillas o material de propagaci\u00f3n sano, certificado o de origen conocido, para evitar introducir, por esta v\u00eda, pat\u00f3genos en el alm\u00e1cigo. En un sistema de producci\u00f3n convencional, se pueden utilizar semillas tratadas con fungicidas.<\/p>\n\n\n\n<p>&#8211; Asegurar una correcta aireaci\u00f3n o ventilaci\u00f3n del alm\u00e1cigo, a fin de disminuir la humedad ambiente.<\/p>\n\n\n\n<p>&#8211; Elegir una densidad adecuada de siembra o plantaci\u00f3n con el prop\u00f3sito de favorecer el movimiento de aire entre las pl\u00e1ntulas y una mayor disponibilidad lum\u00ednica.<\/p>\n\n\n\n<p>&#8211; Efectuar la siembra o plantaci\u00f3n a la profundidad adecuada para cada especie, y con temperaturas \u00f3ptimas, en miras de asegurar la emergencia o la brotaci\u00f3n r\u00e1pida de las pl\u00e1ntulas.<\/p>\n\n\n\n<p>&#8211; Realizar riegos moderados y con buena calidad de agua; es preferible regar en forma frecuente y sin inundar los alm\u00e1cigos.<\/p>\n\n\n\n<p>&#8211; Remover cuidadosamente las bandejas o cajones afectados y retirarlos del invern\u00e1culo.<\/p>\n\n\n\n<p>&#8211; Una vez detectada la enfermedad, su avance puede ser algo reducido, si se manejan los niveles de humedad de suelo y ambiente; por ejemplo, aumentando la temperatura del invern\u00e1culo, favoreciendo la circulaci\u00f3n del aire y la ventilaci\u00f3n, y reduciendo la frecuencia de los riegos.<\/p>\n\n\n\n<p>En un sistema de producci\u00f3n convencional, si las medidas mencionadas fallan, existen fungicidas que pueden ser efectivos al ser aplicados tan pronto como se observen los primeros s\u00edntomas.<\/p>\n\n\n\n<p>En lo posible, se debe identificar r\u00e1pidamente el agente causal, de manera de aplicar el fungicida m\u00e1s adecuado. Se recomienda leer atentamente el marbete, seguir las indicaciones de la forma y aplicaci\u00f3n de la dosis, y manipular con extremo cuidado cualquier insumo.<\/p>\n\n\n\n<p><strong>Fuentes<\/strong>:<\/p>\n\n\n\n<p>Agrios GN. 2005. Plant pathology. Elsevier, Amsterdam. 922 pp.<\/p>\n\n\n\n<p><a href=\"https:\/\/drive.google.com\/file\/d\/1r-3tXla8Gl-7nRqCMqUY9ftHfqov5P5M\/view?pli=1\" target=\"_blank\" rel=\"noreferrer noopener\">Delhey R, Ridao A, Rivera MC, Wolcan S (Eds). 2024. Enfermedades de las hortalizas en Argentina<\/a>. Volumen 1. Asociaci\u00f3n Argentina de Fitopat\u00f3logos, C\u00f3rdoba. 450 pp.<\/p>\n\n\n\n<p><a href=\"https:\/\/efa.agro.uba.ar\/producto\/apuntes-de-patologia-vegetal-fundamentos-y-practicas-para-la-salud-de-las-plantas\/\" target=\"_blank\" rel=\"noreferrer noopener\">Rivera MC, Wright ER. 2020. Apuntes de patolog\u00eda vegetal. Fundamentos y pr\u00e1cticas para la salud de las plantas. Editorial Facultad de Agronom\u00eda, Buenos Aires. 97 pp. <\/a><\/p>\n\n\n\n<p><\/p>\n\t\t\t\t\t\t\t\t<\/div>\n\t\t\t\t<\/div>\n\t\t\t\t\t<\/div>\n\t\t\t\t<\/div>\n\t\t<div class=\"elementor-element elementor-element-31be0c8 e-flex e-con-boxed e-con e-parent\" data-id=\"31be0c8\" data-element_type=\"container\">\n\t\t\t\t\t<div class=\"e-con-inner\">\n\t\t\t\t<div class=\"elementor-element elementor-element-479cd13 elementor-widget elementor-widget-text-editor\" data-id=\"479cd13\" data-element_type=\"widget\" data-widget_type=\"text-editor.default\">\n\t\t\t\t<div class=\"elementor-widget-container\">\n\t\t\t\t\t\t\t\t\t<h1><span style=\"color: #333333;\">Sobre el autor<\/span><\/h1>\t\t\t\t\t\t\t\t<\/div>\n\t\t\t\t<\/div>\n\t\t\t\t\t<\/div>\n\t\t\t\t<\/div>\n\t\t<div class=\"elementor-element elementor-element-be4f5c2 e-flex e-con-boxed e-con e-parent\" data-id=\"be4f5c2\" data-element_type=\"container\">\n\t\t\t\t\t<div class=\"e-con-inner\">\n\t\t\t\t<div class=\"elementor-element elementor-element-3ecf255 elementor-widget elementor-widget-author-box\" data-id=\"3ecf255\" data-element_type=\"widget\" data-widget_type=\"author-box.default\">\n\t\t\t\t<div class=\"elementor-widget-container\">\n\t\t\t\t\t\t\t<div class=\"elementor-author-box\">\n\t\t\t\t\t\t\t<div  class=\"elementor-author-box__avatar\">\n\t\t\t\t\t<img decoding=\"async\" src=\"https:\/\/economiayviveros.com.ar\/portada\/wp-content\/uploads\/2024\/12\/Marta-Rivera-300x300.jpg\" alt=\"Picture of Marta C. Rivera\" loading=\"lazy\">\n\t\t\t\t<\/div>\n\t\t\t\n\t\t\t<div class=\"elementor-author-box__text\">\n\t\t\t\t\t\t\t\t\t<div >\n\t\t\t\t\t\t<h4 class=\"elementor-author-box__name\">\n\t\t\t\t\t\t\tMarta C. Rivera\t\t\t\t\t\t<\/h4>\n\t\t\t\t\t<\/div>\n\t\t\t\t\n\t\t\t\t\t\t\t\t\t<div class=\"elementor-author-box__bio\">\n\t\t\t\t\t\t<p>Ingeniera agr\u00f3noma. Doctora en Ciencias Biol\u00f3gicas.<br \/>\nConsultora privada.<br \/>\nMatr\u00edcula CPIA 13715<\/p>\n\t\t\t\t\t<\/div>\n\t\t\t\t\n\t\t\t\t\t\t\t\t\t<a class=\"elementor-author-box__button elementor-button elementor-size-xs\" href=\"https:\/\/economiayviveros.com.ar\/portada\/author\/marta-c-rivera\/\">\n\t\t\t\t\t\tM\u00e1s notas\t\t\t\t\t<\/a>\n\t\t\t\t\t\t\t<\/div>\n\t\t<\/div>\n\t\t\t\t\t\t<\/div>\n\t\t\t\t<\/div>\n\t\t\t\t\t<\/div>\n\t\t\t\t<\/div>\n\t\t<div class=\"elementor-element elementor-element-8e70073 e-flex e-con-boxed e-con e-parent\" data-id=\"8e70073\" data-element_type=\"container\">\n\t\t\t\t\t<div class=\"e-con-inner\">\n\t\t\t\t<div class=\"elementor-element elementor-element-6928941 elementor-widget elementor-widget-author-box\" data-id=\"6928941\" data-element_type=\"widget\" data-widget_type=\"author-box.default\">\n\t\t\t\t<div class=\"elementor-widget-container\">\n\t\t\t\t\t\t\t<div class=\"elementor-author-box\">\n\t\t\t\t\t\t\t<div  class=\"elementor-author-box__avatar\">\n\t\t\t\t\t<img decoding=\"async\" src=\"https:\/\/economiayviveros.com.ar\/portada\/wp-content\/uploads\/2025\/04\/Eduardo-Wright-1-300x300.jpg\" alt=\"Picture of Eduardo Roberto Wright\" loading=\"lazy\">\n\t\t\t\t<\/div>\n\t\t\t\n\t\t\t<div class=\"elementor-author-box__text\">\n\t\t\t\t\t\t\t\t\t<div >\n\t\t\t\t\t\t<h4 class=\"elementor-author-box__name\">\n\t\t\t\t\t\t\tEduardo Roberto Wright\t\t\t\t\t\t<\/h4>\n\t\t\t\t\t<\/div>\n\t\t\t\t\n\t\t\t\t\t\t\t\t\t<div class=\"elementor-author-box__bio\">\n\t\t\t\t\t\t<p>Ingeniero agr\u00f3nomo. Doctor en Ciencias Biol\u00f3gicas.<br \/>\nProfesor Consulto UBA.<br \/>\nCoordinador de la C\u00e1tedra de Soberan\u00eda Alimentaria FAUBA.<br \/>\nGerente de Airu Recursos Biol\u00f3gicos.<\/p>\n\t\t\t\t\t<\/div>\n\t\t\t\t\n\t\t\t\t\t\t\t\t\t<a class=\"elementor-author-box__button elementor-button elementor-size-xs\" href=\"https:\/\/economiayviveros.com.ar\/portada\/author\/eduardo-roberto-wright\/\">\n\t\t\t\t\t\tM\u00e1s notas\t\t\t\t\t<\/a>\n\t\t\t\t\t\t\t<\/div>\n\t\t<\/div>\n\t\t\t\t\t\t<\/div>\n\t\t\t\t<\/div>\n\t\t\t\t\t<\/div>\n\t\t\t\t<\/div>\n\t\t<div class=\"elementor-element elementor-element-7709537 e-flex e-con-boxed e-con e-parent\" data-id=\"7709537\" data-element_type=\"container\">\n\t\t\t\t\t<div class=\"e-con-inner\">\n\t\t\t\t<div class=\"elementor-element elementor-element-62ec36e elementor-widget elementor-widget-text-editor\" data-id=\"62ec36e\" data-element_type=\"widget\" data-widget_type=\"text-editor.default\">\n\t\t\t\t<div class=\"elementor-widget-container\">\n\t\t\t\t\t\t\t\t\t<p><strong>Anuncios<\/strong><\/p>\n<p><strong><span style=\"color: #ff6600;\">Glacoxan<\/span> <\/strong>Conoce su l\u00ednea org\u00e1nica: Bio neem (insecticida y acaricida), Jab\u00f3n pot\u00e1sico (insecticida y acaricida), Savia (antiestr\u00e9s). <a href=\"https:\/\/www.glacoxan.com\/\" target=\"_blank\" rel=\"noopener\">www.glacoxan.com<\/a><\/p>\n<p><strong><span style=\"color: #ff6600;\">Cubresuelo<\/span><\/strong> F\u00e1brica de hilados y tejidos realizados en monofilamento de polietileno de alta densidad. <a href=\"https:\/\/textilkopruch.com\/\" target=\"_blank\" rel=\"noopener\">www.textilkopruch.com<\/a><\/p>\n<p><strong><span style=\"color: #ff6600;\">Importaci\u00f3n de semillas y bulbos<\/span><\/strong> Flores para maceta y de corte, arom\u00e1ticas, hortalizas. Alm\u00e1cigos, semillas, plugs y bulbos. <a href=\"https:\/\/economiayviveros.com.ar\/publicidad\/as\/index.html\" target=\"_blank\" rel=\"noopener\">Arie Sonneveldt<\/a><\/p>\n<p style=\"text-align: right;\">Anuncia aqu\u00ed<br \/><span style=\"color: #008000;\"><a style=\"color: #008000;\" href=\"mailto:revista@economiayviveros.com.ar\" target=\"_blank\" rel=\"noopener\">revista@economiayviveros.com.ar<\/a><\/span><\/p>\t\t\t\t\t\t\t\t<\/div>\n\t\t\t\t<\/div>\n\t\t\t\t\t<\/div>\n\t\t\t\t<\/div>\n\t\t\t\t<\/div>\n\t\t","protected":false},"excerpt":{"rendered":"<p>Representa una de las principales amenazas en alm\u00e1cigos y causa la p\u00e9rdida r\u00e1pida de pl\u00e1ntulas. Destacamos los factores influyentes en su desarrollo y la forma en que se puede evitar esta enfermedad, tambi\u00e9n conocida como el mal de los alm\u00e1cigos.<\/p>\n","protected":false},"author":7,"featured_media":1616,"comment_status":"closed","ping_status":"open","sticky":false,"template":"","format":"standard","meta":{"iawp_total_views":1,"footnotes":""},"categories":[1],"tags":[],"class_list":["post-1631","post","type-post","status-publish","format-standard","has-post-thumbnail","hentry","category-uncategorized"],"_links":{"self":[{"href":"https:\/\/economiayviveros.com.ar\/portada\/wp-json\/wp\/v2\/posts\/1631","targetHints":{"allow":["GET"]}}],"collection":[{"href":"https:\/\/economiayviveros.com.ar\/portada\/wp-json\/wp\/v2\/posts"}],"about":[{"href":"https:\/\/economiayviveros.com.ar\/portada\/wp-json\/wp\/v2\/types\/post"}],"author":[{"embeddable":true,"href":"https:\/\/economiayviveros.com.ar\/portada\/wp-json\/wp\/v2\/users\/7"}],"replies":[{"embeddable":true,"href":"https:\/\/economiayviveros.com.ar\/portada\/wp-json\/wp\/v2\/comments?post=1631"}],"version-history":[{"count":1,"href":"https:\/\/economiayviveros.com.ar\/portada\/wp-json\/wp\/v2\/posts\/1631\/revisions"}],"predecessor-version":[{"id":1632,"href":"https:\/\/economiayviveros.com.ar\/portada\/wp-json\/wp\/v2\/posts\/1631\/revisions\/1632"}],"wp:featuredmedia":[{"embeddable":true,"href":"https:\/\/economiayviveros.com.ar\/portada\/wp-json\/wp\/v2\/media\/1616"}],"wp:attachment":[{"href":"https:\/\/economiayviveros.com.ar\/portada\/wp-json\/wp\/v2\/media?parent=1631"}],"wp:term":[{"taxonomy":"category","embeddable":true,"href":"https:\/\/economiayviveros.com.ar\/portada\/wp-json\/wp\/v2\/categories?post=1631"},{"taxonomy":"post_tag","embeddable":true,"href":"https:\/\/economiayviveros.com.ar\/portada\/wp-json\/wp\/v2\/tags?post=1631"}],"curies":[{"name":"wp","href":"https:\/\/api.w.org\/{rel}","templated":true}]}}