{"id":1498,"date":"2025-03-01T14:05:45","date_gmt":"2025-03-01T17:05:45","guid":{"rendered":"https:\/\/economiayviveros.com.ar\/portada\/?p=1498"},"modified":"2025-03-01T18:55:18","modified_gmt":"2025-03-01T21:55:18","slug":"reino-unido-floricultura-post-brexit","status":"publish","type":"post","link":"https:\/\/economiayviveros.com.ar\/portada\/reino-unido-floricultura-post-brexit\/","title":{"rendered":"Reino Unido: Floricultura post Brexit"},"content":{"rendered":"\t\t<div data-elementor-type=\"wp-post\" data-elementor-id=\"1498\" class=\"elementor elementor-1498\" data-elementor-post-type=\"post\">\n\t\t\t\t<div class=\"elementor-element elementor-element-37273e30 e-flex e-con-boxed e-con e-parent\" data-id=\"37273e30\" data-element_type=\"container\">\n\t\t\t\t\t<div class=\"e-con-inner\">\n\t\t\t\t<div class=\"elementor-element elementor-element-15ff91ed elementor-widget elementor-widget-text-editor\" data-id=\"15ff91ed\" data-element_type=\"widget\" data-widget_type=\"text-editor.default\">\n\t\t\t\t<div class=\"elementor-widget-container\">\n\t\t\t\t\t\t\t\t\t\n<figure class=\"wp-block-image size-large\"><img fetchpriority=\"high\" decoding=\"async\" width=\"1024\" height=\"682\" src=\"https:\/\/economiayviveros.com.ar\/portada\/wp-content\/uploads\/2025\/03\/Act.-5-Reino-Unido-0325-G-1024x682.jpg\" alt=\"\" class=\"wp-image-1500\" srcset=\"https:\/\/economiayviveros.com.ar\/portada\/wp-content\/uploads\/2025\/03\/Act.-5-Reino-Unido-0325-G-1024x682.jpg 1024w, https:\/\/economiayviveros.com.ar\/portada\/wp-content\/uploads\/2025\/03\/Act.-5-Reino-Unido-0325-G-300x200.jpg 300w, https:\/\/economiayviveros.com.ar\/portada\/wp-content\/uploads\/2025\/03\/Act.-5-Reino-Unido-0325-G-768x512.jpg 768w, https:\/\/economiayviveros.com.ar\/portada\/wp-content\/uploads\/2025\/03\/Act.-5-Reino-Unido-0325-G.jpg 1201w\" sizes=\"(max-width: 1024px) 100vw, 1024px\" \/><figcaption class=\"wp-element-caption\">Foto: gentileza de FCI<\/figcaption><\/figure>\n\n\n\n<p>Cuatro a\u00f1os despu\u00e9s de que el Reino Unido haya salido de la Uni\u00f3n Europea (UE), el sector de la horticultura ornamental (floricultura) ecol\u00f3gica sigue afrontando desaf\u00edos significativos. De esa manera, los costos crecientes, las demoras en el comercio y una carga burocr\u00e1tica excesiva est\u00e1n ejerciendo una fuerte presi\u00f3n sobre las empresas, poniendo en riesgo tanto su estabilidad econ\u00f3mica como la variedad de opciones para ofrecer a los consumidores.<\/p>\n\n\n\n<p>As\u00ed lo advierte la Asociaci\u00f3n de Comercio Hort\u00edcola (HTA), que destaca la urgencia de encontrar soluciones para mitigar estos problemas.<\/p>\n\n\n\n<p><strong>Un sector clave bajo presi\u00f3n<\/strong><\/p>\n\n\n\n<p>La horticultura ornamental es una pieza clave de la econom\u00eda y de la agenda medioambiental brit\u00e1nica, con una producci\u00f3n nacional que, en 2023, alcanz\u00f3 los 1.700 millones de libras. Adem\u00e1s, las importaciones de plantas y materiales esenciales, en su mayor\u00eda provenientes de la UE, sumaron 780 millones de libras, lo que evidencia la fuerte dependencia del comercio internacional.<\/p>\n\n\n\n<p>Sin embargo, las restricciones derivadas del Brexit han afectado gravemente la cadena de suministro, y han generado diferentes obst\u00e1culos operativos que limitan el crecimiento del sector.<\/p>\n\n\n\n<p><strong>Factores que frenan el desarrollo<\/strong><\/p>\n\n\n\n<p>A pesar de la importancia de esta industria, aumentar la producci\u00f3n local sigue siendo un reto. La falta de mano de obra es uno de los problemas m\u00e1s urgentes: en 2023, los productores reportaron un d\u00e9ficit del 4 % en las vacantes y lograron cubrir solo el 87 % de la demanda de trabajadores temporales. Adem\u00e1s, el incremento de los costos salariales, las dificultades clim\u00e1ticas y el acceso limitado a tierras agr\u00edcolas est\u00e1n desincentivando la expansi\u00f3n del sector.<\/p>\n\n\n\n<p>Las pol\u00edticas actuales no han hecho m\u00e1s que agravar la situaci\u00f3n. El Common User Charge afecta, principalmente, a las peque\u00f1as y medianas empresas, que representan el 95 % del sector. Asimismo, las deficiencias en los puestos de control fronterizo han generado demoras y p\u00e9rdidas de <em>stock.<\/em> A esto se suma la falta de un acuerdo fitosanitario con la UE. Esta situaci\u00f3n deja a las empresas brit\u00e1nicas en desventaja frente a sus competidores europeos.<\/p>\n\n\n\n<p><strong>Preocupaci\u00f3n en la industria<\/strong><\/p>\n\n\n\n<p>Diversas figuras del sector han manifestado su inquietud por la situaci\u00f3n. Stuart Tickner, de Provender Nurseries, se\u00f1al\u00f3 las dificultades que ha supuesto la implementaci\u00f3n del modelo de objetivos fronterizos (BTOM -por sus siglas en ingl\u00e9s-) y el encarecimiento de las importaciones de plantas. Seg\u00fan Tickner, las trabas impuestas en los controles han llevado a muchos transportistas y productores a dejar de exportar al Reino Unido.<\/p>\n\n\n\n<p>Por su parte, Paolo Arrigo, fundador de Seeds of Italy, critic\u00f3 la falta de eficiencia en el sistema actual, y lo calific\u00f3 de &#8220;loter\u00eda&#8221; para los importadores. Asimismo, Arrigo abog\u00f3 por el regreso a la uni\u00f3n aduanera y al Mercado \u00danico a fin de recuperar la competitividad brit\u00e1nica en el comercio global.<\/p>\n\n\n\n<p>Jennifer Pheasey, directora de Asuntos P\u00fablicos de la HTA, lament\u00f3 la falta de avances en la resoluci\u00f3n de los problemas derivados del Brexit. <em>Los beneficios prometidos a\u00fan no se han materializado, mientras seguimos enfrentando barreras que ponen en peligro nuestras empresas y el comercio<\/em>, advirti\u00f3, instando al Gobierno a actuar con urgencia para mejorar las relaciones con la UE y facilitar los procesos comerciales.<\/p>\n\n\n\n<p><strong>Exigencias de la HTA<\/strong><\/p>\n\n\n\n<p>Ante este panorama, la HTA hace un llamado a las autoridades para que simplifiquen los tr\u00e1mites aduaneros, inviertan en infraestructura adecuada y negocien un acuerdo fitosanitario con la UE, con el prop\u00f3sito de aliviar la carga regulatoria. De no tomarse medidas concretas, el sector corre el riesgo de perder competitividad, limitar la oferta dirigida a los consumidores y frenar el progreso hacia una econom\u00eda m\u00e1s sostenible. La HTA reafirma su compromiso de colaborar con el Gobierno en miras de garantizar un futuro viable para la horticultura brit\u00e1nica, e insta a convertir en realidad las promesas incumplidas del Brexit.<\/p>\n\t\t\t\t\t\t\t\t<\/div>\n\t\t\t\t<\/div>\n\t\t\t\t\t<\/div>\n\t\t\t\t<\/div>\n\t\t<div class=\"elementor-element elementor-element-4fa03d4 e-flex e-con-boxed e-con e-parent\" data-id=\"4fa03d4\" data-element_type=\"container\">\n\t\t\t\t\t<div class=\"e-con-inner\">\n\t\t\t\t<div class=\"elementor-element elementor-element-af7e3fb elementor-widget elementor-widget-text-editor\" data-id=\"af7e3fb\" data-element_type=\"widget\" data-widget_type=\"text-editor.default\">\n\t\t\t\t<div class=\"elementor-widget-container\">\n\t\t\t\t\t\t\t\t\t<h1><span style=\"color: #333333;\">Sobre el autor<\/span><\/h1>\t\t\t\t\t\t\t\t<\/div>\n\t\t\t\t<\/div>\n\t\t\t\t\t<\/div>\n\t\t\t\t<\/div>\n\t\t<div class=\"elementor-element elementor-element-84eb347 e-flex e-con-boxed e-con e-parent\" data-id=\"84eb347\" data-element_type=\"container\">\n\t\t\t\t\t<div class=\"e-con-inner\">\n\t\t\t\t<div class=\"elementor-element elementor-element-89612ad elementor-author-box--link-yes elementor-author-box--avatar-yes elementor-author-box--name-yes elementor-author-box--biography-yes elementor-widget elementor-widget-author-box\" data-id=\"89612ad\" data-element_type=\"widget\" data-widget_type=\"author-box.default\">\n\t\t\t\t<div class=\"elementor-widget-container\">\n\t\t\t\t\t\t\t<div class=\"elementor-author-box\">\n\t\t\t\t\t\t\t<a href=\"https:\/\/economiayviveros.com.ar\/portada\/author\/rachel\/\" class=\"elementor-author-box__avatar\">\n\t\t\t\t\t<img decoding=\"async\" src=\"https:\/\/economiayviveros.com.ar\/portada\/wp-content\/uploads\/2025\/03\/rachel-wakefield-300x300.jpeg\" alt=\"Picture of Rachel Wakefield\" loading=\"lazy\">\n\t\t\t\t<\/a>\n\t\t\t\n\t\t\t<div class=\"elementor-author-box__text\">\n\t\t\t\t\t\t\t\t\t<a href=\"https:\/\/economiayviveros.com.ar\/portada\/author\/rachel\/\">\n\t\t\t\t\t\t<h4 class=\"elementor-author-box__name\">\n\t\t\t\t\t\t\tRachel Wakefield\t\t\t\t\t\t<\/h4>\n\t\t\t\t\t<\/a>\n\t\t\t\t\n\t\t\t\t\t\t\t\t\t<div class=\"elementor-author-box__bio\">\n\t\t\t\t\t\tEditora asociada de la revista FloraCulture International.\r\nRevista socia de medios de Econom\u00eda &amp; Viveros.\t\t\t\t\t<\/div>\n\t\t\t\t\n\t\t\t\t\t\t\t\t\t<a class=\"elementor-author-box__button elementor-button elementor-size-xs\" href=\"https:\/\/economiayviveros.com.ar\/portada\/author\/rachel\/\">\n\t\t\t\t\t\tM\u00e1s notas\t\t\t\t\t<\/a>\n\t\t\t\t\t\t\t<\/div>\n\t\t<\/div>\n\t\t\t\t\t\t<\/div>\n\t\t\t\t<\/div>\n\t\t\t\t\t<\/div>\n\t\t\t\t<\/div>\n\t\t<div class=\"elementor-element elementor-element-cf6d728 e-flex e-con-boxed e-con e-parent\" data-id=\"cf6d728\" data-element_type=\"container\">\n\t\t\t\t\t<div class=\"e-con-inner\">\n\t\t\t\t<div class=\"elementor-element elementor-element-ada629b elementor-widget elementor-widget-text-editor\" data-id=\"ada629b\" data-element_type=\"widget\" data-widget_type=\"text-editor.default\">\n\t\t\t\t<div class=\"elementor-widget-container\">\n\t\t\t\t\t\t\t\t\t<p><strong>Anuncios<\/strong><\/p>\n<p><strong><span style=\"color: #ff6600;\">Glacoxan<\/span> <\/strong>Conoce su l\u00ednea org\u00e1nica: Bio neem (insecticida y acaricida), Jab\u00f3n pot\u00e1sico (insecticida y acaricida), Savia (antiestr\u00e9s). <a href=\"https:\/\/www.glacoxan.com\/\" target=\"_blank\" rel=\"noopener\">www.glacoxan.com<\/a><\/p>\n<p><strong><span style=\"color: #ff6600;\">Cubresuelo<\/span><\/strong> F\u00e1brica de hilados y tejidos realizados en monofilamento de polietileno de alta densidad. <a href=\"https:\/\/textilkopruch.com\/\" target=\"_blank\" rel=\"noopener\">www.textilkopruch.com<\/a><\/p>\n<p><strong><span style=\"color: #ff6600;\">Importaci\u00f3n de semillas y bulbos<\/span><\/strong> Flores para maceta y de corte, arom\u00e1ticas, hortalizas. Alm\u00e1cigos, semillas, plugs y bulbos. <a href=\"https:\/\/economiayviveros.com.ar\/publicidad\/as\/index.html\" target=\"_blank\" rel=\"noopener\">Arie Sonneveldt<\/a><\/p>\n<p style=\"text-align: right;\">Anuncia aqu\u00ed<br \/><span style=\"color: #008000;\"><a style=\"color: #008000;\" href=\"mailto:revista@economiayviveros.com.ar\" target=\"_blank\" rel=\"noopener\">revista@economiayviveros.com.ar<\/a><\/span><\/p>\t\t\t\t\t\t\t\t<\/div>\n\t\t\t\t<\/div>\n\t\t\t\t\t<\/div>\n\t\t\t\t<\/div>\n\t\t\t\t<\/div>\n\t\t","protected":false},"excerpt":{"rendered":"<p>INTERNACIONALES Cuatro a\u00f1os despu\u00e9s de salir de la UE, la floricultura brit\u00e1nica enfrenta altos costos, trabas comerciales y burocracia. La HTA advierte que, sin acuerdos fitosanitarios y mejoras en la log\u00edstica, el sector perder\u00e1 competitividad. <\/p>\n","protected":false},"author":13,"featured_media":1500,"comment_status":"closed","ping_status":"open","sticky":false,"template":"","format":"standard","meta":{"iawp_total_views":5,"footnotes":""},"categories":[3],"tags":[],"class_list":["post-1498","post","type-post","status-publish","format-standard","has-post-thumbnail","hentry","category-actualidad"],"_links":{"self":[{"href":"https:\/\/economiayviveros.com.ar\/portada\/wp-json\/wp\/v2\/posts\/1498","targetHints":{"allow":["GET"]}}],"collection":[{"href":"https:\/\/economiayviveros.com.ar\/portada\/wp-json\/wp\/v2\/posts"}],"about":[{"href":"https:\/\/economiayviveros.com.ar\/portada\/wp-json\/wp\/v2\/types\/post"}],"author":[{"embeddable":true,"href":"https:\/\/economiayviveros.com.ar\/portada\/wp-json\/wp\/v2\/users\/13"}],"replies":[{"embeddable":true,"href":"https:\/\/economiayviveros.com.ar\/portada\/wp-json\/wp\/v2\/comments?post=1498"}],"version-history":[{"count":4,"href":"https:\/\/economiayviveros.com.ar\/portada\/wp-json\/wp\/v2\/posts\/1498\/revisions"}],"predecessor-version":[{"id":1507,"href":"https:\/\/economiayviveros.com.ar\/portada\/wp-json\/wp\/v2\/posts\/1498\/revisions\/1507"}],"wp:featuredmedia":[{"embeddable":true,"href":"https:\/\/economiayviveros.com.ar\/portada\/wp-json\/wp\/v2\/media\/1500"}],"wp:attachment":[{"href":"https:\/\/economiayviveros.com.ar\/portada\/wp-json\/wp\/v2\/media?parent=1498"}],"wp:term":[{"taxonomy":"category","embeddable":true,"href":"https:\/\/economiayviveros.com.ar\/portada\/wp-json\/wp\/v2\/categories?post=1498"},{"taxonomy":"post_tag","embeddable":true,"href":"https:\/\/economiayviveros.com.ar\/portada\/wp-json\/wp\/v2\/tags?post=1498"}],"curies":[{"name":"wp","href":"https:\/\/api.w.org\/{rel}","templated":true}]}}